{"id":15780,"date":"2021-09-19T14:57:58","date_gmt":"2021-09-19T12:57:58","guid":{"rendered":"https:\/\/www.galerie-braunbehrens.de\/?p=15780"},"modified":"2024-07-26T02:57:24","modified_gmt":"2024-07-26T00:57:24","slug":"holde-klis","status":"publish","type":"post","link":"https:\/\/www.galerie-braunbehrens.de\/en\/exhibitedartists\/holde-klis\/","title":{"rendered":"Klis, Holde"},"content":{"rendered":"<div  style='padding-bottom:10px; font-size:80px;' class='av-special-heading av-special-heading-h3  blockquote modern-quote modern-centered  avia-builder-el-0  el_before_av_one_full  avia-builder-el-first  artist-single-title av-inherit-size '><h3 class='av-special-heading-tag '  itemprop=\"headline\"  >Holde Klis<\/h3><div class='special-heading-border'><div class='special-heading-inner-border' ><\/div><\/div><\/div>\n<div class=\"flex_column av_one_full  flex_column_div av-zero-column-padding first  avia-builder-el-1  el_after_av_heading  el_before_av_hr  \" style='border-radius:0px; '><div  class='av-horizontal-gallery av-horizontal-gallery-large-gap av-horizontal-gallery-enlarge-effect av-horizontal-gallery-1  avia-builder-el-2  avia-builder-el-no-sibling  av-control-default '  itemprop=\"image\" itemscope=\"itemscope\" itemtype=\"https:\/\/schema.org\/ImageObject\"  style='padding: 3.75% 0px;' data-av-enlarge='1.3'  ><div class='avia-slideshow-arrows avia-slideshow-controls' ><a href='#prev' class='prev-slide av-horizontal-gallery-prev' aria-hidden='true' data-av_icon='\ue87c' data-av_iconfont='entypo-fontello' aria-hidden='true' tabindex='-1'>Previous<\/a><a href='#next' class='next-slide av-horizontal-gallery-next' aria-hidden='true' data-av_icon='\ue87d' data-av_iconfont='entypo-fontello' aria-hidden='true' tabindex='-1'>Next<\/a><\/div><div class='av-horizontal-gallery-inner' style='padding-bottom:25%' data-av-height='25'><div class='av-horizontal-gallery-slider'><div class='av-horizontal-gallery-wrap noHover'><img decoding=\"async\" class='wp-image-15663 avia-img-lazy-loading-not-15663 av-horizontal-gallery-img' width=\"1000\" height=\"563\" src=\"https:\/\/www.galerie-braunbehrens.de\/wp-content\/uploads\/2021\/08\/website_a_table-Kopie.jpeg\" title='Tricolore, 2020, acryl on canvas, 150 x 120 cm' alt='' srcset=\"https:\/\/www.galerie-braunbehrens.de\/wp-content\/uploads\/2021\/08\/website_a_table-Kopie.jpeg 1000w, https:\/\/www.galerie-braunbehrens.de\/wp-content\/uploads\/2021\/08\/website_a_table-Kopie-300x169.jpeg 300w, https:\/\/www.galerie-braunbehrens.de\/wp-content\/uploads\/2021\/08\/website_a_table-Kopie-768x432.jpeg 768w, https:\/\/www.galerie-braunbehrens.de\/wp-content\/uploads\/2021\/08\/website_a_table-Kopie-705x397.jpeg 705w\" sizes=\"(max-width: 1000px) 100vw, 1000px\" \/><a href=\"https:\/\/www.galerie-braunbehrens.de\/wp-content\/uploads\/2021\/08\/website_a_table-Kopie.jpeg\" data-srcset=\"https:\/\/www.galerie-braunbehrens.de\/wp-content\/uploads\/2021\/08\/website_a_table-Kopie.jpeg 1000w, https:\/\/www.galerie-braunbehrens.de\/wp-content\/uploads\/2021\/08\/website_a_table-Kopie-300x169.jpeg 300w, https:\/\/www.galerie-braunbehrens.de\/wp-content\/uploads\/2021\/08\/website_a_table-Kopie-768x432.jpeg 768w, https:\/\/www.galerie-braunbehrens.de\/wp-content\/uploads\/2021\/08\/website_a_table-Kopie-705x397.jpeg 705w\" data-sizes=\"(max-width: 1000px) 100vw, 1000px\" class='av-horizontal-gallery-link' aria-hidden='true' data-av_icon='\ue869' data-av_iconfont='entypo-fontello' title='Tricolore, 2020, acryl on canvas, 150 x 120 cm' alt=''><\/a><\/div><div class='av-horizontal-gallery-wrap noHover'><img decoding=\"async\" class='wp-image-15665 avia-img-lazy-loading-not-15665 av-horizontal-gallery-img' width=\"1000\" height=\"775\" src=\"https:\/\/www.galerie-braunbehrens.de\/wp-content\/uploads\/2021\/08\/website_erdbeere-Kopie.jpeg\" title='Tricolore, 2020, acryl on canvas, 150 x 120 cm' alt='' srcset=\"https:\/\/www.galerie-braunbehrens.de\/wp-content\/uploads\/2021\/08\/website_erdbeere-Kopie.jpeg 1000w, https:\/\/www.galerie-braunbehrens.de\/wp-content\/uploads\/2021\/08\/website_erdbeere-Kopie-300x233.jpeg 300w, https:\/\/www.galerie-braunbehrens.de\/wp-content\/uploads\/2021\/08\/website_erdbeere-Kopie-768x595.jpeg 768w, https:\/\/www.galerie-braunbehrens.de\/wp-content\/uploads\/2021\/08\/website_erdbeere-Kopie-705x546.jpeg 705w\" sizes=\"(max-width: 1000px) 100vw, 1000px\" \/><a href=\"https:\/\/www.galerie-braunbehrens.de\/wp-content\/uploads\/2021\/08\/website_erdbeere-Kopie.jpeg\" data-srcset=\"https:\/\/www.galerie-braunbehrens.de\/wp-content\/uploads\/2021\/08\/website_erdbeere-Kopie.jpeg 1000w, https:\/\/www.galerie-braunbehrens.de\/wp-content\/uploads\/2021\/08\/website_erdbeere-Kopie-300x233.jpeg 300w, https:\/\/www.galerie-braunbehrens.de\/wp-content\/uploads\/2021\/08\/website_erdbeere-Kopie-768x595.jpeg 768w, https:\/\/www.galerie-braunbehrens.de\/wp-content\/uploads\/2021\/08\/website_erdbeere-Kopie-705x546.jpeg 705w\" data-sizes=\"(max-width: 1000px) 100vw, 1000px\" class='av-horizontal-gallery-link' aria-hidden='true' data-av_icon='\ue869' data-av_iconfont='entypo-fontello' title='Tricolore, 2020, acryl on canvas, 150 x 120 cm' alt=''><\/a><\/div><\/div><\/div><\/div><\/div>\n<div  style='height:70px' class='hr hr-invisible  av-mini-hide  avia-builder-el-3  el_after_av_one_full  el_before_av_one_half '><span class='hr-inner ' ><span class='hr-inner-style'><\/span><\/span><\/div>\n<div class='flex_column_table av-equal-height-column-flextable av-break-at-tablet-flextable' ><div class=\"flex_column av_one_half  av-break-at-tablet flex_column_table_cell av-equal-height-column av-align-top av-zero-column-padding first  avia-builder-el-4  el_after_av_hr  el_before_av_one_half  \" style='border-radius:0px; '><div  class='avia-image-container  av-styling-no-styling    avia-builder-el-5  avia-builder-el-no-sibling  artist-profil-single avia-align-left '  itemprop=\"image\" itemscope=\"itemscope\" itemtype=\"https:\/\/schema.org\/ImageObject\"  ><div class='avia-image-container-inner'><div class='avia-image-overlay-wrap'><img decoding=\"async\" class='wp-image-15667 avia-img-lazy-loading-not-15667 avia_image' src=\"https:\/\/www.galerie-braunbehrens.de\/wp-content\/uploads\/2021\/08\/Holde-Klis.jpg\" alt='' title='Holde Klis' height=\"952\" width=\"409\"  itemprop=\"thumbnailUrl\" srcset=\"https:\/\/www.galerie-braunbehrens.de\/wp-content\/uploads\/2021\/08\/Holde-Klis.jpg 409w, https:\/\/www.galerie-braunbehrens.de\/wp-content\/uploads\/2021\/08\/Holde-Klis-129x300.jpg 129w, https:\/\/www.galerie-braunbehrens.de\/wp-content\/uploads\/2021\/08\/Holde-Klis-303x705.jpg 303w\" sizes=\"(max-width: 409px) 100vw, 409px\" \/><\/div><\/div><\/div><\/div>\n<div class='av-flex-placeholder'><\/div><div class=\"flex_column av_one_half  av-break-at-tablet flex_column_table_cell av-equal-height-column av-align-top av-zero-column-padding   avia-builder-el-6  el_after_av_one_half  el_before_av_one_full  \" style='border-radius:0px; '><p><div  style='padding-bottom:10px; font-size:40px;' class='av-special-heading av-special-heading-h3  blockquote modern-quote  avia-builder-el-7  el_before_av_table  avia-builder-el-first  av-inherit-size '><h3 class='av-special-heading-tag '  itemprop=\"headline\"  >Biography<\/h3><div class='special-heading-border'><div class='special-heading-inner-border' ><\/div><\/div><\/div><br \/>\n<div class='avia-data-table-wrap avia_responsive_table'><table  class='avia-table avia-data-table avia-table-1  avia-builder-el-8  el_after_av_heading  el_before_av_textblock  artist-table avia_pricing_default '  itemscope=\"itemscope\" itemtype=\"https:\/\/schema.org\/Table\" ><tbody><tr class=''><th class='avia-desc-col'>1943<\/th><td class=''>Born<br \/>\n<\/td><\/tr><tr class=''><th class='avia-desc-col'><\/th><td class=''>Training to become an economic correspondent<br \/>\nand translator<br \/>\n<\/td><\/tr><tr class=''><th class='avia-desc-col'>since 1985<\/th><td class=''>parallel to professional activity<br \/>\nArtistic training:<br \/>\n. Summer Academy Salzburg (Xenia Hausner,<br \/>\nLuis Murschetz, Prof. Jiri Salamoun)<br \/>\n. Summer academy Traunkirchen<br \/>\n(Xenia Hausner, Prof. Georg Ritter)<br \/>\n. Summer Academy Capri (Prof. Hans Daucher)<br \/>\n. Seminar Atelier Prof. Roger Dale, Strasburg<br \/>\n. Seminar Georg Glaser, Bernau \/Belgium<br \/>\n. Atelier Hans K\u00f6hler, Stuttgart<br \/>\n. Atelier Herbert G\u00fcntherberg, Herrenberg<br \/>\n. Work in the Atelier Prof. Wayan Karja, Ubud \/Bali<br \/>\n<\/td><\/tr><tr class=''><th class='avia-desc-col'>since 1995<\/th><td class=''>Co-construction of Roman Klis Design.<br \/>\nSince the foundation of Roman Klis Design GmbH<br \/>\n2000 Managing Director until the end of 2014.<br \/>\n<\/td><\/tr><\/tbody><\/table><\/div><style type='text\/css'>.avia-table-1 td:nth-of-type(1):before { content: '1943'; } <\/style><br \/>\n<section class=\"av_textblock_section \"  itemscope=\"itemscope\" itemtype=\"https:\/\/schema.org\/BlogPosting\" itemprop=\"blogPost\" ><div class='avia_textblock  '   itemprop=\"text\" ><p>The artist lives and works in Stuttgart.<\/p>\n<\/div><\/section><\/p><\/div><\/div><!--close column table wrapper. Autoclose: 1 --><div class=\"flex_column av_one_full  av-break-at-tablet flex_column_div av-zero-column-padding first  avia-builder-el-10  el_after_av_one_half  el_before_av_section  avia-builder-el-last  column-top-margin\" style='border-radius:0px; '><p><div  style='padding-bottom:10px; font-size:40px;' class='av-special-heading av-special-heading-h3  blockquote modern-quote  avia-builder-el-11  el_before_av_table  avia-builder-el-first  av-inherit-size '><h3 class='av-special-heading-tag '  itemprop=\"headline\"  >Exhibitions (Selection)<\/h3><div class='special-heading-border'><div class='special-heading-inner-border' ><\/div><\/div><\/div><br \/>\n<div class='avia-data-table-wrap avia_responsive_table'><table  class='avia-table avia-data-table avia-table-2  avia-builder-el-12  el_after_av_heading  avia-builder-el-last  artist-table avia_pricing_default '  itemscope=\"itemscope\" itemtype=\"https:\/\/schema.org\/Table\" ><tbody><tr class=''><th class='avia-desc-col'>2021<\/th><td class=''>hingeschaut &#8211; aufgepa\u00dft &#8211; umgesetzt, Stift Bad Urach<br \/>\nUnwiderstehlich, &#8220;Seeresidenz Alte Post&#8221; in Seeshaupt am Starnberger See<br \/>\nNominierung zum Kunstpreis Sparkasse Karlsruhe 2021, Ausstellung des 44. Kunstpreises: Fensterbilder, digitale Kunstpreis-Ausstellung der Kulturstiftung der Sparkasse Karlsruhe<\/td><\/tr><tr class=''><th class='avia-desc-col'>2020<\/th><td class=''>Die Leichtigkeit des Scheins, GALERIE der Stadt Herrenberg<br \/>\nart Karlsruhe, Teilnahme an der Sonderausstellung HPH (Hans Peter Haas)<\/td><\/tr><tr class=''><th class='avia-desc-col'>2019<\/th><td class=''>Mitgliederausstellung Galerie Kunsth\u00f6fle Bad Cannstatt<br \/>\nHaus der Wirtschaft (Keplersaal), Stuttgart<br \/>\nCreative Flash im Goldknopf, Goldknopf Stuttgart<\/td><\/tr><tr class=''><th class='avia-desc-col'>2018<\/th><td class=''>Mitgliederausstellung Galerie Kunsth\u00f6fle Bad Cannstatt<br \/>\nEndlich Fr\u00fchling, Landgericht Stuttgart<br \/>\nFarbenfrohe Lustobjekte &#8211; oder was?, S\u00dcDWESTBANK-Kundencenter, Stuttgart<\/td><\/tr><tr class=''><th class='avia-desc-col'>2017<\/th><td class=''>zwischen Samt und Seide, Goldknopf Stuttgart<br \/>\nMitgliederausstellung Galerie Kunsth\u00f6fle Bad Cannstatt<br \/>\nArbeiten von Holde Klis Kreissparkasse Herrenberg<\/td><\/tr><tr class=''><th class='avia-desc-col'>2016<\/th><td class=''>Kalenderschau, Mitgliederausstellung Galerie Kunsth\u00f6fle Bad Cannstatt<br \/>\n32. Dezember, Mitgliederausstellung Galerie Kunsth\u00f6fle Bad Cannstatt<br \/>\nWerkschau Holde Klis, Galerie Kunsth\u00f6fle Bad Cannstatt <\/td><\/tr><tr class=''><th class='avia-desc-col'>2011<\/th><td class=''>September &#8211; Herbst-Zeit-Los, Das Galerie Loft am Englischen Garten, M\u00fcnchen Galerie f\u00fcr Zeitgen\u00f6ssische Kunst Anna-Maria Burger, M\u00fcnchen<br \/>\nKarneval der Tiere, Das Galerie Loft am Englischen Garten, M\u00fcnchen Galerie f\u00fcr Zeitgen\u00f6ssische Kunst Anna-Maria Burger, M\u00fcnchen <\/td><\/tr><\/tbody><\/table><\/div><style type='text\/css'>.avia-table-2 td:nth-of-type(1):before { content: '2021'; } <\/style><\/p><\/div><\/p>\n<\/div><\/div><\/div><!-- close content main div --><\/div><\/div><div id='av_section_1'  class='avia-section main_color avia-section-default avia-no-border-styling  avia-bg-style-scroll  avia-builder-el-13  el_after_av_one_full  avia-builder-el-last  single-artist-exibitions-list  container_wrap sidebar_right' style=' '  ><div class='container' ><div class='template-page content  av-content-small alpha units'><div class='post-entry post-entry-type-page post-entry-15780'><div class='entry-content-wrapper clearfix'>\n<div class=\"flex_column av_one_full  flex_column_div av-zero-column-padding first  avia-builder-el-14  avia-builder-el-no-sibling  \" style='border-radius:0px; '><div  style='padding-bottom:30px; font-size:40px;' class='av-special-heading av-special-heading-h3  blockquote modern-quote  avia-builder-el-15  avia-builder-el-no-sibling  av-inherit-size '><h3 class='av-special-heading-tag '  itemprop=\"headline\"  >Exhibitions<\/h3><div class='special-heading-border'><div class='special-heading-inner-border' ><\/div><\/div><\/div><\/div>\n<\/div><\/div><\/div><!-- close content main div --><\/div><\/div><div id='after_section_1'  class='main_color av_default_container_wrap container_wrap sidebar_right' style=' '  ><div class='container' ><div class='template-page content  av-content-small alpha units'><div class='post-entry post-entry-type-page post-entry-15780'><div class='entry-content-wrapper clearfix'>\n","protected":false},"excerpt":{"rendered":"","protected":false},"author":13,"featured_media":15673,"comment_status":"closed","ping_status":"closed","sticky":false,"template":"","format":"standard","meta":[],"categories":[68],"tags":[589,432],"aioseo_notices":[],"_links":{"self":[{"href":"https:\/\/www.galerie-braunbehrens.de\/en\/wp-json\/wp\/v2\/posts\/15780"}],"collection":[{"href":"https:\/\/www.galerie-braunbehrens.de\/en\/wp-json\/wp\/v2\/posts"}],"about":[{"href":"https:\/\/www.galerie-braunbehrens.de\/en\/wp-json\/wp\/v2\/types\/post"}],"author":[{"embeddable":true,"href":"https:\/\/www.galerie-braunbehrens.de\/en\/wp-json\/wp\/v2\/users\/13"}],"replies":[{"embeddable":true,"href":"https:\/\/www.galerie-braunbehrens.de\/en\/wp-json\/wp\/v2\/comments?post=15780"}],"version-history":[{"count":7,"href":"https:\/\/www.galerie-braunbehrens.de\/en\/wp-json\/wp\/v2\/posts\/15780\/revisions"}],"predecessor-version":[{"id":23097,"href":"https:\/\/www.galerie-braunbehrens.de\/en\/wp-json\/wp\/v2\/posts\/15780\/revisions\/23097"}],"wp:featuredmedia":[{"embeddable":true,"href":"https:\/\/www.galerie-braunbehrens.de\/en\/wp-json\/wp\/v2\/media\/15673"}],"wp:attachment":[{"href":"https:\/\/www.galerie-braunbehrens.de\/en\/wp-json\/wp\/v2\/media?parent=15780"}],"wp:term":[{"taxonomy":"category","embeddable":true,"href":"https:\/\/www.galerie-braunbehrens.de\/en\/wp-json\/wp\/v2\/categories?post=15780"},{"taxonomy":"post_tag","embeddable":true,"href":"https:\/\/www.galerie-braunbehrens.de\/en\/wp-json\/wp\/v2\/tags?post=15780"}],"curies":[{"name":"wp","href":"https:\/\/api.w.org\/{rel}","templated":true}]}}