{"id":2864,"date":"2018-12-08T15:18:12","date_gmt":"2018-12-08T14:18:12","guid":{"rendered":"http:\/\/stage.galerie-braunbehrens.de\/?p=2864"},"modified":"2024-11-12T15:26:43","modified_gmt":"2024-11-12T14:26:43","slug":"sami-lukkarinen","status":"publish","type":"post","link":"https:\/\/www.galerie-braunbehrens.de\/en\/artists\/sami-lukkarinen\/","title":{"rendered":"Lukkarinen, Sami"},"content":{"rendered":"<div  style='padding-bottom:10px; font-size:80px;' class='av-special-heading av-special-heading-h3  blockquote modern-quote modern-centered  avia-builder-el-0  el_before_av_one_full  avia-builder-el-first  artist-single-title av-inherit-size '><h3 class='av-special-heading-tag '  itemprop=\"headline\"  >Sami Lukkarinen<\/h3><div class='special-heading-border'><div class='special-heading-inner-border' ><\/div><\/div><\/div>\n<div class=\"flex_column av_one_full  flex_column_div av-zero-column-padding first  avia-builder-el-1  el_after_av_heading  el_before_av_hr  \" style='border-radius:0px; '><div  class='av-horizontal-gallery av-horizontal-gallery-large-gap av-horizontal-gallery-enlarge-effect av-horizontal-gallery-1  avia-builder-el-2  avia-builder-el-no-sibling  av-control-default '  itemprop=\"image\" itemscope=\"itemscope\" itemtype=\"https:\/\/schema.org\/ImageObject\"  style='padding: 3.75% 0px;' data-av-enlarge='1.3'  ><div class='avia-slideshow-arrows avia-slideshow-controls' ><a href='#prev' class='prev-slide av-horizontal-gallery-prev' aria-hidden='true' data-av_icon='\ue87c' data-av_iconfont='entypo-fontello' aria-hidden='true' tabindex='-1'>Previous<\/a><a href='#next' class='next-slide av-horizontal-gallery-next' aria-hidden='true' data-av_icon='\ue87d' data-av_iconfont='entypo-fontello' aria-hidden='true' tabindex='-1'>Next<\/a><\/div><div class='av-horizontal-gallery-inner' style='padding-bottom:25%' data-av-height='25'><div class='av-horizontal-gallery-slider'><div class='av-horizontal-gallery-wrap noHover'><img decoding=\"async\" class='wp-image-23519 avia-img-lazy-loading-not-23519 av-horizontal-gallery-img' width=\"807\" height=\"1030\" src=\"https:\/\/www.galerie-braunbehrens.de\/wp-content\/uploads\/2018\/11\/Vincent-90x70cm-807x1030.jpg\" title='Vincent 90x70cm' alt='' srcset=\"https:\/\/www.galerie-braunbehrens.de\/wp-content\/uploads\/2018\/11\/Vincent-90x70cm-807x1030.jpg 807w, https:\/\/www.galerie-braunbehrens.de\/wp-content\/uploads\/2018\/11\/Vincent-90x70cm-235x300.jpg 235w, https:\/\/www.galerie-braunbehrens.de\/wp-content\/uploads\/2018\/11\/Vincent-90x70cm-768x980.jpg 768w, https:\/\/www.galerie-braunbehrens.de\/wp-content\/uploads\/2018\/11\/Vincent-90x70cm-552x705.jpg 552w, https:\/\/www.galerie-braunbehrens.de\/wp-content\/uploads\/2018\/11\/Vincent-90x70cm.jpg 940w\" sizes=\"(max-width: 807px) 100vw, 807px\" \/><a href=\"https:\/\/www.galerie-braunbehrens.de\/wp-content\/uploads\/2018\/11\/Vincent-90x70cm-807x1030.jpg\" data-srcset=\"https:\/\/www.galerie-braunbehrens.de\/wp-content\/uploads\/2018\/11\/Vincent-90x70cm-807x1030.jpg 807w, https:\/\/www.galerie-braunbehrens.de\/wp-content\/uploads\/2018\/11\/Vincent-90x70cm-235x300.jpg 235w, https:\/\/www.galerie-braunbehrens.de\/wp-content\/uploads\/2018\/11\/Vincent-90x70cm-768x980.jpg 768w, https:\/\/www.galerie-braunbehrens.de\/wp-content\/uploads\/2018\/11\/Vincent-90x70cm-552x705.jpg 552w, https:\/\/www.galerie-braunbehrens.de\/wp-content\/uploads\/2018\/11\/Vincent-90x70cm.jpg 940w\" data-sizes=\"(max-width: 807px) 100vw, 807px\" class='av-horizontal-gallery-link' aria-hidden='true' data-av_icon='\ue869' data-av_iconfont='entypo-fontello' title='Vincent 90x70cm' alt=''><\/a><\/div><div class='av-horizontal-gallery-wrap noHover'><img decoding=\"async\" class='wp-image-23523 avia-img-lazy-loading-not-23523 av-horizontal-gallery-img' width=\"899\" height=\"1030\" src=\"https:\/\/www.galerie-braunbehrens.de\/wp-content\/uploads\/2018\/11\/Young-Marilyn-12-200x160cm-899x1030.jpg\" title='Young Marilyn 12 200x160cm' alt='' srcset=\"https:\/\/www.galerie-braunbehrens.de\/wp-content\/uploads\/2018\/11\/Young-Marilyn-12-200x160cm-899x1030.jpg 899w, https:\/\/www.galerie-braunbehrens.de\/wp-content\/uploads\/2018\/11\/Young-Marilyn-12-200x160cm-262x300.jpg 262w, https:\/\/www.galerie-braunbehrens.de\/wp-content\/uploads\/2018\/11\/Young-Marilyn-12-200x160cm-768x880.jpg 768w, https:\/\/www.galerie-braunbehrens.de\/wp-content\/uploads\/2018\/11\/Young-Marilyn-12-200x160cm-615x705.jpg 615w, https:\/\/www.galerie-braunbehrens.de\/wp-content\/uploads\/2018\/11\/Young-Marilyn-12-200x160cm.jpg 1047w\" sizes=\"(max-width: 899px) 100vw, 899px\" \/><a href=\"https:\/\/www.galerie-braunbehrens.de\/wp-content\/uploads\/2018\/11\/Young-Marilyn-12-200x160cm-899x1030.jpg\" data-srcset=\"https:\/\/www.galerie-braunbehrens.de\/wp-content\/uploads\/2018\/11\/Young-Marilyn-12-200x160cm-899x1030.jpg 899w, https:\/\/www.galerie-braunbehrens.de\/wp-content\/uploads\/2018\/11\/Young-Marilyn-12-200x160cm-262x300.jpg 262w, https:\/\/www.galerie-braunbehrens.de\/wp-content\/uploads\/2018\/11\/Young-Marilyn-12-200x160cm-768x880.jpg 768w, https:\/\/www.galerie-braunbehrens.de\/wp-content\/uploads\/2018\/11\/Young-Marilyn-12-200x160cm-615x705.jpg 615w, https:\/\/www.galerie-braunbehrens.de\/wp-content\/uploads\/2018\/11\/Young-Marilyn-12-200x160cm.jpg 1047w\" data-sizes=\"(max-width: 899px) 100vw, 899px\" class='av-horizontal-gallery-link' aria-hidden='true' data-av_icon='\ue869' data-av_iconfont='entypo-fontello' title='Young Marilyn 12 200x160cm' alt=''><\/a><\/div><div class='av-horizontal-gallery-wrap noHover'><img decoding=\"async\" class='wp-image-23481 avia-img-lazy-loading-not-23481 av-horizontal-gallery-img' width=\"1030\" height=\"1030\" src=\"https:\/\/www.galerie-braunbehrens.de\/wp-content\/uploads\/2018\/11\/Big-Painting-2-160x160cm-1030x1030.jpg\" title='Big Painting 2 160x160cm' alt='' srcset=\"https:\/\/www.galerie-braunbehrens.de\/wp-content\/uploads\/2018\/11\/Big-Painting-2-160x160cm-1030x1030.jpg 1030w, https:\/\/www.galerie-braunbehrens.de\/wp-content\/uploads\/2018\/11\/Big-Painting-2-160x160cm-300x300.jpg 300w, https:\/\/www.galerie-braunbehrens.de\/wp-content\/uploads\/2018\/11\/Big-Painting-2-160x160cm-80x80.jpg 80w, https:\/\/www.galerie-braunbehrens.de\/wp-content\/uploads\/2018\/11\/Big-Painting-2-160x160cm-768x768.jpg 768w, https:\/\/www.galerie-braunbehrens.de\/wp-content\/uploads\/2018\/11\/Big-Painting-2-160x160cm-36x36.jpg 36w, https:\/\/www.galerie-braunbehrens.de\/wp-content\/uploads\/2018\/11\/Big-Painting-2-160x160cm-180x180.jpg 180w, https:\/\/www.galerie-braunbehrens.de\/wp-content\/uploads\/2018\/11\/Big-Painting-2-160x160cm-705x705.jpg 705w, https:\/\/www.galerie-braunbehrens.de\/wp-content\/uploads\/2018\/11\/Big-Painting-2-160x160cm.jpg 1200w\" sizes=\"(max-width: 1030px) 100vw, 1030px\" \/><a href=\"https:\/\/www.galerie-braunbehrens.de\/wp-content\/uploads\/2018\/11\/Big-Painting-2-160x160cm-1030x1030.jpg\" data-srcset=\"https:\/\/www.galerie-braunbehrens.de\/wp-content\/uploads\/2018\/11\/Big-Painting-2-160x160cm-1030x1030.jpg 1030w, https:\/\/www.galerie-braunbehrens.de\/wp-content\/uploads\/2018\/11\/Big-Painting-2-160x160cm-300x300.jpg 300w, https:\/\/www.galerie-braunbehrens.de\/wp-content\/uploads\/2018\/11\/Big-Painting-2-160x160cm-80x80.jpg 80w, https:\/\/www.galerie-braunbehrens.de\/wp-content\/uploads\/2018\/11\/Big-Painting-2-160x160cm-768x768.jpg 768w, https:\/\/www.galerie-braunbehrens.de\/wp-content\/uploads\/2018\/11\/Big-Painting-2-160x160cm-36x36.jpg 36w, https:\/\/www.galerie-braunbehrens.de\/wp-content\/uploads\/2018\/11\/Big-Painting-2-160x160cm-180x180.jpg 180w, https:\/\/www.galerie-braunbehrens.de\/wp-content\/uploads\/2018\/11\/Big-Painting-2-160x160cm-705x705.jpg 705w, https:\/\/www.galerie-braunbehrens.de\/wp-content\/uploads\/2018\/11\/Big-Painting-2-160x160cm.jpg 1200w\" data-sizes=\"(max-width: 1030px) 100vw, 1030px\" class='av-horizontal-gallery-link' aria-hidden='true' data-av_icon='\ue869' data-av_iconfont='entypo-fontello' title='Big Painting 2 160x160cm' alt=''><\/a><\/div><div class='av-horizontal-gallery-wrap noHover'><img decoding=\"async\" class='wp-image-23521 avia-img-lazy-loading-not-23521 av-horizontal-gallery-img' width=\"1024\" height=\"1030\" src=\"https:\/\/www.galerie-braunbehrens.de\/wp-content\/uploads\/2018\/11\/Young-Marilyn-1-180x180cm-1024x1030.jpg\" title='Young Marilyn 1 180x180cm' alt='' srcset=\"https:\/\/www.galerie-braunbehrens.de\/wp-content\/uploads\/2018\/11\/Young-Marilyn-1-180x180cm-1024x1030.jpg 1024w, https:\/\/www.galerie-braunbehrens.de\/wp-content\/uploads\/2018\/11\/Young-Marilyn-1-180x180cm-298x300.jpg 298w, https:\/\/www.galerie-braunbehrens.de\/wp-content\/uploads\/2018\/11\/Young-Marilyn-1-180x180cm-80x80.jpg 80w, https:\/\/www.galerie-braunbehrens.de\/wp-content\/uploads\/2018\/11\/Young-Marilyn-1-180x180cm-768x773.jpg 768w, https:\/\/www.galerie-braunbehrens.de\/wp-content\/uploads\/2018\/11\/Young-Marilyn-1-180x180cm-36x36.jpg 36w, https:\/\/www.galerie-braunbehrens.de\/wp-content\/uploads\/2018\/11\/Young-Marilyn-1-180x180cm-180x180.jpg 180w, https:\/\/www.galerie-braunbehrens.de\/wp-content\/uploads\/2018\/11\/Young-Marilyn-1-180x180cm-701x705.jpg 701w, https:\/\/www.galerie-braunbehrens.de\/wp-content\/uploads\/2018\/11\/Young-Marilyn-1-180x180cm.jpg 1193w\" sizes=\"(max-width: 1024px) 100vw, 1024px\" \/><a href=\"https:\/\/www.galerie-braunbehrens.de\/wp-content\/uploads\/2018\/11\/Young-Marilyn-1-180x180cm-1024x1030.jpg\" data-srcset=\"https:\/\/www.galerie-braunbehrens.de\/wp-content\/uploads\/2018\/11\/Young-Marilyn-1-180x180cm-1024x1030.jpg 1024w, https:\/\/www.galerie-braunbehrens.de\/wp-content\/uploads\/2018\/11\/Young-Marilyn-1-180x180cm-298x300.jpg 298w, https:\/\/www.galerie-braunbehrens.de\/wp-content\/uploads\/2018\/11\/Young-Marilyn-1-180x180cm-80x80.jpg 80w, https:\/\/www.galerie-braunbehrens.de\/wp-content\/uploads\/2018\/11\/Young-Marilyn-1-180x180cm-768x773.jpg 768w, https:\/\/www.galerie-braunbehrens.de\/wp-content\/uploads\/2018\/11\/Young-Marilyn-1-180x180cm-36x36.jpg 36w, https:\/\/www.galerie-braunbehrens.de\/wp-content\/uploads\/2018\/11\/Young-Marilyn-1-180x180cm-180x180.jpg 180w, https:\/\/www.galerie-braunbehrens.de\/wp-content\/uploads\/2018\/11\/Young-Marilyn-1-180x180cm-701x705.jpg 701w, https:\/\/www.galerie-braunbehrens.de\/wp-content\/uploads\/2018\/11\/Young-Marilyn-1-180x180cm.jpg 1193w\" data-sizes=\"(max-width: 1024px) 100vw, 1024px\" class='av-horizontal-gallery-link' aria-hidden='true' data-av_icon='\ue869' data-av_iconfont='entypo-fontello' title='Young Marilyn 1 180x180cm' alt=''><\/a><\/div><div class='av-horizontal-gallery-wrap noHover'><img decoding=\"async\" class='wp-image-23485 avia-img-lazy-loading-not-23485 av-horizontal-gallery-img' width=\"1030\" height=\"1025\" src=\"https:\/\/www.galerie-braunbehrens.de\/wp-content\/uploads\/2018\/11\/Curly-Portrait-2-90x90cm-1030x1025.jpg\" title='Curly Portrait 2 90x90cm' alt='' srcset=\"https:\/\/www.galerie-braunbehrens.de\/wp-content\/uploads\/2018\/11\/Curly-Portrait-2-90x90cm-1030x1025.jpg 1030w, https:\/\/www.galerie-braunbehrens.de\/wp-content\/uploads\/2018\/11\/Curly-Portrait-2-90x90cm-300x300.jpg 300w, https:\/\/www.galerie-braunbehrens.de\/wp-content\/uploads\/2018\/11\/Curly-Portrait-2-90x90cm-80x80.jpg 80w, https:\/\/www.galerie-braunbehrens.de\/wp-content\/uploads\/2018\/11\/Curly-Portrait-2-90x90cm-768x764.jpg 768w, https:\/\/www.galerie-braunbehrens.de\/wp-content\/uploads\/2018\/11\/Curly-Portrait-2-90x90cm-36x36.jpg 36w, https:\/\/www.galerie-braunbehrens.de\/wp-content\/uploads\/2018\/11\/Curly-Portrait-2-90x90cm-180x180.jpg 180w, https:\/\/www.galerie-braunbehrens.de\/wp-content\/uploads\/2018\/11\/Curly-Portrait-2-90x90cm-705x701.jpg 705w, https:\/\/www.galerie-braunbehrens.de\/wp-content\/uploads\/2018\/11\/Curly-Portrait-2-90x90cm.jpg 1206w\" sizes=\"(max-width: 1030px) 100vw, 1030px\" \/><a href=\"https:\/\/www.galerie-braunbehrens.de\/wp-content\/uploads\/2018\/11\/Curly-Portrait-2-90x90cm-1030x1025.jpg\" data-srcset=\"https:\/\/www.galerie-braunbehrens.de\/wp-content\/uploads\/2018\/11\/Curly-Portrait-2-90x90cm-1030x1025.jpg 1030w, https:\/\/www.galerie-braunbehrens.de\/wp-content\/uploads\/2018\/11\/Curly-Portrait-2-90x90cm-300x300.jpg 300w, https:\/\/www.galerie-braunbehrens.de\/wp-content\/uploads\/2018\/11\/Curly-Portrait-2-90x90cm-80x80.jpg 80w, https:\/\/www.galerie-braunbehrens.de\/wp-content\/uploads\/2018\/11\/Curly-Portrait-2-90x90cm-768x764.jpg 768w, https:\/\/www.galerie-braunbehrens.de\/wp-content\/uploads\/2018\/11\/Curly-Portrait-2-90x90cm-36x36.jpg 36w, https:\/\/www.galerie-braunbehrens.de\/wp-content\/uploads\/2018\/11\/Curly-Portrait-2-90x90cm-180x180.jpg 180w, https:\/\/www.galerie-braunbehrens.de\/wp-content\/uploads\/2018\/11\/Curly-Portrait-2-90x90cm-705x701.jpg 705w, https:\/\/www.galerie-braunbehrens.de\/wp-content\/uploads\/2018\/11\/Curly-Portrait-2-90x90cm.jpg 1206w\" data-sizes=\"(max-width: 1030px) 100vw, 1030px\" class='av-horizontal-gallery-link' aria-hidden='true' data-av_icon='\ue869' data-av_iconfont='entypo-fontello' title='Curly Portrait 2 90x90cm' alt=''><\/a><\/div><div class='av-horizontal-gallery-wrap noHover'><img decoding=\"async\" class='wp-image-23505 avia-img-lazy-loading-not-23505 av-horizontal-gallery-img' width=\"797\" height=\"1030\" src=\"https:\/\/www.galerie-braunbehrens.de\/wp-content\/uploads\/2018\/11\/Painting-90x70cm1-797x1030.jpg\" title='Painting 90x70cm(1)' alt='' srcset=\"https:\/\/www.galerie-braunbehrens.de\/wp-content\/uploads\/2018\/11\/Painting-90x70cm1-797x1030.jpg 797w, https:\/\/www.galerie-braunbehrens.de\/wp-content\/uploads\/2018\/11\/Painting-90x70cm1-232x300.jpg 232w, https:\/\/www.galerie-braunbehrens.de\/wp-content\/uploads\/2018\/11\/Painting-90x70cm1-768x993.jpg 768w, https:\/\/www.galerie-braunbehrens.de\/wp-content\/uploads\/2018\/11\/Painting-90x70cm1-545x705.jpg 545w, https:\/\/www.galerie-braunbehrens.de\/wp-content\/uploads\/2018\/11\/Painting-90x70cm1.jpg 928w\" sizes=\"(max-width: 797px) 100vw, 797px\" \/><a href=\"https:\/\/www.galerie-braunbehrens.de\/wp-content\/uploads\/2018\/11\/Painting-90x70cm1-797x1030.jpg\" data-srcset=\"https:\/\/www.galerie-braunbehrens.de\/wp-content\/uploads\/2018\/11\/Painting-90x70cm1-797x1030.jpg 797w, https:\/\/www.galerie-braunbehrens.de\/wp-content\/uploads\/2018\/11\/Painting-90x70cm1-232x300.jpg 232w, https:\/\/www.galerie-braunbehrens.de\/wp-content\/uploads\/2018\/11\/Painting-90x70cm1-768x993.jpg 768w, https:\/\/www.galerie-braunbehrens.de\/wp-content\/uploads\/2018\/11\/Painting-90x70cm1-545x705.jpg 545w, https:\/\/www.galerie-braunbehrens.de\/wp-content\/uploads\/2018\/11\/Painting-90x70cm1.jpg 928w\" data-sizes=\"(max-width: 797px) 100vw, 797px\" class='av-horizontal-gallery-link' aria-hidden='true' data-av_icon='\ue869' data-av_iconfont='entypo-fontello' title='Painting 90x70cm(1)' alt=''><\/a><\/div><div class='av-horizontal-gallery-wrap noHover'><img decoding=\"async\" class='wp-image-23495 avia-img-lazy-loading-not-23495 av-horizontal-gallery-img' width=\"693\" height=\"1030\" src=\"https:\/\/www.galerie-braunbehrens.de\/wp-content\/uploads\/2018\/11\/Minttu-45x30cm-693x1030.jpg\" title='Minttu 45x30cm' alt='' srcset=\"https:\/\/www.galerie-braunbehrens.de\/wp-content\/uploads\/2018\/11\/Minttu-45x30cm-693x1030.jpg 693w, https:\/\/www.galerie-braunbehrens.de\/wp-content\/uploads\/2018\/11\/Minttu-45x30cm-202x300.jpg 202w, https:\/\/www.galerie-braunbehrens.de\/wp-content\/uploads\/2018\/11\/Minttu-45x30cm-768x1142.jpg 768w, https:\/\/www.galerie-braunbehrens.de\/wp-content\/uploads\/2018\/11\/Minttu-45x30cm-474x705.jpg 474w, https:\/\/www.galerie-braunbehrens.de\/wp-content\/uploads\/2018\/11\/Minttu-45x30cm.jpg 807w\" sizes=\"(max-width: 693px) 100vw, 693px\" \/><a href=\"https:\/\/www.galerie-braunbehrens.de\/wp-content\/uploads\/2018\/11\/Minttu-45x30cm-693x1030.jpg\" data-srcset=\"https:\/\/www.galerie-braunbehrens.de\/wp-content\/uploads\/2018\/11\/Minttu-45x30cm-693x1030.jpg 693w, https:\/\/www.galerie-braunbehrens.de\/wp-content\/uploads\/2018\/11\/Minttu-45x30cm-202x300.jpg 202w, https:\/\/www.galerie-braunbehrens.de\/wp-content\/uploads\/2018\/11\/Minttu-45x30cm-768x1142.jpg 768w, https:\/\/www.galerie-braunbehrens.de\/wp-content\/uploads\/2018\/11\/Minttu-45x30cm-474x705.jpg 474w, https:\/\/www.galerie-braunbehrens.de\/wp-content\/uploads\/2018\/11\/Minttu-45x30cm.jpg 807w\" data-sizes=\"(max-width: 693px) 100vw, 693px\" class='av-horizontal-gallery-link' aria-hidden='true' data-av_icon='\ue869' data-av_iconfont='entypo-fontello' title='Minttu 45x30cm' alt=''><\/a><\/div><div class='av-horizontal-gallery-wrap noHover'><img decoding=\"async\" class='wp-image-23489 avia-img-lazy-loading-not-23489 av-horizontal-gallery-img' width=\"718\" height=\"1030\" src=\"https:\/\/www.galerie-braunbehrens.de\/wp-content\/uploads\/2018\/11\/Drawing-2-60x42cm-718x1030.jpg\" title='Drawing 2 60x42cm' alt='' srcset=\"https:\/\/www.galerie-braunbehrens.de\/wp-content\/uploads\/2018\/11\/Drawing-2-60x42cm-718x1030.jpg 718w, https:\/\/www.galerie-braunbehrens.de\/wp-content\/uploads\/2018\/11\/Drawing-2-60x42cm-209x300.jpg 209w, https:\/\/www.galerie-braunbehrens.de\/wp-content\/uploads\/2018\/11\/Drawing-2-60x42cm-768x1101.jpg 768w, https:\/\/www.galerie-braunbehrens.de\/wp-content\/uploads\/2018\/11\/Drawing-2-60x42cm-492x705.jpg 492w, https:\/\/www.galerie-braunbehrens.de\/wp-content\/uploads\/2018\/11\/Drawing-2-60x42cm.jpg 837w\" sizes=\"(max-width: 718px) 100vw, 718px\" \/><a href=\"https:\/\/www.galerie-braunbehrens.de\/wp-content\/uploads\/2018\/11\/Drawing-2-60x42cm-718x1030.jpg\" data-srcset=\"https:\/\/www.galerie-braunbehrens.de\/wp-content\/uploads\/2018\/11\/Drawing-2-60x42cm-718x1030.jpg 718w, https:\/\/www.galerie-braunbehrens.de\/wp-content\/uploads\/2018\/11\/Drawing-2-60x42cm-209x300.jpg 209w, https:\/\/www.galerie-braunbehrens.de\/wp-content\/uploads\/2018\/11\/Drawing-2-60x42cm-768x1101.jpg 768w, https:\/\/www.galerie-braunbehrens.de\/wp-content\/uploads\/2018\/11\/Drawing-2-60x42cm-492x705.jpg 492w, https:\/\/www.galerie-braunbehrens.de\/wp-content\/uploads\/2018\/11\/Drawing-2-60x42cm.jpg 837w\" data-sizes=\"(max-width: 718px) 100vw, 718px\" class='av-horizontal-gallery-link' aria-hidden='true' data-av_icon='\ue869' data-av_iconfont='entypo-fontello' title='Drawing 2 60x42cm' alt=''><\/a><\/div><div class='av-horizontal-gallery-wrap noHover'><img decoding=\"async\" class='wp-image-23511 avia-img-lazy-loading-not-23511 av-horizontal-gallery-img' width=\"793\" height=\"1030\" src=\"https:\/\/www.galerie-braunbehrens.de\/wp-content\/uploads\/2018\/11\/Small-Painting-50x40cm-793x1030.jpg\" title='Small Painting 50x40cm' alt='' srcset=\"https:\/\/www.galerie-braunbehrens.de\/wp-content\/uploads\/2018\/11\/Small-Painting-50x40cm-793x1030.jpg 793w, https:\/\/www.galerie-braunbehrens.de\/wp-content\/uploads\/2018\/11\/Small-Painting-50x40cm-231x300.jpg 231w, https:\/\/www.galerie-braunbehrens.de\/wp-content\/uploads\/2018\/11\/Small-Painting-50x40cm-768x997.jpg 768w, https:\/\/www.galerie-braunbehrens.de\/wp-content\/uploads\/2018\/11\/Small-Painting-50x40cm-543x705.jpg 543w, https:\/\/www.galerie-braunbehrens.de\/wp-content\/uploads\/2018\/11\/Small-Painting-50x40cm.jpg 924w\" sizes=\"(max-width: 793px) 100vw, 793px\" \/><a href=\"https:\/\/www.galerie-braunbehrens.de\/wp-content\/uploads\/2018\/11\/Small-Painting-50x40cm-793x1030.jpg\" data-srcset=\"https:\/\/www.galerie-braunbehrens.de\/wp-content\/uploads\/2018\/11\/Small-Painting-50x40cm-793x1030.jpg 793w, https:\/\/www.galerie-braunbehrens.de\/wp-content\/uploads\/2018\/11\/Small-Painting-50x40cm-231x300.jpg 231w, https:\/\/www.galerie-braunbehrens.de\/wp-content\/uploads\/2018\/11\/Small-Painting-50x40cm-768x997.jpg 768w, https:\/\/www.galerie-braunbehrens.de\/wp-content\/uploads\/2018\/11\/Small-Painting-50x40cm-543x705.jpg 543w, https:\/\/www.galerie-braunbehrens.de\/wp-content\/uploads\/2018\/11\/Small-Painting-50x40cm.jpg 924w\" data-sizes=\"(max-width: 793px) 100vw, 793px\" class='av-horizontal-gallery-link' aria-hidden='true' data-av_icon='\ue869' data-av_iconfont='entypo-fontello' title='Small Painting 50x40cm' alt=''><\/a><\/div><div class='av-horizontal-gallery-wrap noHover'><img decoding=\"async\" class='wp-image-23497 avia-img-lazy-loading-not-23497 av-horizontal-gallery-img' width=\"1030\" height=\"1027\" src=\"https:\/\/www.galerie-braunbehrens.de\/wp-content\/uploads\/2018\/11\/Muotokuva-Portrait-100x100cm-1030x1027.jpg\" title='Muotokuva - Portrait 100x100cm' alt='' srcset=\"https:\/\/www.galerie-braunbehrens.de\/wp-content\/uploads\/2018\/11\/Muotokuva-Portrait-100x100cm-1030x1027.jpg 1030w, https:\/\/www.galerie-braunbehrens.de\/wp-content\/uploads\/2018\/11\/Muotokuva-Portrait-100x100cm-300x300.jpg 300w, https:\/\/www.galerie-braunbehrens.de\/wp-content\/uploads\/2018\/11\/Muotokuva-Portrait-100x100cm-80x80.jpg 80w, https:\/\/www.galerie-braunbehrens.de\/wp-content\/uploads\/2018\/11\/Muotokuva-Portrait-100x100cm-768x765.jpg 768w, https:\/\/www.galerie-braunbehrens.de\/wp-content\/uploads\/2018\/11\/Muotokuva-Portrait-100x100cm-36x36.jpg 36w, https:\/\/www.galerie-braunbehrens.de\/wp-content\/uploads\/2018\/11\/Muotokuva-Portrait-100x100cm-180x180.jpg 180w, https:\/\/www.galerie-braunbehrens.de\/wp-content\/uploads\/2018\/11\/Muotokuva-Portrait-100x100cm-705x703.jpg 705w, https:\/\/www.galerie-braunbehrens.de\/wp-content\/uploads\/2018\/11\/Muotokuva-Portrait-100x100cm.jpg 1204w\" sizes=\"(max-width: 1030px) 100vw, 1030px\" \/><a href=\"https:\/\/www.galerie-braunbehrens.de\/wp-content\/uploads\/2018\/11\/Muotokuva-Portrait-100x100cm-1030x1027.jpg\" data-srcset=\"https:\/\/www.galerie-braunbehrens.de\/wp-content\/uploads\/2018\/11\/Muotokuva-Portrait-100x100cm-1030x1027.jpg 1030w, https:\/\/www.galerie-braunbehrens.de\/wp-content\/uploads\/2018\/11\/Muotokuva-Portrait-100x100cm-300x300.jpg 300w, https:\/\/www.galerie-braunbehrens.de\/wp-content\/uploads\/2018\/11\/Muotokuva-Portrait-100x100cm-80x80.jpg 80w, https:\/\/www.galerie-braunbehrens.de\/wp-content\/uploads\/2018\/11\/Muotokuva-Portrait-100x100cm-768x765.jpg 768w, https:\/\/www.galerie-braunbehrens.de\/wp-content\/uploads\/2018\/11\/Muotokuva-Portrait-100x100cm-36x36.jpg 36w, https:\/\/www.galerie-braunbehrens.de\/wp-content\/uploads\/2018\/11\/Muotokuva-Portrait-100x100cm-180x180.jpg 180w, https:\/\/www.galerie-braunbehrens.de\/wp-content\/uploads\/2018\/11\/Muotokuva-Portrait-100x100cm-705x703.jpg 705w, https:\/\/www.galerie-braunbehrens.de\/wp-content\/uploads\/2018\/11\/Muotokuva-Portrait-100x100cm.jpg 1204w\" data-sizes=\"(max-width: 1030px) 100vw, 1030px\" class='av-horizontal-gallery-link' aria-hidden='true' data-av_icon='\ue869' data-av_iconfont='entypo-fontello' title='Muotokuva - Portrait 100x100cm' alt=''><\/a><\/div><div class='av-horizontal-gallery-wrap noHover'><img decoding=\"async\" class='wp-image-23499 avia-img-lazy-loading-not-23499 av-horizontal-gallery-img' width=\"1030\" height=\"1030\" src=\"https:\/\/www.galerie-braunbehrens.de\/wp-content\/uploads\/2018\/11\/Muotokuva-2-Portrait-2-50x50cm-1030x1030.jpg\" title='Muotokuva 2 - Portrait 2 50x50cm' alt='' srcset=\"https:\/\/www.galerie-braunbehrens.de\/wp-content\/uploads\/2018\/11\/Muotokuva-2-Portrait-2-50x50cm-1030x1030.jpg 1030w, https:\/\/www.galerie-braunbehrens.de\/wp-content\/uploads\/2018\/11\/Muotokuva-2-Portrait-2-50x50cm-300x300.jpg 300w, https:\/\/www.galerie-braunbehrens.de\/wp-content\/uploads\/2018\/11\/Muotokuva-2-Portrait-2-50x50cm-80x80.jpg 80w, https:\/\/www.galerie-braunbehrens.de\/wp-content\/uploads\/2018\/11\/Muotokuva-2-Portrait-2-50x50cm-768x769.jpg 768w, https:\/\/www.galerie-braunbehrens.de\/wp-content\/uploads\/2018\/11\/Muotokuva-2-Portrait-2-50x50cm-36x36.jpg 36w, https:\/\/www.galerie-braunbehrens.de\/wp-content\/uploads\/2018\/11\/Muotokuva-2-Portrait-2-50x50cm-180x180.jpg 180w, https:\/\/www.galerie-braunbehrens.de\/wp-content\/uploads\/2018\/11\/Muotokuva-2-Portrait-2-50x50cm-705x705.jpg 705w, https:\/\/www.galerie-braunbehrens.de\/wp-content\/uploads\/2018\/11\/Muotokuva-2-Portrait-2-50x50cm.jpg 1199w\" sizes=\"(max-width: 1030px) 100vw, 1030px\" \/><a href=\"https:\/\/www.galerie-braunbehrens.de\/wp-content\/uploads\/2018\/11\/Muotokuva-2-Portrait-2-50x50cm-1030x1030.jpg\" data-srcset=\"https:\/\/www.galerie-braunbehrens.de\/wp-content\/uploads\/2018\/11\/Muotokuva-2-Portrait-2-50x50cm-1030x1030.jpg 1030w, https:\/\/www.galerie-braunbehrens.de\/wp-content\/uploads\/2018\/11\/Muotokuva-2-Portrait-2-50x50cm-300x300.jpg 300w, https:\/\/www.galerie-braunbehrens.de\/wp-content\/uploads\/2018\/11\/Muotokuva-2-Portrait-2-50x50cm-80x80.jpg 80w, https:\/\/www.galerie-braunbehrens.de\/wp-content\/uploads\/2018\/11\/Muotokuva-2-Portrait-2-50x50cm-768x769.jpg 768w, https:\/\/www.galerie-braunbehrens.de\/wp-content\/uploads\/2018\/11\/Muotokuva-2-Portrait-2-50x50cm-36x36.jpg 36w, https:\/\/www.galerie-braunbehrens.de\/wp-content\/uploads\/2018\/11\/Muotokuva-2-Portrait-2-50x50cm-180x180.jpg 180w, https:\/\/www.galerie-braunbehrens.de\/wp-content\/uploads\/2018\/11\/Muotokuva-2-Portrait-2-50x50cm-705x705.jpg 705w, https:\/\/www.galerie-braunbehrens.de\/wp-content\/uploads\/2018\/11\/Muotokuva-2-Portrait-2-50x50cm.jpg 1199w\" data-sizes=\"(max-width: 1030px) 100vw, 1030px\" class='av-horizontal-gallery-link' aria-hidden='true' data-av_icon='\ue869' data-av_iconfont='entypo-fontello' title='Muotokuva 2 - Portrait 2 50x50cm' alt=''><\/a><\/div><div class='av-horizontal-gallery-wrap noHover'><img decoding=\"async\" class='wp-image-23501 avia-img-lazy-loading-not-23501 av-horizontal-gallery-img' width=\"788\" height=\"1030\" src=\"https:\/\/www.galerie-braunbehrens.de\/wp-content\/uploads\/2018\/11\/Painting-5-90x70cm-788x1030.jpg\" title='Painting 5 90x70cm' alt='' srcset=\"https:\/\/www.galerie-braunbehrens.de\/wp-content\/uploads\/2018\/11\/Painting-5-90x70cm-788x1030.jpg 788w, https:\/\/www.galerie-braunbehrens.de\/wp-content\/uploads\/2018\/11\/Painting-5-90x70cm-230x300.jpg 230w, https:\/\/www.galerie-braunbehrens.de\/wp-content\/uploads\/2018\/11\/Painting-5-90x70cm-768x1004.jpg 768w, https:\/\/www.galerie-braunbehrens.de\/wp-content\/uploads\/2018\/11\/Painting-5-90x70cm-539x705.jpg 539w, https:\/\/www.galerie-braunbehrens.de\/wp-content\/uploads\/2018\/11\/Painting-5-90x70cm.jpg 918w\" sizes=\"(max-width: 788px) 100vw, 788px\" \/><a href=\"https:\/\/www.galerie-braunbehrens.de\/wp-content\/uploads\/2018\/11\/Painting-5-90x70cm-788x1030.jpg\" data-srcset=\"https:\/\/www.galerie-braunbehrens.de\/wp-content\/uploads\/2018\/11\/Painting-5-90x70cm-788x1030.jpg 788w, https:\/\/www.galerie-braunbehrens.de\/wp-content\/uploads\/2018\/11\/Painting-5-90x70cm-230x300.jpg 230w, https:\/\/www.galerie-braunbehrens.de\/wp-content\/uploads\/2018\/11\/Painting-5-90x70cm-768x1004.jpg 768w, https:\/\/www.galerie-braunbehrens.de\/wp-content\/uploads\/2018\/11\/Painting-5-90x70cm-539x705.jpg 539w, https:\/\/www.galerie-braunbehrens.de\/wp-content\/uploads\/2018\/11\/Painting-5-90x70cm.jpg 918w\" data-sizes=\"(max-width: 788px) 100vw, 788px\" class='av-horizontal-gallery-link' aria-hidden='true' data-av_icon='\ue869' data-av_iconfont='entypo-fontello' title='Painting 5 90x70cm' alt=''><\/a><\/div><div class='av-horizontal-gallery-wrap noHover'><img decoding=\"async\" class='wp-image-23503 avia-img-lazy-loading-not-23503 av-horizontal-gallery-img' width=\"797\" height=\"1030\" src=\"https:\/\/www.galerie-braunbehrens.de\/wp-content\/uploads\/2018\/11\/Painting-90x70cm-797x1030.jpg\" title='Painting 90x70cm' alt='' srcset=\"https:\/\/www.galerie-braunbehrens.de\/wp-content\/uploads\/2018\/11\/Painting-90x70cm-797x1030.jpg 797w, https:\/\/www.galerie-braunbehrens.de\/wp-content\/uploads\/2018\/11\/Painting-90x70cm-232x300.jpg 232w, https:\/\/www.galerie-braunbehrens.de\/wp-content\/uploads\/2018\/11\/Painting-90x70cm-768x993.jpg 768w, https:\/\/www.galerie-braunbehrens.de\/wp-content\/uploads\/2018\/11\/Painting-90x70cm-545x705.jpg 545w, https:\/\/www.galerie-braunbehrens.de\/wp-content\/uploads\/2018\/11\/Painting-90x70cm.jpg 928w\" sizes=\"(max-width: 797px) 100vw, 797px\" \/><a href=\"https:\/\/www.galerie-braunbehrens.de\/wp-content\/uploads\/2018\/11\/Painting-90x70cm-797x1030.jpg\" data-srcset=\"https:\/\/www.galerie-braunbehrens.de\/wp-content\/uploads\/2018\/11\/Painting-90x70cm-797x1030.jpg 797w, https:\/\/www.galerie-braunbehrens.de\/wp-content\/uploads\/2018\/11\/Painting-90x70cm-232x300.jpg 232w, https:\/\/www.galerie-braunbehrens.de\/wp-content\/uploads\/2018\/11\/Painting-90x70cm-768x993.jpg 768w, https:\/\/www.galerie-braunbehrens.de\/wp-content\/uploads\/2018\/11\/Painting-90x70cm-545x705.jpg 545w, https:\/\/www.galerie-braunbehrens.de\/wp-content\/uploads\/2018\/11\/Painting-90x70cm.jpg 928w\" data-sizes=\"(max-width: 797px) 100vw, 797px\" class='av-horizontal-gallery-link' aria-hidden='true' data-av_icon='\ue869' data-av_iconfont='entypo-fontello' title='Painting 90x70cm' alt=''><\/a><\/div><div class='av-horizontal-gallery-wrap noHover'><img decoding=\"async\" class='wp-image-23507 avia-img-lazy-loading-not-23507 av-horizontal-gallery-img' width=\"1030\" height=\"1030\" src=\"https:\/\/www.galerie-braunbehrens.de\/wp-content\/uploads\/2018\/11\/Portrait-3-50x50cm-1030x1030.jpg\" title='Portrait 3 (50x50cm)' alt='' srcset=\"https:\/\/www.galerie-braunbehrens.de\/wp-content\/uploads\/2018\/11\/Portrait-3-50x50cm-1030x1030.jpg 1030w, https:\/\/www.galerie-braunbehrens.de\/wp-content\/uploads\/2018\/11\/Portrait-3-50x50cm-300x300.jpg 300w, https:\/\/www.galerie-braunbehrens.de\/wp-content\/uploads\/2018\/11\/Portrait-3-50x50cm-80x80.jpg 80w, https:\/\/www.galerie-braunbehrens.de\/wp-content\/uploads\/2018\/11\/Portrait-3-50x50cm-768x768.jpg 768w, https:\/\/www.galerie-braunbehrens.de\/wp-content\/uploads\/2018\/11\/Portrait-3-50x50cm-36x36.jpg 36w, https:\/\/www.galerie-braunbehrens.de\/wp-content\/uploads\/2018\/11\/Portrait-3-50x50cm-180x180.jpg 180w, https:\/\/www.galerie-braunbehrens.de\/wp-content\/uploads\/2018\/11\/Portrait-3-50x50cm-705x705.jpg 705w, https:\/\/www.galerie-braunbehrens.de\/wp-content\/uploads\/2018\/11\/Portrait-3-50x50cm.jpg 1200w\" sizes=\"(max-width: 1030px) 100vw, 1030px\" \/><a href=\"https:\/\/www.galerie-braunbehrens.de\/wp-content\/uploads\/2018\/11\/Portrait-3-50x50cm-1030x1030.jpg\" data-srcset=\"https:\/\/www.galerie-braunbehrens.de\/wp-content\/uploads\/2018\/11\/Portrait-3-50x50cm-1030x1030.jpg 1030w, https:\/\/www.galerie-braunbehrens.de\/wp-content\/uploads\/2018\/11\/Portrait-3-50x50cm-300x300.jpg 300w, https:\/\/www.galerie-braunbehrens.de\/wp-content\/uploads\/2018\/11\/Portrait-3-50x50cm-80x80.jpg 80w, https:\/\/www.galerie-braunbehrens.de\/wp-content\/uploads\/2018\/11\/Portrait-3-50x50cm-768x768.jpg 768w, https:\/\/www.galerie-braunbehrens.de\/wp-content\/uploads\/2018\/11\/Portrait-3-50x50cm-36x36.jpg 36w, https:\/\/www.galerie-braunbehrens.de\/wp-content\/uploads\/2018\/11\/Portrait-3-50x50cm-180x180.jpg 180w, https:\/\/www.galerie-braunbehrens.de\/wp-content\/uploads\/2018\/11\/Portrait-3-50x50cm-705x705.jpg 705w, https:\/\/www.galerie-braunbehrens.de\/wp-content\/uploads\/2018\/11\/Portrait-3-50x50cm.jpg 1200w\" data-sizes=\"(max-width: 1030px) 100vw, 1030px\" class='av-horizontal-gallery-link' aria-hidden='true' data-av_icon='\ue869' data-av_iconfont='entypo-fontello' title='Portrait 3 (50x50cm)' alt=''><\/a><\/div><div class='av-horizontal-gallery-wrap noHover'><img decoding=\"async\" class='wp-image-23509 avia-img-lazy-loading-not-23509 av-horizontal-gallery-img' width=\"1026\" height=\"1030\" src=\"https:\/\/www.galerie-braunbehrens.de\/wp-content\/uploads\/2018\/11\/Small-Painting-2-50x50cm-1026x1030.jpg\" title='Small Painting 2 50x50cm' alt='' srcset=\"https:\/\/www.galerie-braunbehrens.de\/wp-content\/uploads\/2018\/11\/Small-Painting-2-50x50cm-1026x1030.jpg 1026w, https:\/\/www.galerie-braunbehrens.de\/wp-content\/uploads\/2018\/11\/Small-Painting-2-50x50cm-300x300.jpg 300w, https:\/\/www.galerie-braunbehrens.de\/wp-content\/uploads\/2018\/11\/Small-Painting-2-50x50cm-80x80.jpg 80w, https:\/\/www.galerie-braunbehrens.de\/wp-content\/uploads\/2018\/11\/Small-Painting-2-50x50cm-768x771.jpg 768w, https:\/\/www.galerie-braunbehrens.de\/wp-content\/uploads\/2018\/11\/Small-Painting-2-50x50cm-36x36.jpg 36w, https:\/\/www.galerie-braunbehrens.de\/wp-content\/uploads\/2018\/11\/Small-Painting-2-50x50cm-180x180.jpg 180w, https:\/\/www.galerie-braunbehrens.de\/wp-content\/uploads\/2018\/11\/Small-Painting-2-50x50cm-702x705.jpg 702w, https:\/\/www.galerie-braunbehrens.de\/wp-content\/uploads\/2018\/11\/Small-Painting-2-50x50cm.jpg 1195w\" sizes=\"(max-width: 1026px) 100vw, 1026px\" \/><a href=\"https:\/\/www.galerie-braunbehrens.de\/wp-content\/uploads\/2018\/11\/Small-Painting-2-50x50cm-1026x1030.jpg\" data-srcset=\"https:\/\/www.galerie-braunbehrens.de\/wp-content\/uploads\/2018\/11\/Small-Painting-2-50x50cm-1026x1030.jpg 1026w, https:\/\/www.galerie-braunbehrens.de\/wp-content\/uploads\/2018\/11\/Small-Painting-2-50x50cm-300x300.jpg 300w, https:\/\/www.galerie-braunbehrens.de\/wp-content\/uploads\/2018\/11\/Small-Painting-2-50x50cm-80x80.jpg 80w, https:\/\/www.galerie-braunbehrens.de\/wp-content\/uploads\/2018\/11\/Small-Painting-2-50x50cm-768x771.jpg 768w, https:\/\/www.galerie-braunbehrens.de\/wp-content\/uploads\/2018\/11\/Small-Painting-2-50x50cm-36x36.jpg 36w, https:\/\/www.galerie-braunbehrens.de\/wp-content\/uploads\/2018\/11\/Small-Painting-2-50x50cm-180x180.jpg 180w, https:\/\/www.galerie-braunbehrens.de\/wp-content\/uploads\/2018\/11\/Small-Painting-2-50x50cm-702x705.jpg 702w, https:\/\/www.galerie-braunbehrens.de\/wp-content\/uploads\/2018\/11\/Small-Painting-2-50x50cm.jpg 1195w\" data-sizes=\"(max-width: 1026px) 100vw, 1026px\" class='av-horizontal-gallery-link' aria-hidden='true' data-av_icon='\ue869' data-av_iconfont='entypo-fontello' title='Small Painting 2 50x50cm' alt=''><\/a><\/div><div class='av-horizontal-gallery-wrap noHover'><img decoding=\"async\" class='wp-image-23513 avia-img-lazy-loading-not-23513 av-horizontal-gallery-img' width=\"1008\" height=\"1030\" src=\"https:\/\/www.galerie-braunbehrens.de\/wp-content\/uploads\/2018\/11\/Small-Painting-50x50cm-1008x1030.jpg\" title='Small Painting 50x50cm' alt='' srcset=\"https:\/\/www.galerie-braunbehrens.de\/wp-content\/uploads\/2018\/11\/Small-Painting-50x50cm-1008x1030.jpg 1008w, https:\/\/www.galerie-braunbehrens.de\/wp-content\/uploads\/2018\/11\/Small-Painting-50x50cm-294x300.jpg 294w, https:\/\/www.galerie-braunbehrens.de\/wp-content\/uploads\/2018\/11\/Small-Painting-50x50cm-768x785.jpg 768w, https:\/\/www.galerie-braunbehrens.de\/wp-content\/uploads\/2018\/11\/Small-Painting-50x50cm-36x36.jpg 36w, https:\/\/www.galerie-braunbehrens.de\/wp-content\/uploads\/2018\/11\/Small-Painting-50x50cm-690x705.jpg 690w, https:\/\/www.galerie-braunbehrens.de\/wp-content\/uploads\/2018\/11\/Small-Painting-50x50cm.jpg 1174w\" sizes=\"(max-width: 1008px) 100vw, 1008px\" \/><a href=\"https:\/\/www.galerie-braunbehrens.de\/wp-content\/uploads\/2018\/11\/Small-Painting-50x50cm-1008x1030.jpg\" data-srcset=\"https:\/\/www.galerie-braunbehrens.de\/wp-content\/uploads\/2018\/11\/Small-Painting-50x50cm-1008x1030.jpg 1008w, https:\/\/www.galerie-braunbehrens.de\/wp-content\/uploads\/2018\/11\/Small-Painting-50x50cm-294x300.jpg 294w, https:\/\/www.galerie-braunbehrens.de\/wp-content\/uploads\/2018\/11\/Small-Painting-50x50cm-768x785.jpg 768w, https:\/\/www.galerie-braunbehrens.de\/wp-content\/uploads\/2018\/11\/Small-Painting-50x50cm-36x36.jpg 36w, https:\/\/www.galerie-braunbehrens.de\/wp-content\/uploads\/2018\/11\/Small-Painting-50x50cm-690x705.jpg 690w, https:\/\/www.galerie-braunbehrens.de\/wp-content\/uploads\/2018\/11\/Small-Painting-50x50cm.jpg 1174w\" data-sizes=\"(max-width: 1008px) 100vw, 1008px\" class='av-horizontal-gallery-link' aria-hidden='true' data-av_icon='\ue869' data-av_iconfont='entypo-fontello' title='Small Painting 50x50cm' alt=''><\/a><\/div><div class='av-horizontal-gallery-wrap noHover'><img decoding=\"async\" class='wp-image-23515 avia-img-lazy-loading-not-23515 av-horizontal-gallery-img' width=\"1010\" height=\"1030\" src=\"https:\/\/www.galerie-braunbehrens.de\/wp-content\/uploads\/2018\/11\/Small-Painting-60x60cm-2-1010x1030.jpg\" title='Small Painting 60x60cm 2' alt='' srcset=\"https:\/\/www.galerie-braunbehrens.de\/wp-content\/uploads\/2018\/11\/Small-Painting-60x60cm-2-1010x1030.jpg 1010w, https:\/\/www.galerie-braunbehrens.de\/wp-content\/uploads\/2018\/11\/Small-Painting-60x60cm-2-294x300.jpg 294w, https:\/\/www.galerie-braunbehrens.de\/wp-content\/uploads\/2018\/11\/Small-Painting-60x60cm-2-768x783.jpg 768w, https:\/\/www.galerie-braunbehrens.de\/wp-content\/uploads\/2018\/11\/Small-Painting-60x60cm-2-36x36.jpg 36w, https:\/\/www.galerie-braunbehrens.de\/wp-content\/uploads\/2018\/11\/Small-Painting-60x60cm-2-691x705.jpg 691w, https:\/\/www.galerie-braunbehrens.de\/wp-content\/uploads\/2018\/11\/Small-Painting-60x60cm-2.jpg 1177w\" sizes=\"(max-width: 1010px) 100vw, 1010px\" \/><a href=\"https:\/\/www.galerie-braunbehrens.de\/wp-content\/uploads\/2018\/11\/Small-Painting-60x60cm-2-1010x1030.jpg\" data-srcset=\"https:\/\/www.galerie-braunbehrens.de\/wp-content\/uploads\/2018\/11\/Small-Painting-60x60cm-2-1010x1030.jpg 1010w, https:\/\/www.galerie-braunbehrens.de\/wp-content\/uploads\/2018\/11\/Small-Painting-60x60cm-2-294x300.jpg 294w, https:\/\/www.galerie-braunbehrens.de\/wp-content\/uploads\/2018\/11\/Small-Painting-60x60cm-2-768x783.jpg 768w, https:\/\/www.galerie-braunbehrens.de\/wp-content\/uploads\/2018\/11\/Small-Painting-60x60cm-2-36x36.jpg 36w, https:\/\/www.galerie-braunbehrens.de\/wp-content\/uploads\/2018\/11\/Small-Painting-60x60cm-2-691x705.jpg 691w, https:\/\/www.galerie-braunbehrens.de\/wp-content\/uploads\/2018\/11\/Small-Painting-60x60cm-2.jpg 1177w\" data-sizes=\"(max-width: 1010px) 100vw, 1010px\" class='av-horizontal-gallery-link' aria-hidden='true' data-av_icon='\ue869' data-av_iconfont='entypo-fontello' title='Small Painting 60x60cm 2' alt=''><\/a><\/div><div class='av-horizontal-gallery-wrap noHover'><img decoding=\"async\" class='wp-image-23517 avia-img-lazy-loading-not-23517 av-horizontal-gallery-img' width=\"985\" height=\"1030\" src=\"https:\/\/www.galerie-braunbehrens.de\/wp-content\/uploads\/2018\/11\/Small-Painting-60x60cm-985x1030.jpg\" title='Small Painting 60x60cm' alt='' srcset=\"https:\/\/www.galerie-braunbehrens.de\/wp-content\/uploads\/2018\/11\/Small-Painting-60x60cm-985x1030.jpg 985w, https:\/\/www.galerie-braunbehrens.de\/wp-content\/uploads\/2018\/11\/Small-Painting-60x60cm-287x300.jpg 287w, https:\/\/www.galerie-braunbehrens.de\/wp-content\/uploads\/2018\/11\/Small-Painting-60x60cm-768x803.jpg 768w, https:\/\/www.galerie-braunbehrens.de\/wp-content\/uploads\/2018\/11\/Small-Painting-60x60cm-674x705.jpg 674w, https:\/\/www.galerie-braunbehrens.de\/wp-content\/uploads\/2018\/11\/Small-Painting-60x60cm.jpg 1148w\" sizes=\"(max-width: 985px) 100vw, 985px\" \/><a href=\"https:\/\/www.galerie-braunbehrens.de\/wp-content\/uploads\/2018\/11\/Small-Painting-60x60cm-985x1030.jpg\" data-srcset=\"https:\/\/www.galerie-braunbehrens.de\/wp-content\/uploads\/2018\/11\/Small-Painting-60x60cm-985x1030.jpg 985w, https:\/\/www.galerie-braunbehrens.de\/wp-content\/uploads\/2018\/11\/Small-Painting-60x60cm-287x300.jpg 287w, https:\/\/www.galerie-braunbehrens.de\/wp-content\/uploads\/2018\/11\/Small-Painting-60x60cm-768x803.jpg 768w, https:\/\/www.galerie-braunbehrens.de\/wp-content\/uploads\/2018\/11\/Small-Painting-60x60cm-674x705.jpg 674w, https:\/\/www.galerie-braunbehrens.de\/wp-content\/uploads\/2018\/11\/Small-Painting-60x60cm.jpg 1148w\" data-sizes=\"(max-width: 985px) 100vw, 985px\" class='av-horizontal-gallery-link' aria-hidden='true' data-av_icon='\ue869' data-av_iconfont='entypo-fontello' title='Small Painting 60x60cm' alt=''><\/a><\/div><div class='av-horizontal-gallery-wrap noHover'><img decoding=\"async\" class='wp-image-23483 avia-img-lazy-loading-not-23483 av-horizontal-gallery-img' width=\"1021\" height=\"1030\" src=\"https:\/\/www.galerie-braunbehrens.de\/wp-content\/uploads\/2018\/11\/Big-Painting-160x160cm-1021x1030.jpg\" title='Big Painting 160x160cm' alt='' srcset=\"https:\/\/www.galerie-braunbehrens.de\/wp-content\/uploads\/2018\/11\/Big-Painting-160x160cm-1021x1030.jpg 1021w, https:\/\/www.galerie-braunbehrens.de\/wp-content\/uploads\/2018\/11\/Big-Painting-160x160cm-297x300.jpg 297w, https:\/\/www.galerie-braunbehrens.de\/wp-content\/uploads\/2018\/11\/Big-Painting-160x160cm-80x80.jpg 80w, https:\/\/www.galerie-braunbehrens.de\/wp-content\/uploads\/2018\/11\/Big-Painting-160x160cm-768x775.jpg 768w, https:\/\/www.galerie-braunbehrens.de\/wp-content\/uploads\/2018\/11\/Big-Painting-160x160cm-36x36.jpg 36w, https:\/\/www.galerie-braunbehrens.de\/wp-content\/uploads\/2018\/11\/Big-Painting-160x160cm-699x705.jpg 699w, https:\/\/www.galerie-braunbehrens.de\/wp-content\/uploads\/2018\/11\/Big-Painting-160x160cm.jpg 1189w\" sizes=\"(max-width: 1021px) 100vw, 1021px\" \/><a href=\"https:\/\/www.galerie-braunbehrens.de\/wp-content\/uploads\/2018\/11\/Big-Painting-160x160cm-1021x1030.jpg\" data-srcset=\"https:\/\/www.galerie-braunbehrens.de\/wp-content\/uploads\/2018\/11\/Big-Painting-160x160cm-1021x1030.jpg 1021w, https:\/\/www.galerie-braunbehrens.de\/wp-content\/uploads\/2018\/11\/Big-Painting-160x160cm-297x300.jpg 297w, https:\/\/www.galerie-braunbehrens.de\/wp-content\/uploads\/2018\/11\/Big-Painting-160x160cm-80x80.jpg 80w, https:\/\/www.galerie-braunbehrens.de\/wp-content\/uploads\/2018\/11\/Big-Painting-160x160cm-768x775.jpg 768w, https:\/\/www.galerie-braunbehrens.de\/wp-content\/uploads\/2018\/11\/Big-Painting-160x160cm-36x36.jpg 36w, https:\/\/www.galerie-braunbehrens.de\/wp-content\/uploads\/2018\/11\/Big-Painting-160x160cm-699x705.jpg 699w, https:\/\/www.galerie-braunbehrens.de\/wp-content\/uploads\/2018\/11\/Big-Painting-160x160cm.jpg 1189w\" data-sizes=\"(max-width: 1021px) 100vw, 1021px\" class='av-horizontal-gallery-link' aria-hidden='true' data-av_icon='\ue869' data-av_iconfont='entypo-fontello' title='Big Painting 160x160cm' alt=''><\/a><\/div><div class='av-horizontal-gallery-wrap noHover'><img decoding=\"async\" class='wp-image-23487 avia-img-lazy-loading-not-23487 av-horizontal-gallery-img' width=\"714\" height=\"1030\" src=\"https:\/\/www.galerie-braunbehrens.de\/wp-content\/uploads\/2018\/11\/Drawing-1-60x42cm-714x1030.jpg\" title='Drawing 1 60x42cm' alt='' srcset=\"https:\/\/www.galerie-braunbehrens.de\/wp-content\/uploads\/2018\/11\/Drawing-1-60x42cm-714x1030.jpg 714w, https:\/\/www.galerie-braunbehrens.de\/wp-content\/uploads\/2018\/11\/Drawing-1-60x42cm-208x300.jpg 208w, https:\/\/www.galerie-braunbehrens.de\/wp-content\/uploads\/2018\/11\/Drawing-1-60x42cm-768x1108.jpg 768w, https:\/\/www.galerie-braunbehrens.de\/wp-content\/uploads\/2018\/11\/Drawing-1-60x42cm-489x705.jpg 489w, https:\/\/www.galerie-braunbehrens.de\/wp-content\/uploads\/2018\/11\/Drawing-1-60x42cm.jpg 832w\" sizes=\"(max-width: 714px) 100vw, 714px\" \/><a href=\"https:\/\/www.galerie-braunbehrens.de\/wp-content\/uploads\/2018\/11\/Drawing-1-60x42cm-714x1030.jpg\" data-srcset=\"https:\/\/www.galerie-braunbehrens.de\/wp-content\/uploads\/2018\/11\/Drawing-1-60x42cm-714x1030.jpg 714w, https:\/\/www.galerie-braunbehrens.de\/wp-content\/uploads\/2018\/11\/Drawing-1-60x42cm-208x300.jpg 208w, https:\/\/www.galerie-braunbehrens.de\/wp-content\/uploads\/2018\/11\/Drawing-1-60x42cm-768x1108.jpg 768w, https:\/\/www.galerie-braunbehrens.de\/wp-content\/uploads\/2018\/11\/Drawing-1-60x42cm-489x705.jpg 489w, https:\/\/www.galerie-braunbehrens.de\/wp-content\/uploads\/2018\/11\/Drawing-1-60x42cm.jpg 832w\" data-sizes=\"(max-width: 714px) 100vw, 714px\" class='av-horizontal-gallery-link' aria-hidden='true' data-av_icon='\ue869' data-av_iconfont='entypo-fontello' title='Drawing 1 60x42cm' alt=''><\/a><\/div><div class='av-horizontal-gallery-wrap noHover'><img decoding=\"async\" class='wp-image-23491 avia-img-lazy-loading-not-23491 av-horizontal-gallery-img' width=\"1021\" height=\"1030\" src=\"https:\/\/www.galerie-braunbehrens.de\/wp-content\/uploads\/2018\/11\/Drawing-90x90cm-2-1021x1030.jpg\" title='Drawing 90x90cm 2' alt='' srcset=\"https:\/\/www.galerie-braunbehrens.de\/wp-content\/uploads\/2018\/11\/Drawing-90x90cm-2-1021x1030.jpg 1021w, https:\/\/www.galerie-braunbehrens.de\/wp-content\/uploads\/2018\/11\/Drawing-90x90cm-2-298x300.jpg 298w, https:\/\/www.galerie-braunbehrens.de\/wp-content\/uploads\/2018\/11\/Drawing-90x90cm-2-80x80.jpg 80w, https:\/\/www.galerie-braunbehrens.de\/wp-content\/uploads\/2018\/11\/Drawing-90x90cm-2-768x774.jpg 768w, https:\/\/www.galerie-braunbehrens.de\/wp-content\/uploads\/2018\/11\/Drawing-90x90cm-2-36x36.jpg 36w, https:\/\/www.galerie-braunbehrens.de\/wp-content\/uploads\/2018\/11\/Drawing-90x90cm-2-699x705.jpg 699w, https:\/\/www.galerie-braunbehrens.de\/wp-content\/uploads\/2018\/11\/Drawing-90x90cm-2.jpg 1190w\" sizes=\"(max-width: 1021px) 100vw, 1021px\" \/><a href=\"https:\/\/www.galerie-braunbehrens.de\/wp-content\/uploads\/2018\/11\/Drawing-90x90cm-2-1021x1030.jpg\" data-srcset=\"https:\/\/www.galerie-braunbehrens.de\/wp-content\/uploads\/2018\/11\/Drawing-90x90cm-2-1021x1030.jpg 1021w, https:\/\/www.galerie-braunbehrens.de\/wp-content\/uploads\/2018\/11\/Drawing-90x90cm-2-298x300.jpg 298w, https:\/\/www.galerie-braunbehrens.de\/wp-content\/uploads\/2018\/11\/Drawing-90x90cm-2-80x80.jpg 80w, https:\/\/www.galerie-braunbehrens.de\/wp-content\/uploads\/2018\/11\/Drawing-90x90cm-2-768x774.jpg 768w, https:\/\/www.galerie-braunbehrens.de\/wp-content\/uploads\/2018\/11\/Drawing-90x90cm-2-36x36.jpg 36w, https:\/\/www.galerie-braunbehrens.de\/wp-content\/uploads\/2018\/11\/Drawing-90x90cm-2-699x705.jpg 699w, https:\/\/www.galerie-braunbehrens.de\/wp-content\/uploads\/2018\/11\/Drawing-90x90cm-2.jpg 1190w\" data-sizes=\"(max-width: 1021px) 100vw, 1021px\" class='av-horizontal-gallery-link' aria-hidden='true' data-av_icon='\ue869' data-av_iconfont='entypo-fontello' title='Drawing 90x90cm 2' alt=''><\/a><\/div><div class='av-horizontal-gallery-wrap noHover'><img decoding=\"async\" class='wp-image-23493 avia-img-lazy-loading-not-23493 av-horizontal-gallery-img' width=\"1030\" height=\"1027\" src=\"https:\/\/www.galerie-braunbehrens.de\/wp-content\/uploads\/2018\/11\/Drawing-90x90cm-3-1030x1027.jpg\" title='Drawing 90x90cm 3' alt='' srcset=\"https:\/\/www.galerie-braunbehrens.de\/wp-content\/uploads\/2018\/11\/Drawing-90x90cm-3-1030x1027.jpg 1030w, https:\/\/www.galerie-braunbehrens.de\/wp-content\/uploads\/2018\/11\/Drawing-90x90cm-3-300x300.jpg 300w, https:\/\/www.galerie-braunbehrens.de\/wp-content\/uploads\/2018\/11\/Drawing-90x90cm-3-80x80.jpg 80w, https:\/\/www.galerie-braunbehrens.de\/wp-content\/uploads\/2018\/11\/Drawing-90x90cm-3-768x766.jpg 768w, https:\/\/www.galerie-braunbehrens.de\/wp-content\/uploads\/2018\/11\/Drawing-90x90cm-3-36x36.jpg 36w, https:\/\/www.galerie-braunbehrens.de\/wp-content\/uploads\/2018\/11\/Drawing-90x90cm-3-180x180.jpg 180w, https:\/\/www.galerie-braunbehrens.de\/wp-content\/uploads\/2018\/11\/Drawing-90x90cm-3-705x703.jpg 705w, https:\/\/www.galerie-braunbehrens.de\/wp-content\/uploads\/2018\/11\/Drawing-90x90cm-3.jpg 1203w\" sizes=\"(max-width: 1030px) 100vw, 1030px\" \/><a href=\"https:\/\/www.galerie-braunbehrens.de\/wp-content\/uploads\/2018\/11\/Drawing-90x90cm-3-1030x1027.jpg\" data-srcset=\"https:\/\/www.galerie-braunbehrens.de\/wp-content\/uploads\/2018\/11\/Drawing-90x90cm-3-1030x1027.jpg 1030w, https:\/\/www.galerie-braunbehrens.de\/wp-content\/uploads\/2018\/11\/Drawing-90x90cm-3-300x300.jpg 300w, https:\/\/www.galerie-braunbehrens.de\/wp-content\/uploads\/2018\/11\/Drawing-90x90cm-3-80x80.jpg 80w, https:\/\/www.galerie-braunbehrens.de\/wp-content\/uploads\/2018\/11\/Drawing-90x90cm-3-768x766.jpg 768w, https:\/\/www.galerie-braunbehrens.de\/wp-content\/uploads\/2018\/11\/Drawing-90x90cm-3-36x36.jpg 36w, https:\/\/www.galerie-braunbehrens.de\/wp-content\/uploads\/2018\/11\/Drawing-90x90cm-3-180x180.jpg 180w, https:\/\/www.galerie-braunbehrens.de\/wp-content\/uploads\/2018\/11\/Drawing-90x90cm-3-705x703.jpg 705w, https:\/\/www.galerie-braunbehrens.de\/wp-content\/uploads\/2018\/11\/Drawing-90x90cm-3.jpg 1203w\" data-sizes=\"(max-width: 1030px) 100vw, 1030px\" class='av-horizontal-gallery-link' aria-hidden='true' data-av_icon='\ue869' data-av_iconfont='entypo-fontello' title='Drawing 90x90cm 3' alt=''><\/a><\/div><div class='av-horizontal-gallery-wrap noHover'><img decoding=\"async\" class='wp-image-2307 avia-img-lazy-loading-not-2307 av-horizontal-gallery-img' width=\"829\" height=\"1030\" src=\"https:\/\/www.galerie-braunbehrens.de\/wp-content\/uploads\/2018\/11\/Young-Vincent-829x1030.jpg\" title='Young Vincent, 2018, oil on canvas, 50 x 40 cm' alt='' srcset=\"https:\/\/www.galerie-braunbehrens.de\/wp-content\/uploads\/2018\/11\/Young-Vincent-829x1030.jpg 829w, https:\/\/www.galerie-braunbehrens.de\/wp-content\/uploads\/2018\/11\/Young-Vincent-242x300.jpg 242w, https:\/\/www.galerie-braunbehrens.de\/wp-content\/uploads\/2018\/11\/Young-Vincent-768x954.jpg 768w, https:\/\/www.galerie-braunbehrens.de\/wp-content\/uploads\/2018\/11\/Young-Vincent-1208x1500.jpg 1208w, https:\/\/www.galerie-braunbehrens.de\/wp-content\/uploads\/2018\/11\/Young-Vincent-568x705.jpg 568w, https:\/\/www.galerie-braunbehrens.de\/wp-content\/uploads\/2018\/11\/Young-Vincent-450x559.jpg 450w, https:\/\/www.galerie-braunbehrens.de\/wp-content\/uploads\/2018\/11\/Young-Vincent.jpg 1997w\" sizes=\"(max-width: 829px) 100vw, 829px\" \/><a href=\"https:\/\/www.galerie-braunbehrens.de\/wp-content\/uploads\/2018\/11\/Young-Vincent-829x1030.jpg\" data-srcset=\"https:\/\/www.galerie-braunbehrens.de\/wp-content\/uploads\/2018\/11\/Young-Vincent-829x1030.jpg 829w, https:\/\/www.galerie-braunbehrens.de\/wp-content\/uploads\/2018\/11\/Young-Vincent-242x300.jpg 242w, https:\/\/www.galerie-braunbehrens.de\/wp-content\/uploads\/2018\/11\/Young-Vincent-768x954.jpg 768w, https:\/\/www.galerie-braunbehrens.de\/wp-content\/uploads\/2018\/11\/Young-Vincent-1208x1500.jpg 1208w, https:\/\/www.galerie-braunbehrens.de\/wp-content\/uploads\/2018\/11\/Young-Vincent-568x705.jpg 568w, https:\/\/www.galerie-braunbehrens.de\/wp-content\/uploads\/2018\/11\/Young-Vincent-450x559.jpg 450w, https:\/\/www.galerie-braunbehrens.de\/wp-content\/uploads\/2018\/11\/Young-Vincent.jpg 1997w\" data-sizes=\"(max-width: 829px) 100vw, 829px\" class='av-horizontal-gallery-link' aria-hidden='true' data-av_icon='\ue869' data-av_iconfont='entypo-fontello' title='Young Vincent, 2018, oil on canvas, 50 x 40 cm' alt=''><\/a><\/div><div class='av-horizontal-gallery-wrap noHover'><img decoding=\"async\" class='wp-image-17754 avia-img-lazy-loading-not-17754 av-horizontal-gallery-img' width=\"859\" height=\"1030\" src=\"https:\/\/www.galerie-braunbehrens.de\/wp-content\/uploads\/2018\/11\/Artificial-XIII-859x1030.jpeg\" title='Artificial XIII, 2020, oil on canvas, 60 x 48 cm' alt='' srcset=\"https:\/\/www.galerie-braunbehrens.de\/wp-content\/uploads\/2018\/11\/Artificial-XIII-859x1030.jpeg 859w, https:\/\/www.galerie-braunbehrens.de\/wp-content\/uploads\/2018\/11\/Artificial-XIII-250x300.jpeg 250w, https:\/\/www.galerie-braunbehrens.de\/wp-content\/uploads\/2018\/11\/Artificial-XIII-768x921.jpeg 768w, https:\/\/www.galerie-braunbehrens.de\/wp-content\/uploads\/2018\/11\/Artificial-XIII-1281x1536.jpeg 1281w, https:\/\/www.galerie-braunbehrens.de\/wp-content\/uploads\/2018\/11\/Artificial-XIII-1251x1500.jpeg 1251w, https:\/\/www.galerie-braunbehrens.de\/wp-content\/uploads\/2018\/11\/Artificial-XIII-588x705.jpeg 588w, https:\/\/www.galerie-braunbehrens.de\/wp-content\/uploads\/2018\/11\/Artificial-XIII.jpeg 1701w\" sizes=\"(max-width: 859px) 100vw, 859px\" \/><a href=\"https:\/\/www.galerie-braunbehrens.de\/wp-content\/uploads\/2018\/11\/Artificial-XIII-859x1030.jpeg\" data-srcset=\"https:\/\/www.galerie-braunbehrens.de\/wp-content\/uploads\/2018\/11\/Artificial-XIII-859x1030.jpeg 859w, https:\/\/www.galerie-braunbehrens.de\/wp-content\/uploads\/2018\/11\/Artificial-XIII-250x300.jpeg 250w, https:\/\/www.galerie-braunbehrens.de\/wp-content\/uploads\/2018\/11\/Artificial-XIII-768x921.jpeg 768w, https:\/\/www.galerie-braunbehrens.de\/wp-content\/uploads\/2018\/11\/Artificial-XIII-1281x1536.jpeg 1281w, https:\/\/www.galerie-braunbehrens.de\/wp-content\/uploads\/2018\/11\/Artificial-XIII-1251x1500.jpeg 1251w, https:\/\/www.galerie-braunbehrens.de\/wp-content\/uploads\/2018\/11\/Artificial-XIII-588x705.jpeg 588w, https:\/\/www.galerie-braunbehrens.de\/wp-content\/uploads\/2018\/11\/Artificial-XIII.jpeg 1701w\" data-sizes=\"(max-width: 859px) 100vw, 859px\" class='av-horizontal-gallery-link' aria-hidden='true' data-av_icon='\ue869' data-av_iconfont='entypo-fontello' title='Artificial XIII, 2020, oil on canvas, 60 x 48 cm' alt=''><\/a><\/div><div class='av-horizontal-gallery-wrap noHover'><img decoding=\"async\" class='wp-image-11617 avia-img-lazy-loading-not-11617 av-horizontal-gallery-img' width=\"874\" height=\"1030\" src=\"https:\/\/www.galerie-braunbehrens.de\/wp-content\/uploads\/2020\/09\/Young-Marilyn-11-874x1030.jpg\" title='Young Marilyn 11, 2018, oil on canvas, 200 x 160 cm' alt='' srcset=\"https:\/\/www.galerie-braunbehrens.de\/wp-content\/uploads\/2020\/09\/Young-Marilyn-11-874x1030.jpg 874w, https:\/\/www.galerie-braunbehrens.de\/wp-content\/uploads\/2020\/09\/Young-Marilyn-11-255x300.jpg 255w, https:\/\/www.galerie-braunbehrens.de\/wp-content\/uploads\/2020\/09\/Young-Marilyn-11-768x905.jpg 768w, https:\/\/www.galerie-braunbehrens.de\/wp-content\/uploads\/2020\/09\/Young-Marilyn-11-1304x1536.jpg 1304w, https:\/\/www.galerie-braunbehrens.de\/wp-content\/uploads\/2020\/09\/Young-Marilyn-11-1738x2048.jpg 1738w, https:\/\/www.galerie-braunbehrens.de\/wp-content\/uploads\/2020\/09\/Young-Marilyn-11-1273x1500.jpg 1273w, https:\/\/www.galerie-braunbehrens.de\/wp-content\/uploads\/2020\/09\/Young-Marilyn-11-598x705.jpg 598w\" sizes=\"(max-width: 874px) 100vw, 874px\" \/><a href=\"https:\/\/www.galerie-braunbehrens.de\/wp-content\/uploads\/2020\/09\/Young-Marilyn-11-874x1030.jpg\" data-srcset=\"https:\/\/www.galerie-braunbehrens.de\/wp-content\/uploads\/2020\/09\/Young-Marilyn-11-874x1030.jpg 874w, https:\/\/www.galerie-braunbehrens.de\/wp-content\/uploads\/2020\/09\/Young-Marilyn-11-255x300.jpg 255w, https:\/\/www.galerie-braunbehrens.de\/wp-content\/uploads\/2020\/09\/Young-Marilyn-11-768x905.jpg 768w, https:\/\/www.galerie-braunbehrens.de\/wp-content\/uploads\/2020\/09\/Young-Marilyn-11-1304x1536.jpg 1304w, https:\/\/www.galerie-braunbehrens.de\/wp-content\/uploads\/2020\/09\/Young-Marilyn-11-1738x2048.jpg 1738w, https:\/\/www.galerie-braunbehrens.de\/wp-content\/uploads\/2020\/09\/Young-Marilyn-11-1273x1500.jpg 1273w, https:\/\/www.galerie-braunbehrens.de\/wp-content\/uploads\/2020\/09\/Young-Marilyn-11-598x705.jpg 598w\" data-sizes=\"(max-width: 874px) 100vw, 874px\" class='av-horizontal-gallery-link' aria-hidden='true' data-av_icon='\ue869' data-av_iconfont='entypo-fontello' title='Young Marilyn 11, 2018, oil on canvas, 200 x 160 cm' alt=''><\/a><\/div><div class='av-horizontal-gallery-wrap noHover'><img decoding=\"async\" class='wp-image-11629 avia-img-lazy-loading-not-11629 av-horizontal-gallery-img' width=\"819\" height=\"1030\" src=\"https:\/\/www.galerie-braunbehrens.de\/wp-content\/uploads\/2020\/09\/200x160Artificial-VI-819x1030.jpg\" title='Artificial 6, 2019, oil on canvas, 200 x 160 cm' alt='' srcset=\"https:\/\/www.galerie-braunbehrens.de\/wp-content\/uploads\/2020\/09\/200x160Artificial-VI-819x1030.jpg 819w, https:\/\/www.galerie-braunbehrens.de\/wp-content\/uploads\/2020\/09\/200x160Artificial-VI-239x300.jpg 239w, https:\/\/www.galerie-braunbehrens.de\/wp-content\/uploads\/2020\/09\/200x160Artificial-VI-768x966.jpg 768w, https:\/\/www.galerie-braunbehrens.de\/wp-content\/uploads\/2020\/09\/200x160Artificial-VI-1222x1536.jpg 1222w, https:\/\/www.galerie-braunbehrens.de\/wp-content\/uploads\/2020\/09\/200x160Artificial-VI-1629x2048.jpg 1629w, https:\/\/www.galerie-braunbehrens.de\/wp-content\/uploads\/2020\/09\/200x160Artificial-VI-1193x1500.jpg 1193w, https:\/\/www.galerie-braunbehrens.de\/wp-content\/uploads\/2020\/09\/200x160Artificial-VI-561x705.jpg 561w, https:\/\/www.galerie-braunbehrens.de\/wp-content\/uploads\/2020\/09\/200x160Artificial-VI-scaled.jpg 2036w\" sizes=\"(max-width: 819px) 100vw, 819px\" \/><a href=\"https:\/\/www.galerie-braunbehrens.de\/wp-content\/uploads\/2020\/09\/200x160Artificial-VI-819x1030.jpg\" data-srcset=\"https:\/\/www.galerie-braunbehrens.de\/wp-content\/uploads\/2020\/09\/200x160Artificial-VI-819x1030.jpg 819w, https:\/\/www.galerie-braunbehrens.de\/wp-content\/uploads\/2020\/09\/200x160Artificial-VI-239x300.jpg 239w, https:\/\/www.galerie-braunbehrens.de\/wp-content\/uploads\/2020\/09\/200x160Artificial-VI-768x966.jpg 768w, https:\/\/www.galerie-braunbehrens.de\/wp-content\/uploads\/2020\/09\/200x160Artificial-VI-1222x1536.jpg 1222w, https:\/\/www.galerie-braunbehrens.de\/wp-content\/uploads\/2020\/09\/200x160Artificial-VI-1629x2048.jpg 1629w, https:\/\/www.galerie-braunbehrens.de\/wp-content\/uploads\/2020\/09\/200x160Artificial-VI-1193x1500.jpg 1193w, https:\/\/www.galerie-braunbehrens.de\/wp-content\/uploads\/2020\/09\/200x160Artificial-VI-561x705.jpg 561w, https:\/\/www.galerie-braunbehrens.de\/wp-content\/uploads\/2020\/09\/200x160Artificial-VI-scaled.jpg 2036w\" data-sizes=\"(max-width: 819px) 100vw, 819px\" class='av-horizontal-gallery-link' aria-hidden='true' data-av_icon='\ue869' data-av_iconfont='entypo-fontello' title='Artificial 6, 2019, oil on canvas, 200 x 160 cm' alt=''><\/a><\/div><div class='av-horizontal-gallery-wrap noHover'><img decoding=\"async\" class='wp-image-11703 avia-img-lazy-loading-not-11703 av-horizontal-gallery-img' width=\"999\" height=\"1000\" src=\"https:\/\/www.galerie-braunbehrens.de\/wp-content\/uploads\/2018\/11\/125x125Velazquez-1.jpg\" title='Velazquez, 2018, oil on canvas, 125 x 125 cm' alt='' srcset=\"https:\/\/www.galerie-braunbehrens.de\/wp-content\/uploads\/2018\/11\/125x125Velazquez-1.jpg 999w, https:\/\/www.galerie-braunbehrens.de\/wp-content\/uploads\/2018\/11\/125x125Velazquez-1-300x300.jpg 300w, https:\/\/www.galerie-braunbehrens.de\/wp-content\/uploads\/2018\/11\/125x125Velazquez-1-80x80.jpg 80w, https:\/\/www.galerie-braunbehrens.de\/wp-content\/uploads\/2018\/11\/125x125Velazquez-1-768x769.jpg 768w, https:\/\/www.galerie-braunbehrens.de\/wp-content\/uploads\/2018\/11\/125x125Velazquez-1-36x36.jpg 36w, https:\/\/www.galerie-braunbehrens.de\/wp-content\/uploads\/2018\/11\/125x125Velazquez-1-180x180.jpg 180w, https:\/\/www.galerie-braunbehrens.de\/wp-content\/uploads\/2018\/11\/125x125Velazquez-1-705x705.jpg 705w\" sizes=\"(max-width: 999px) 100vw, 999px\" \/><a href=\"https:\/\/www.galerie-braunbehrens.de\/wp-content\/uploads\/2018\/11\/125x125Velazquez-1.jpg\" data-srcset=\"https:\/\/www.galerie-braunbehrens.de\/wp-content\/uploads\/2018\/11\/125x125Velazquez-1.jpg 999w, https:\/\/www.galerie-braunbehrens.de\/wp-content\/uploads\/2018\/11\/125x125Velazquez-1-300x300.jpg 300w, https:\/\/www.galerie-braunbehrens.de\/wp-content\/uploads\/2018\/11\/125x125Velazquez-1-80x80.jpg 80w, https:\/\/www.galerie-braunbehrens.de\/wp-content\/uploads\/2018\/11\/125x125Velazquez-1-768x769.jpg 768w, https:\/\/www.galerie-braunbehrens.de\/wp-content\/uploads\/2018\/11\/125x125Velazquez-1-36x36.jpg 36w, https:\/\/www.galerie-braunbehrens.de\/wp-content\/uploads\/2018\/11\/125x125Velazquez-1-180x180.jpg 180w, https:\/\/www.galerie-braunbehrens.de\/wp-content\/uploads\/2018\/11\/125x125Velazquez-1-705x705.jpg 705w\" data-sizes=\"(max-width: 999px) 100vw, 999px\" class='av-horizontal-gallery-link' aria-hidden='true' data-av_icon='\ue869' data-av_iconfont='entypo-fontello' title='Velazquez, 2018, oil on canvas, 125 x 125 cm' alt=''><\/a><\/div><div class='av-horizontal-gallery-wrap noHover'><img decoding=\"async\" class='wp-image-11667 avia-img-lazy-loading-not-11667 av-horizontal-gallery-img' width=\"1027\" height=\"1030\" src=\"https:\/\/www.galerie-braunbehrens.de\/wp-content\/uploads\/2018\/11\/100x100Artificial-III-1027x1030.jpg\" title='Artificial 3, 2019, oil on canvas, 100 x 100 cm' alt='' srcset=\"https:\/\/www.galerie-braunbehrens.de\/wp-content\/uploads\/2018\/11\/100x100Artificial-III-1027x1030.jpg 1027w, https:\/\/www.galerie-braunbehrens.de\/wp-content\/uploads\/2018\/11\/100x100Artificial-III-300x300.jpg 300w, https:\/\/www.galerie-braunbehrens.de\/wp-content\/uploads\/2018\/11\/100x100Artificial-III-80x80.jpg 80w, https:\/\/www.galerie-braunbehrens.de\/wp-content\/uploads\/2018\/11\/100x100Artificial-III-768x770.jpg 768w, https:\/\/www.galerie-braunbehrens.de\/wp-content\/uploads\/2018\/11\/100x100Artificial-III-1532x1536.jpg 1532w, https:\/\/www.galerie-braunbehrens.de\/wp-content\/uploads\/2018\/11\/100x100Artificial-III-2042x2048.jpg 2042w, https:\/\/www.galerie-braunbehrens.de\/wp-content\/uploads\/2018\/11\/100x100Artificial-III-36x36.jpg 36w, https:\/\/www.galerie-braunbehrens.de\/wp-content\/uploads\/2018\/11\/100x100Artificial-III-180x180.jpg 180w, https:\/\/www.galerie-braunbehrens.de\/wp-content\/uploads\/2018\/11\/100x100Artificial-III-1496x1500.jpg 1496w, https:\/\/www.galerie-braunbehrens.de\/wp-content\/uploads\/2018\/11\/100x100Artificial-III-703x705.jpg 703w\" sizes=\"(max-width: 1027px) 100vw, 1027px\" \/><a href=\"https:\/\/www.galerie-braunbehrens.de\/wp-content\/uploads\/2018\/11\/100x100Artificial-III-1027x1030.jpg\" data-srcset=\"https:\/\/www.galerie-braunbehrens.de\/wp-content\/uploads\/2018\/11\/100x100Artificial-III-1027x1030.jpg 1027w, https:\/\/www.galerie-braunbehrens.de\/wp-content\/uploads\/2018\/11\/100x100Artificial-III-300x300.jpg 300w, https:\/\/www.galerie-braunbehrens.de\/wp-content\/uploads\/2018\/11\/100x100Artificial-III-80x80.jpg 80w, https:\/\/www.galerie-braunbehrens.de\/wp-content\/uploads\/2018\/11\/100x100Artificial-III-768x770.jpg 768w, https:\/\/www.galerie-braunbehrens.de\/wp-content\/uploads\/2018\/11\/100x100Artificial-III-1532x1536.jpg 1532w, https:\/\/www.galerie-braunbehrens.de\/wp-content\/uploads\/2018\/11\/100x100Artificial-III-2042x2048.jpg 2042w, https:\/\/www.galerie-braunbehrens.de\/wp-content\/uploads\/2018\/11\/100x100Artificial-III-36x36.jpg 36w, https:\/\/www.galerie-braunbehrens.de\/wp-content\/uploads\/2018\/11\/100x100Artificial-III-180x180.jpg 180w, https:\/\/www.galerie-braunbehrens.de\/wp-content\/uploads\/2018\/11\/100x100Artificial-III-1496x1500.jpg 1496w, https:\/\/www.galerie-braunbehrens.de\/wp-content\/uploads\/2018\/11\/100x100Artificial-III-703x705.jpg 703w\" data-sizes=\"(max-width: 1027px) 100vw, 1027px\" class='av-horizontal-gallery-link' aria-hidden='true' data-av_icon='\ue869' data-av_iconfont='entypo-fontello' title='Artificial 3, 2019, oil on canvas, 100 x 100 cm' alt=''><\/a><\/div><div class='av-horizontal-gallery-wrap noHover'><img decoding=\"async\" class='wp-image-11705 avia-img-lazy-loading-not-11705 av-horizontal-gallery-img' width=\"1030\" height=\"1018\" src=\"https:\/\/www.galerie-braunbehrens.de\/wp-content\/uploads\/2018\/11\/125x125Virpi-1030x1018.jpg\" title='Virpi, 2019, oil on canvas, 125 x 125 cm' alt='' srcset=\"https:\/\/www.galerie-braunbehrens.de\/wp-content\/uploads\/2018\/11\/125x125Virpi-1030x1018.jpg 1030w, https:\/\/www.galerie-braunbehrens.de\/wp-content\/uploads\/2018\/11\/125x125Virpi-300x296.jpg 300w, https:\/\/www.galerie-braunbehrens.de\/wp-content\/uploads\/2018\/11\/125x125Virpi-80x80.jpg 80w, https:\/\/www.galerie-braunbehrens.de\/wp-content\/uploads\/2018\/11\/125x125Virpi-768x759.jpg 768w, https:\/\/www.galerie-braunbehrens.de\/wp-content\/uploads\/2018\/11\/125x125Virpi-1536x1518.jpg 1536w, https:\/\/www.galerie-braunbehrens.de\/wp-content\/uploads\/2018\/11\/125x125Virpi-2048x2023.jpg 2048w, https:\/\/www.galerie-braunbehrens.de\/wp-content\/uploads\/2018\/11\/125x125Virpi-36x36.jpg 36w, https:\/\/www.galerie-braunbehrens.de\/wp-content\/uploads\/2018\/11\/125x125Virpi-1500x1482.jpg 1500w, https:\/\/www.galerie-braunbehrens.de\/wp-content\/uploads\/2018\/11\/125x125Virpi-705x697.jpg 705w\" sizes=\"(max-width: 1030px) 100vw, 1030px\" \/><a href=\"https:\/\/www.galerie-braunbehrens.de\/wp-content\/uploads\/2018\/11\/125x125Virpi-1030x1018.jpg\" data-srcset=\"https:\/\/www.galerie-braunbehrens.de\/wp-content\/uploads\/2018\/11\/125x125Virpi-1030x1018.jpg 1030w, https:\/\/www.galerie-braunbehrens.de\/wp-content\/uploads\/2018\/11\/125x125Virpi-300x296.jpg 300w, https:\/\/www.galerie-braunbehrens.de\/wp-content\/uploads\/2018\/11\/125x125Virpi-80x80.jpg 80w, https:\/\/www.galerie-braunbehrens.de\/wp-content\/uploads\/2018\/11\/125x125Virpi-768x759.jpg 768w, https:\/\/www.galerie-braunbehrens.de\/wp-content\/uploads\/2018\/11\/125x125Virpi-1536x1518.jpg 1536w, https:\/\/www.galerie-braunbehrens.de\/wp-content\/uploads\/2018\/11\/125x125Virpi-2048x2023.jpg 2048w, https:\/\/www.galerie-braunbehrens.de\/wp-content\/uploads\/2018\/11\/125x125Virpi-36x36.jpg 36w, https:\/\/www.galerie-braunbehrens.de\/wp-content\/uploads\/2018\/11\/125x125Virpi-1500x1482.jpg 1500w, https:\/\/www.galerie-braunbehrens.de\/wp-content\/uploads\/2018\/11\/125x125Virpi-705x697.jpg 705w\" data-sizes=\"(max-width: 1030px) 100vw, 1030px\" class='av-horizontal-gallery-link' aria-hidden='true' data-av_icon='\ue869' data-av_iconfont='entypo-fontello' title='Virpi, 2019, oil on canvas, 125 x 125 cm' alt=''><\/a><\/div><div class='av-horizontal-gallery-wrap noHover'><img decoding=\"async\" class='wp-image-11699 avia-img-lazy-loading-not-11699 av-horizontal-gallery-img' width=\"814\" height=\"1030\" src=\"https:\/\/www.galerie-braunbehrens.de\/wp-content\/uploads\/2018\/11\/50x40Maybe-Simon-Marmion-814x1030.jpg\" title='Maybe Simon Marmion, 2019, oil on canvas, 50 x 40 cm' alt='' srcset=\"https:\/\/www.galerie-braunbehrens.de\/wp-content\/uploads\/2018\/11\/50x40Maybe-Simon-Marmion-814x1030.jpg 814w, https:\/\/www.galerie-braunbehrens.de\/wp-content\/uploads\/2018\/11\/50x40Maybe-Simon-Marmion-237x300.jpg 237w, https:\/\/www.galerie-braunbehrens.de\/wp-content\/uploads\/2018\/11\/50x40Maybe-Simon-Marmion-768x972.jpg 768w, https:\/\/www.galerie-braunbehrens.de\/wp-content\/uploads\/2018\/11\/50x40Maybe-Simon-Marmion-1214x1536.jpg 1214w, https:\/\/www.galerie-braunbehrens.de\/wp-content\/uploads\/2018\/11\/50x40Maybe-Simon-Marmion-1619x2048.jpg 1619w, https:\/\/www.galerie-braunbehrens.de\/wp-content\/uploads\/2018\/11\/50x40Maybe-Simon-Marmion-1185x1500.jpg 1185w, https:\/\/www.galerie-braunbehrens.de\/wp-content\/uploads\/2018\/11\/50x40Maybe-Simon-Marmion-557x705.jpg 557w, https:\/\/www.galerie-braunbehrens.de\/wp-content\/uploads\/2018\/11\/50x40Maybe-Simon-Marmion-scaled.jpg 2023w\" sizes=\"(max-width: 814px) 100vw, 814px\" \/><a href=\"https:\/\/www.galerie-braunbehrens.de\/wp-content\/uploads\/2018\/11\/50x40Maybe-Simon-Marmion-814x1030.jpg\" data-srcset=\"https:\/\/www.galerie-braunbehrens.de\/wp-content\/uploads\/2018\/11\/50x40Maybe-Simon-Marmion-814x1030.jpg 814w, https:\/\/www.galerie-braunbehrens.de\/wp-content\/uploads\/2018\/11\/50x40Maybe-Simon-Marmion-237x300.jpg 237w, https:\/\/www.galerie-braunbehrens.de\/wp-content\/uploads\/2018\/11\/50x40Maybe-Simon-Marmion-768x972.jpg 768w, https:\/\/www.galerie-braunbehrens.de\/wp-content\/uploads\/2018\/11\/50x40Maybe-Simon-Marmion-1214x1536.jpg 1214w, https:\/\/www.galerie-braunbehrens.de\/wp-content\/uploads\/2018\/11\/50x40Maybe-Simon-Marmion-1619x2048.jpg 1619w, https:\/\/www.galerie-braunbehrens.de\/wp-content\/uploads\/2018\/11\/50x40Maybe-Simon-Marmion-1185x1500.jpg 1185w, https:\/\/www.galerie-braunbehrens.de\/wp-content\/uploads\/2018\/11\/50x40Maybe-Simon-Marmion-557x705.jpg 557w, https:\/\/www.galerie-braunbehrens.de\/wp-content\/uploads\/2018\/11\/50x40Maybe-Simon-Marmion-scaled.jpg 2023w\" data-sizes=\"(max-width: 814px) 100vw, 814px\" class='av-horizontal-gallery-link' aria-hidden='true' data-av_icon='\ue869' data-av_iconfont='entypo-fontello' title='Maybe Simon Marmion, 2019, oil on canvas, 50 x 40 cm' alt=''><\/a><\/div><div class='av-horizontal-gallery-wrap noHover'><img decoding=\"async\" class='wp-image-11697 avia-img-lazy-loading-not-11697 av-horizontal-gallery-img' width=\"1030\" height=\"1028\" src=\"https:\/\/www.galerie-braunbehrens.de\/wp-content\/uploads\/2018\/11\/60x60Dorothy-1030x1028.jpg\" title='Dorothy, 2018, oil on canvas, 60 x 60 cm' alt='' srcset=\"https:\/\/www.galerie-braunbehrens.de\/wp-content\/uploads\/2018\/11\/60x60Dorothy-1030x1028.jpg 1030w, https:\/\/www.galerie-braunbehrens.de\/wp-content\/uploads\/2018\/11\/60x60Dorothy-300x300.jpg 300w, https:\/\/www.galerie-braunbehrens.de\/wp-content\/uploads\/2018\/11\/60x60Dorothy-80x80.jpg 80w, https:\/\/www.galerie-braunbehrens.de\/wp-content\/uploads\/2018\/11\/60x60Dorothy-768x767.jpg 768w, https:\/\/www.galerie-braunbehrens.de\/wp-content\/uploads\/2018\/11\/60x60Dorothy-1536x1534.jpg 1536w, https:\/\/www.galerie-braunbehrens.de\/wp-content\/uploads\/2018\/11\/60x60Dorothy-2048x2045.jpg 2048w, https:\/\/www.galerie-braunbehrens.de\/wp-content\/uploads\/2018\/11\/60x60Dorothy-36x36.jpg 36w, https:\/\/www.galerie-braunbehrens.de\/wp-content\/uploads\/2018\/11\/60x60Dorothy-180x180.jpg 180w, https:\/\/www.galerie-braunbehrens.de\/wp-content\/uploads\/2018\/11\/60x60Dorothy-1500x1498.jpg 1500w, https:\/\/www.galerie-braunbehrens.de\/wp-content\/uploads\/2018\/11\/60x60Dorothy-705x705.jpg 705w\" sizes=\"(max-width: 1030px) 100vw, 1030px\" \/><a href=\"https:\/\/www.galerie-braunbehrens.de\/wp-content\/uploads\/2018\/11\/60x60Dorothy-1030x1028.jpg\" data-srcset=\"https:\/\/www.galerie-braunbehrens.de\/wp-content\/uploads\/2018\/11\/60x60Dorothy-1030x1028.jpg 1030w, https:\/\/www.galerie-braunbehrens.de\/wp-content\/uploads\/2018\/11\/60x60Dorothy-300x300.jpg 300w, https:\/\/www.galerie-braunbehrens.de\/wp-content\/uploads\/2018\/11\/60x60Dorothy-80x80.jpg 80w, https:\/\/www.galerie-braunbehrens.de\/wp-content\/uploads\/2018\/11\/60x60Dorothy-768x767.jpg 768w, https:\/\/www.galerie-braunbehrens.de\/wp-content\/uploads\/2018\/11\/60x60Dorothy-1536x1534.jpg 1536w, https:\/\/www.galerie-braunbehrens.de\/wp-content\/uploads\/2018\/11\/60x60Dorothy-2048x2045.jpg 2048w, https:\/\/www.galerie-braunbehrens.de\/wp-content\/uploads\/2018\/11\/60x60Dorothy-36x36.jpg 36w, https:\/\/www.galerie-braunbehrens.de\/wp-content\/uploads\/2018\/11\/60x60Dorothy-180x180.jpg 180w, https:\/\/www.galerie-braunbehrens.de\/wp-content\/uploads\/2018\/11\/60x60Dorothy-1500x1498.jpg 1500w, https:\/\/www.galerie-braunbehrens.de\/wp-content\/uploads\/2018\/11\/60x60Dorothy-705x705.jpg 705w\" data-sizes=\"(max-width: 1030px) 100vw, 1030px\" class='av-horizontal-gallery-link' aria-hidden='true' data-av_icon='\ue869' data-av_iconfont='entypo-fontello' title='Dorothy, 2018, oil on canvas, 60 x 60 cm' alt=''><\/a><\/div><div class='av-horizontal-gallery-wrap noHover'><img decoding=\"async\" class='wp-image-11695 avia-img-lazy-loading-not-11695 av-horizontal-gallery-img' width=\"823\" height=\"1030\" src=\"https:\/\/www.galerie-braunbehrens.de\/wp-content\/uploads\/2018\/11\/100x80Sofonisba-Anguissola-823x1030.jpg\" title='Sofonisba Anguissola, 2018, oil on canvas, 100 x 80 cm' alt='' srcset=\"https:\/\/www.galerie-braunbehrens.de\/wp-content\/uploads\/2018\/11\/100x80Sofonisba-Anguissola-823x1030.jpg 823w, https:\/\/www.galerie-braunbehrens.de\/wp-content\/uploads\/2018\/11\/100x80Sofonisba-Anguissola-240x300.jpg 240w, https:\/\/www.galerie-braunbehrens.de\/wp-content\/uploads\/2018\/11\/100x80Sofonisba-Anguissola-768x962.jpg 768w, https:\/\/www.galerie-braunbehrens.de\/wp-content\/uploads\/2018\/11\/100x80Sofonisba-Anguissola-1227x1536.jpg 1227w, https:\/\/www.galerie-braunbehrens.de\/wp-content\/uploads\/2018\/11\/100x80Sofonisba-Anguissola-1636x2048.jpg 1636w, https:\/\/www.galerie-braunbehrens.de\/wp-content\/uploads\/2018\/11\/100x80Sofonisba-Anguissola-1198x1500.jpg 1198w, https:\/\/www.galerie-braunbehrens.de\/wp-content\/uploads\/2018\/11\/100x80Sofonisba-Anguissola-563x705.jpg 563w, https:\/\/www.galerie-braunbehrens.de\/wp-content\/uploads\/2018\/11\/100x80Sofonisba-Anguissola-scaled.jpg 2045w\" sizes=\"(max-width: 823px) 100vw, 823px\" \/><a href=\"https:\/\/www.galerie-braunbehrens.de\/wp-content\/uploads\/2018\/11\/100x80Sofonisba-Anguissola-823x1030.jpg\" data-srcset=\"https:\/\/www.galerie-braunbehrens.de\/wp-content\/uploads\/2018\/11\/100x80Sofonisba-Anguissola-823x1030.jpg 823w, https:\/\/www.galerie-braunbehrens.de\/wp-content\/uploads\/2018\/11\/100x80Sofonisba-Anguissola-240x300.jpg 240w, https:\/\/www.galerie-braunbehrens.de\/wp-content\/uploads\/2018\/11\/100x80Sofonisba-Anguissola-768x962.jpg 768w, https:\/\/www.galerie-braunbehrens.de\/wp-content\/uploads\/2018\/11\/100x80Sofonisba-Anguissola-1227x1536.jpg 1227w, https:\/\/www.galerie-braunbehrens.de\/wp-content\/uploads\/2018\/11\/100x80Sofonisba-Anguissola-1636x2048.jpg 1636w, https:\/\/www.galerie-braunbehrens.de\/wp-content\/uploads\/2018\/11\/100x80Sofonisba-Anguissola-1198x1500.jpg 1198w, https:\/\/www.galerie-braunbehrens.de\/wp-content\/uploads\/2018\/11\/100x80Sofonisba-Anguissola-563x705.jpg 563w, https:\/\/www.galerie-braunbehrens.de\/wp-content\/uploads\/2018\/11\/100x80Sofonisba-Anguissola-scaled.jpg 2045w\" data-sizes=\"(max-width: 823px) 100vw, 823px\" class='av-horizontal-gallery-link' aria-hidden='true' data-av_icon='\ue869' data-av_iconfont='entypo-fontello' title='Sofonisba Anguissola, 2018, oil on canvas, 100 x 80 cm' alt=''><\/a><\/div><div class='av-horizontal-gallery-wrap noHover'><img decoding=\"async\" class='wp-image-11693 avia-img-lazy-loading-not-11693 av-horizontal-gallery-img' width=\"1030\" height=\"1027\" src=\"https:\/\/www.galerie-braunbehrens.de\/wp-content\/uploads\/2018\/11\/90x90Rembrandt-1030x1027.jpg\" title='Rembrandt, 2017, oil on canvas, 90 x 90 cm' alt='' srcset=\"https:\/\/www.galerie-braunbehrens.de\/wp-content\/uploads\/2018\/11\/90x90Rembrandt-1030x1027.jpg 1030w, https:\/\/www.galerie-braunbehrens.de\/wp-content\/uploads\/2018\/11\/90x90Rembrandt-300x300.jpg 300w, https:\/\/www.galerie-braunbehrens.de\/wp-content\/uploads\/2018\/11\/90x90Rembrandt-80x80.jpg 80w, https:\/\/www.galerie-braunbehrens.de\/wp-content\/uploads\/2018\/11\/90x90Rembrandt-768x766.jpg 768w, https:\/\/www.galerie-braunbehrens.de\/wp-content\/uploads\/2018\/11\/90x90Rembrandt-1536x1532.jpg 1536w, https:\/\/www.galerie-braunbehrens.de\/wp-content\/uploads\/2018\/11\/90x90Rembrandt-2048x2042.jpg 2048w, https:\/\/www.galerie-braunbehrens.de\/wp-content\/uploads\/2018\/11\/90x90Rembrandt-36x36.jpg 36w, https:\/\/www.galerie-braunbehrens.de\/wp-content\/uploads\/2018\/11\/90x90Rembrandt-180x180.jpg 180w, https:\/\/www.galerie-braunbehrens.de\/wp-content\/uploads\/2018\/11\/90x90Rembrandt-1500x1496.jpg 1500w, https:\/\/www.galerie-braunbehrens.de\/wp-content\/uploads\/2018\/11\/90x90Rembrandt-705x703.jpg 705w\" sizes=\"(max-width: 1030px) 100vw, 1030px\" \/><a href=\"https:\/\/www.galerie-braunbehrens.de\/wp-content\/uploads\/2018\/11\/90x90Rembrandt-1030x1027.jpg\" data-srcset=\"https:\/\/www.galerie-braunbehrens.de\/wp-content\/uploads\/2018\/11\/90x90Rembrandt-1030x1027.jpg 1030w, https:\/\/www.galerie-braunbehrens.de\/wp-content\/uploads\/2018\/11\/90x90Rembrandt-300x300.jpg 300w, https:\/\/www.galerie-braunbehrens.de\/wp-content\/uploads\/2018\/11\/90x90Rembrandt-80x80.jpg 80w, https:\/\/www.galerie-braunbehrens.de\/wp-content\/uploads\/2018\/11\/90x90Rembrandt-768x766.jpg 768w, https:\/\/www.galerie-braunbehrens.de\/wp-content\/uploads\/2018\/11\/90x90Rembrandt-1536x1532.jpg 1536w, https:\/\/www.galerie-braunbehrens.de\/wp-content\/uploads\/2018\/11\/90x90Rembrandt-2048x2042.jpg 2048w, https:\/\/www.galerie-braunbehrens.de\/wp-content\/uploads\/2018\/11\/90x90Rembrandt-36x36.jpg 36w, https:\/\/www.galerie-braunbehrens.de\/wp-content\/uploads\/2018\/11\/90x90Rembrandt-180x180.jpg 180w, https:\/\/www.galerie-braunbehrens.de\/wp-content\/uploads\/2018\/11\/90x90Rembrandt-1500x1496.jpg 1500w, https:\/\/www.galerie-braunbehrens.de\/wp-content\/uploads\/2018\/11\/90x90Rembrandt-705x703.jpg 705w\" data-sizes=\"(max-width: 1030px) 100vw, 1030px\" class='av-horizontal-gallery-link' aria-hidden='true' data-av_icon='\ue869' data-av_iconfont='entypo-fontello' title='Rembrandt, 2017, oil on canvas, 90 x 90 cm' alt=''><\/a><\/div><div class='av-horizontal-gallery-wrap noHover'><img decoding=\"async\" class='wp-image-11691 avia-img-lazy-loading-not-11691 av-horizontal-gallery-img' width=\"829\" height=\"1030\" src=\"https:\/\/www.galerie-braunbehrens.de\/wp-content\/uploads\/2018\/11\/100x80Young-Marilyn-6-829x1030.jpg\" title='Young Marilyn 6, 2017, oil on canvas, 100 x 80 cm' alt='' srcset=\"https:\/\/www.galerie-braunbehrens.de\/wp-content\/uploads\/2018\/11\/100x80Young-Marilyn-6-829x1030.jpg 829w, https:\/\/www.galerie-braunbehrens.de\/wp-content\/uploads\/2018\/11\/100x80Young-Marilyn-6-241x300.jpg 241w, https:\/\/www.galerie-braunbehrens.de\/wp-content\/uploads\/2018\/11\/100x80Young-Marilyn-6-768x955.jpg 768w, https:\/\/www.galerie-braunbehrens.de\/wp-content\/uploads\/2018\/11\/100x80Young-Marilyn-6-1236x1536.jpg 1236w, https:\/\/www.galerie-braunbehrens.de\/wp-content\/uploads\/2018\/11\/100x80Young-Marilyn-6-1207x1500.jpg 1207w, https:\/\/www.galerie-braunbehrens.de\/wp-content\/uploads\/2018\/11\/100x80Young-Marilyn-6-567x705.jpg 567w, https:\/\/www.galerie-braunbehrens.de\/wp-content\/uploads\/2018\/11\/100x80Young-Marilyn-6.jpg 1350w\" sizes=\"(max-width: 829px) 100vw, 829px\" \/><a href=\"https:\/\/www.galerie-braunbehrens.de\/wp-content\/uploads\/2018\/11\/100x80Young-Marilyn-6-829x1030.jpg\" data-srcset=\"https:\/\/www.galerie-braunbehrens.de\/wp-content\/uploads\/2018\/11\/100x80Young-Marilyn-6-829x1030.jpg 829w, https:\/\/www.galerie-braunbehrens.de\/wp-content\/uploads\/2018\/11\/100x80Young-Marilyn-6-241x300.jpg 241w, https:\/\/www.galerie-braunbehrens.de\/wp-content\/uploads\/2018\/11\/100x80Young-Marilyn-6-768x955.jpg 768w, https:\/\/www.galerie-braunbehrens.de\/wp-content\/uploads\/2018\/11\/100x80Young-Marilyn-6-1236x1536.jpg 1236w, https:\/\/www.galerie-braunbehrens.de\/wp-content\/uploads\/2018\/11\/100x80Young-Marilyn-6-1207x1500.jpg 1207w, https:\/\/www.galerie-braunbehrens.de\/wp-content\/uploads\/2018\/11\/100x80Young-Marilyn-6-567x705.jpg 567w, https:\/\/www.galerie-braunbehrens.de\/wp-content\/uploads\/2018\/11\/100x80Young-Marilyn-6.jpg 1350w\" data-sizes=\"(max-width: 829px) 100vw, 829px\" class='av-horizontal-gallery-link' aria-hidden='true' data-av_icon='\ue869' data-av_iconfont='entypo-fontello' title='Young Marilyn 6, 2017, oil on canvas, 100 x 80 cm' alt=''><\/a><\/div><div class='av-horizontal-gallery-wrap noHover'><img decoding=\"async\" class='wp-image-11689 avia-img-lazy-loading-not-11689 av-horizontal-gallery-img' width=\"1000\" height=\"750\" src=\"https:\/\/www.galerie-braunbehrens.de\/wp-content\/uploads\/2018\/11\/180x240Young-Marilyn-7.jpg\" title='Young Marilyn 7, 2017, oil on canvas, 180 x 240 cm' alt='' srcset=\"https:\/\/www.galerie-braunbehrens.de\/wp-content\/uploads\/2018\/11\/180x240Young-Marilyn-7.jpg 1000w, https:\/\/www.galerie-braunbehrens.de\/wp-content\/uploads\/2018\/11\/180x240Young-Marilyn-7-300x225.jpg 300w, https:\/\/www.galerie-braunbehrens.de\/wp-content\/uploads\/2018\/11\/180x240Young-Marilyn-7-768x576.jpg 768w, https:\/\/www.galerie-braunbehrens.de\/wp-content\/uploads\/2018\/11\/180x240Young-Marilyn-7-705x529.jpg 705w\" sizes=\"(max-width: 1000px) 100vw, 1000px\" \/><a href=\"https:\/\/www.galerie-braunbehrens.de\/wp-content\/uploads\/2018\/11\/180x240Young-Marilyn-7.jpg\" data-srcset=\"https:\/\/www.galerie-braunbehrens.de\/wp-content\/uploads\/2018\/11\/180x240Young-Marilyn-7.jpg 1000w, https:\/\/www.galerie-braunbehrens.de\/wp-content\/uploads\/2018\/11\/180x240Young-Marilyn-7-300x225.jpg 300w, https:\/\/www.galerie-braunbehrens.de\/wp-content\/uploads\/2018\/11\/180x240Young-Marilyn-7-768x576.jpg 768w, https:\/\/www.galerie-braunbehrens.de\/wp-content\/uploads\/2018\/11\/180x240Young-Marilyn-7-705x529.jpg 705w\" data-sizes=\"(max-width: 1000px) 100vw, 1000px\" class='av-horizontal-gallery-link' aria-hidden='true' data-av_icon='\ue869' data-av_iconfont='entypo-fontello' title='Young Marilyn 7, 2017, oil on canvas, 180 x 240 cm' alt=''><\/a><\/div><div class='av-horizontal-gallery-wrap noHover'><img decoding=\"async\" class='wp-image-11687 avia-img-lazy-loading-not-11687 av-horizontal-gallery-img' width=\"997\" height=\"1000\" src=\"https:\/\/www.galerie-braunbehrens.de\/wp-content\/uploads\/2018\/11\/180x180Young-Marilyn-10-1.jpg\" title='Young Marilyn 10, 2017, oil on canvas, 180 x 180 cm' alt='' srcset=\"https:\/\/www.galerie-braunbehrens.de\/wp-content\/uploads\/2018\/11\/180x180Young-Marilyn-10-1.jpg 997w, https:\/\/www.galerie-braunbehrens.de\/wp-content\/uploads\/2018\/11\/180x180Young-Marilyn-10-1-300x300.jpg 300w, https:\/\/www.galerie-braunbehrens.de\/wp-content\/uploads\/2018\/11\/180x180Young-Marilyn-10-1-80x80.jpg 80w, https:\/\/www.galerie-braunbehrens.de\/wp-content\/uploads\/2018\/11\/180x180Young-Marilyn-10-1-768x770.jpg 768w, https:\/\/www.galerie-braunbehrens.de\/wp-content\/uploads\/2018\/11\/180x180Young-Marilyn-10-1-36x36.jpg 36w, https:\/\/www.galerie-braunbehrens.de\/wp-content\/uploads\/2018\/11\/180x180Young-Marilyn-10-1-180x180.jpg 180w, https:\/\/www.galerie-braunbehrens.de\/wp-content\/uploads\/2018\/11\/180x180Young-Marilyn-10-1-703x705.jpg 703w\" sizes=\"(max-width: 997px) 100vw, 997px\" \/><a href=\"https:\/\/www.galerie-braunbehrens.de\/wp-content\/uploads\/2018\/11\/180x180Young-Marilyn-10-1.jpg\" data-srcset=\"https:\/\/www.galerie-braunbehrens.de\/wp-content\/uploads\/2018\/11\/180x180Young-Marilyn-10-1.jpg 997w, https:\/\/www.galerie-braunbehrens.de\/wp-content\/uploads\/2018\/11\/180x180Young-Marilyn-10-1-300x300.jpg 300w, https:\/\/www.galerie-braunbehrens.de\/wp-content\/uploads\/2018\/11\/180x180Young-Marilyn-10-1-80x80.jpg 80w, https:\/\/www.galerie-braunbehrens.de\/wp-content\/uploads\/2018\/11\/180x180Young-Marilyn-10-1-768x770.jpg 768w, https:\/\/www.galerie-braunbehrens.de\/wp-content\/uploads\/2018\/11\/180x180Young-Marilyn-10-1-36x36.jpg 36w, https:\/\/www.galerie-braunbehrens.de\/wp-content\/uploads\/2018\/11\/180x180Young-Marilyn-10-1-180x180.jpg 180w, https:\/\/www.galerie-braunbehrens.de\/wp-content\/uploads\/2018\/11\/180x180Young-Marilyn-10-1-703x705.jpg 703w\" data-sizes=\"(max-width: 997px) 100vw, 997px\" class='av-horizontal-gallery-link' aria-hidden='true' data-av_icon='\ue869' data-av_iconfont='entypo-fontello' title='Young Marilyn 10, 2017, oil on canvas, 180 x 180 cm' alt=''><\/a><\/div><div class='av-horizontal-gallery-wrap noHover'><img decoding=\"async\" class='wp-image-11683 avia-img-lazy-loading-not-11683 av-horizontal-gallery-img' width=\"992\" height=\"1000\" src=\"https:\/\/www.galerie-braunbehrens.de\/wp-content\/uploads\/2018\/11\/50x50Portrait-of-an-Artificial-Lady-2.jpg\" title='Portrait of An Artificial Lady, 2019, oil on canvas, 50 x 50 cm' alt='' srcset=\"https:\/\/www.galerie-braunbehrens.de\/wp-content\/uploads\/2018\/11\/50x50Portrait-of-an-Artificial-Lady-2.jpg 992w, https:\/\/www.galerie-braunbehrens.de\/wp-content\/uploads\/2018\/11\/50x50Portrait-of-an-Artificial-Lady-2-298x300.jpg 298w, https:\/\/www.galerie-braunbehrens.de\/wp-content\/uploads\/2018\/11\/50x50Portrait-of-an-Artificial-Lady-2-80x80.jpg 80w, https:\/\/www.galerie-braunbehrens.de\/wp-content\/uploads\/2018\/11\/50x50Portrait-of-an-Artificial-Lady-2-768x774.jpg 768w, https:\/\/www.galerie-braunbehrens.de\/wp-content\/uploads\/2018\/11\/50x50Portrait-of-an-Artificial-Lady-2-36x36.jpg 36w, https:\/\/www.galerie-braunbehrens.de\/wp-content\/uploads\/2018\/11\/50x50Portrait-of-an-Artificial-Lady-2-180x180.jpg 180w, https:\/\/www.galerie-braunbehrens.de\/wp-content\/uploads\/2018\/11\/50x50Portrait-of-an-Artificial-Lady-2-699x705.jpg 699w\" sizes=\"(max-width: 992px) 100vw, 992px\" \/><a href=\"https:\/\/www.galerie-braunbehrens.de\/wp-content\/uploads\/2018\/11\/50x50Portrait-of-an-Artificial-Lady-2.jpg\" data-srcset=\"https:\/\/www.galerie-braunbehrens.de\/wp-content\/uploads\/2018\/11\/50x50Portrait-of-an-Artificial-Lady-2.jpg 992w, https:\/\/www.galerie-braunbehrens.de\/wp-content\/uploads\/2018\/11\/50x50Portrait-of-an-Artificial-Lady-2-298x300.jpg 298w, https:\/\/www.galerie-braunbehrens.de\/wp-content\/uploads\/2018\/11\/50x50Portrait-of-an-Artificial-Lady-2-80x80.jpg 80w, https:\/\/www.galerie-braunbehrens.de\/wp-content\/uploads\/2018\/11\/50x50Portrait-of-an-Artificial-Lady-2-768x774.jpg 768w, https:\/\/www.galerie-braunbehrens.de\/wp-content\/uploads\/2018\/11\/50x50Portrait-of-an-Artificial-Lady-2-36x36.jpg 36w, https:\/\/www.galerie-braunbehrens.de\/wp-content\/uploads\/2018\/11\/50x50Portrait-of-an-Artificial-Lady-2-180x180.jpg 180w, https:\/\/www.galerie-braunbehrens.de\/wp-content\/uploads\/2018\/11\/50x50Portrait-of-an-Artificial-Lady-2-699x705.jpg 699w\" data-sizes=\"(max-width: 992px) 100vw, 992px\" class='av-horizontal-gallery-link' aria-hidden='true' data-av_icon='\ue869' data-av_iconfont='entypo-fontello' title='Portrait of An Artificial Lady, 2019, oil on canvas, 50 x 50 cm' alt=''><\/a><\/div><div class='av-horizontal-gallery-wrap noHover'><img decoding=\"async\" class='wp-image-11675 avia-img-lazy-loading-not-11675 av-horizontal-gallery-img' width=\"1026\" height=\"1030\" src=\"https:\/\/www.galerie-braunbehrens.de\/wp-content\/uploads\/2018\/11\/50x50Johanna-1026x1030.jpg\" title='Johanna, 2019, oil on canvas, 50 x 50 cm' alt='' srcset=\"https:\/\/www.galerie-braunbehrens.de\/wp-content\/uploads\/2018\/11\/50x50Johanna-1026x1030.jpg 1026w, https:\/\/www.galerie-braunbehrens.de\/wp-content\/uploads\/2018\/11\/50x50Johanna-300x300.jpg 300w, https:\/\/www.galerie-braunbehrens.de\/wp-content\/uploads\/2018\/11\/50x50Johanna-80x80.jpg 80w, https:\/\/www.galerie-braunbehrens.de\/wp-content\/uploads\/2018\/11\/50x50Johanna-768x771.jpg 768w, https:\/\/www.galerie-braunbehrens.de\/wp-content\/uploads\/2018\/11\/50x50Johanna-1529x1536.jpg 1529w, https:\/\/www.galerie-braunbehrens.de\/wp-content\/uploads\/2018\/11\/50x50Johanna-2039x2048.jpg 2039w, https:\/\/www.galerie-braunbehrens.de\/wp-content\/uploads\/2018\/11\/50x50Johanna-36x36.jpg 36w, https:\/\/www.galerie-braunbehrens.de\/wp-content\/uploads\/2018\/11\/50x50Johanna-180x180.jpg 180w, https:\/\/www.galerie-braunbehrens.de\/wp-content\/uploads\/2018\/11\/50x50Johanna-1494x1500.jpg 1494w, https:\/\/www.galerie-braunbehrens.de\/wp-content\/uploads\/2018\/11\/50x50Johanna-702x705.jpg 702w\" sizes=\"(max-width: 1026px) 100vw, 1026px\" \/><a href=\"https:\/\/www.galerie-braunbehrens.de\/wp-content\/uploads\/2018\/11\/50x50Johanna-1026x1030.jpg\" data-srcset=\"https:\/\/www.galerie-braunbehrens.de\/wp-content\/uploads\/2018\/11\/50x50Johanna-1026x1030.jpg 1026w, https:\/\/www.galerie-braunbehrens.de\/wp-content\/uploads\/2018\/11\/50x50Johanna-300x300.jpg 300w, https:\/\/www.galerie-braunbehrens.de\/wp-content\/uploads\/2018\/11\/50x50Johanna-80x80.jpg 80w, https:\/\/www.galerie-braunbehrens.de\/wp-content\/uploads\/2018\/11\/50x50Johanna-768x771.jpg 768w, https:\/\/www.galerie-braunbehrens.de\/wp-content\/uploads\/2018\/11\/50x50Johanna-1529x1536.jpg 1529w, https:\/\/www.galerie-braunbehrens.de\/wp-content\/uploads\/2018\/11\/50x50Johanna-2039x2048.jpg 2039w, https:\/\/www.galerie-braunbehrens.de\/wp-content\/uploads\/2018\/11\/50x50Johanna-36x36.jpg 36w, https:\/\/www.galerie-braunbehrens.de\/wp-content\/uploads\/2018\/11\/50x50Johanna-180x180.jpg 180w, https:\/\/www.galerie-braunbehrens.de\/wp-content\/uploads\/2018\/11\/50x50Johanna-1494x1500.jpg 1494w, https:\/\/www.galerie-braunbehrens.de\/wp-content\/uploads\/2018\/11\/50x50Johanna-702x705.jpg 702w\" data-sizes=\"(max-width: 1026px) 100vw, 1026px\" class='av-horizontal-gallery-link' aria-hidden='true' data-av_icon='\ue869' data-av_iconfont='entypo-fontello' title='Johanna, 2019, oil on canvas, 50 x 50 cm' alt=''><\/a><\/div><div class='av-horizontal-gallery-wrap noHover'><img decoding=\"async\" class='wp-image-11673 avia-img-lazy-loading-not-11673 av-horizontal-gallery-img' width=\"827\" height=\"1030\" src=\"https:\/\/www.galerie-braunbehrens.de\/wp-content\/uploads\/2018\/11\/100x80Unshared-selfie-6-827x1030.jpg\" title='Unshared Selfie 6, 2019, oil on canvas, 100 x 80 cm' alt='' srcset=\"https:\/\/www.galerie-braunbehrens.de\/wp-content\/uploads\/2018\/11\/100x80Unshared-selfie-6-827x1030.jpg 827w, https:\/\/www.galerie-braunbehrens.de\/wp-content\/uploads\/2018\/11\/100x80Unshared-selfie-6-241x300.jpg 241w, https:\/\/www.galerie-braunbehrens.de\/wp-content\/uploads\/2018\/11\/100x80Unshared-selfie-6-768x957.jpg 768w, https:\/\/www.galerie-braunbehrens.de\/wp-content\/uploads\/2018\/11\/100x80Unshared-selfie-6-1233x1536.jpg 1233w, https:\/\/www.galerie-braunbehrens.de\/wp-content\/uploads\/2018\/11\/100x80Unshared-selfie-6-1644x2048.jpg 1644w, https:\/\/www.galerie-braunbehrens.de\/wp-content\/uploads\/2018\/11\/100x80Unshared-selfie-6-1204x1500.jpg 1204w, https:\/\/www.galerie-braunbehrens.de\/wp-content\/uploads\/2018\/11\/100x80Unshared-selfie-6-566x705.jpg 566w\" sizes=\"(max-width: 827px) 100vw, 827px\" \/><a href=\"https:\/\/www.galerie-braunbehrens.de\/wp-content\/uploads\/2018\/11\/100x80Unshared-selfie-6-827x1030.jpg\" data-srcset=\"https:\/\/www.galerie-braunbehrens.de\/wp-content\/uploads\/2018\/11\/100x80Unshared-selfie-6-827x1030.jpg 827w, https:\/\/www.galerie-braunbehrens.de\/wp-content\/uploads\/2018\/11\/100x80Unshared-selfie-6-241x300.jpg 241w, https:\/\/www.galerie-braunbehrens.de\/wp-content\/uploads\/2018\/11\/100x80Unshared-selfie-6-768x957.jpg 768w, https:\/\/www.galerie-braunbehrens.de\/wp-content\/uploads\/2018\/11\/100x80Unshared-selfie-6-1233x1536.jpg 1233w, https:\/\/www.galerie-braunbehrens.de\/wp-content\/uploads\/2018\/11\/100x80Unshared-selfie-6-1644x2048.jpg 1644w, https:\/\/www.galerie-braunbehrens.de\/wp-content\/uploads\/2018\/11\/100x80Unshared-selfie-6-1204x1500.jpg 1204w, https:\/\/www.galerie-braunbehrens.de\/wp-content\/uploads\/2018\/11\/100x80Unshared-selfie-6-566x705.jpg 566w\" data-sizes=\"(max-width: 827px) 100vw, 827px\" class='av-horizontal-gallery-link' aria-hidden='true' data-av_icon='\ue869' data-av_iconfont='entypo-fontello' title='Unshared Selfie 6, 2019, oil on canvas, 100 x 80 cm' alt=''><\/a><\/div><div class='av-horizontal-gallery-wrap noHover'><img decoding=\"async\" class='wp-image-11671 avia-img-lazy-loading-not-11671 av-horizontal-gallery-img' width=\"823\" height=\"1030\" src=\"https:\/\/www.galerie-braunbehrens.de\/wp-content\/uploads\/2018\/11\/125x100Obama-823x1030.jpg\" title='Barack Obama, 2019, oil on canvas, 125 x 100 cm' alt='' srcset=\"https:\/\/www.galerie-braunbehrens.de\/wp-content\/uploads\/2018\/11\/125x100Obama-823x1030.jpg 823w, https:\/\/www.galerie-braunbehrens.de\/wp-content\/uploads\/2018\/11\/125x100Obama-240x300.jpg 240w, https:\/\/www.galerie-braunbehrens.de\/wp-content\/uploads\/2018\/11\/125x100Obama-768x961.jpg 768w, https:\/\/www.galerie-braunbehrens.de\/wp-content\/uploads\/2018\/11\/125x100Obama-1228x1536.jpg 1228w, https:\/\/www.galerie-braunbehrens.de\/wp-content\/uploads\/2018\/11\/125x100Obama-1199x1500.jpg 1199w, https:\/\/www.galerie-braunbehrens.de\/wp-content\/uploads\/2018\/11\/125x100Obama-563x705.jpg 563w, https:\/\/www.galerie-braunbehrens.de\/wp-content\/uploads\/2018\/11\/125x100Obama.jpg 1628w\" sizes=\"(max-width: 823px) 100vw, 823px\" \/><a href=\"https:\/\/www.galerie-braunbehrens.de\/wp-content\/uploads\/2018\/11\/125x100Obama-823x1030.jpg\" data-srcset=\"https:\/\/www.galerie-braunbehrens.de\/wp-content\/uploads\/2018\/11\/125x100Obama-823x1030.jpg 823w, https:\/\/www.galerie-braunbehrens.de\/wp-content\/uploads\/2018\/11\/125x100Obama-240x300.jpg 240w, https:\/\/www.galerie-braunbehrens.de\/wp-content\/uploads\/2018\/11\/125x100Obama-768x961.jpg 768w, https:\/\/www.galerie-braunbehrens.de\/wp-content\/uploads\/2018\/11\/125x100Obama-1228x1536.jpg 1228w, https:\/\/www.galerie-braunbehrens.de\/wp-content\/uploads\/2018\/11\/125x100Obama-1199x1500.jpg 1199w, https:\/\/www.galerie-braunbehrens.de\/wp-content\/uploads\/2018\/11\/125x100Obama-563x705.jpg 563w, https:\/\/www.galerie-braunbehrens.de\/wp-content\/uploads\/2018\/11\/125x100Obama.jpg 1628w\" data-sizes=\"(max-width: 823px) 100vw, 823px\" class='av-horizontal-gallery-link' aria-hidden='true' data-av_icon='\ue869' data-av_iconfont='entypo-fontello' title='Barack Obama, 2019, oil on canvas, 125 x 100 cm' alt=''><\/a><\/div><div class='av-horizontal-gallery-wrap noHover'><img decoding=\"async\" class='wp-image-11669 avia-img-lazy-loading-not-11669 av-horizontal-gallery-img' width=\"823\" height=\"1030\" src=\"https:\/\/www.galerie-braunbehrens.de\/wp-content\/uploads\/2018\/11\/125x100Mark-Zuckerberg-823x1030.jpg\" title='Mark Zuckerberg, 2018, oil on canvas, 125 x 100 cm' alt='' srcset=\"https:\/\/www.galerie-braunbehrens.de\/wp-content\/uploads\/2018\/11\/125x100Mark-Zuckerberg-823x1030.jpg 823w, https:\/\/www.galerie-braunbehrens.de\/wp-content\/uploads\/2018\/11\/125x100Mark-Zuckerberg-240x300.jpg 240w, https:\/\/www.galerie-braunbehrens.de\/wp-content\/uploads\/2018\/11\/125x100Mark-Zuckerberg-768x961.jpg 768w, https:\/\/www.galerie-braunbehrens.de\/wp-content\/uploads\/2018\/11\/125x100Mark-Zuckerberg-1228x1536.jpg 1228w, https:\/\/www.galerie-braunbehrens.de\/wp-content\/uploads\/2018\/11\/125x100Mark-Zuckerberg-1637x2048.jpg 1637w, https:\/\/www.galerie-braunbehrens.de\/wp-content\/uploads\/2018\/11\/125x100Mark-Zuckerberg-1199x1500.jpg 1199w, https:\/\/www.galerie-braunbehrens.de\/wp-content\/uploads\/2018\/11\/125x100Mark-Zuckerberg-564x705.jpg 564w, https:\/\/www.galerie-braunbehrens.de\/wp-content\/uploads\/2018\/11\/125x100Mark-Zuckerberg-scaled.jpg 2047w\" sizes=\"(max-width: 823px) 100vw, 823px\" \/><a href=\"https:\/\/www.galerie-braunbehrens.de\/wp-content\/uploads\/2018\/11\/125x100Mark-Zuckerberg-823x1030.jpg\" data-srcset=\"https:\/\/www.galerie-braunbehrens.de\/wp-content\/uploads\/2018\/11\/125x100Mark-Zuckerberg-823x1030.jpg 823w, https:\/\/www.galerie-braunbehrens.de\/wp-content\/uploads\/2018\/11\/125x100Mark-Zuckerberg-240x300.jpg 240w, https:\/\/www.galerie-braunbehrens.de\/wp-content\/uploads\/2018\/11\/125x100Mark-Zuckerberg-768x961.jpg 768w, https:\/\/www.galerie-braunbehrens.de\/wp-content\/uploads\/2018\/11\/125x100Mark-Zuckerberg-1228x1536.jpg 1228w, https:\/\/www.galerie-braunbehrens.de\/wp-content\/uploads\/2018\/11\/125x100Mark-Zuckerberg-1637x2048.jpg 1637w, https:\/\/www.galerie-braunbehrens.de\/wp-content\/uploads\/2018\/11\/125x100Mark-Zuckerberg-1199x1500.jpg 1199w, https:\/\/www.galerie-braunbehrens.de\/wp-content\/uploads\/2018\/11\/125x100Mark-Zuckerberg-564x705.jpg 564w, https:\/\/www.galerie-braunbehrens.de\/wp-content\/uploads\/2018\/11\/125x100Mark-Zuckerberg-scaled.jpg 2047w\" data-sizes=\"(max-width: 823px) 100vw, 823px\" class='av-horizontal-gallery-link' aria-hidden='true' data-av_icon='\ue869' data-av_iconfont='entypo-fontello' title='Mark Zuckerberg, 2018, oil on canvas, 125 x 100 cm' alt=''><\/a><\/div><div class='av-horizontal-gallery-wrap noHover'><img decoding=\"async\" class='wp-image-11665 avia-img-lazy-loading-not-11665 av-horizontal-gallery-img' width=\"1027\" height=\"1030\" src=\"https:\/\/www.galerie-braunbehrens.de\/wp-content\/uploads\/2018\/11\/100x100Artificial-II-1027x1030.jpg\" title='Artificial 2, 2019, oil on canvas, 100 x 100 cm' alt='' srcset=\"https:\/\/www.galerie-braunbehrens.de\/wp-content\/uploads\/2018\/11\/100x100Artificial-II-1027x1030.jpg 1027w, https:\/\/www.galerie-braunbehrens.de\/wp-content\/uploads\/2018\/11\/100x100Artificial-II-300x300.jpg 300w, https:\/\/www.galerie-braunbehrens.de\/wp-content\/uploads\/2018\/11\/100x100Artificial-II-80x80.jpg 80w, https:\/\/www.galerie-braunbehrens.de\/wp-content\/uploads\/2018\/11\/100x100Artificial-II-768x770.jpg 768w, https:\/\/www.galerie-braunbehrens.de\/wp-content\/uploads\/2018\/11\/100x100Artificial-II-1531x1536.jpg 1531w, https:\/\/www.galerie-braunbehrens.de\/wp-content\/uploads\/2018\/11\/100x100Artificial-II-2042x2048.jpg 2042w, https:\/\/www.galerie-braunbehrens.de\/wp-content\/uploads\/2018\/11\/100x100Artificial-II-36x36.jpg 36w, https:\/\/www.galerie-braunbehrens.de\/wp-content\/uploads\/2018\/11\/100x100Artificial-II-180x180.jpg 180w, https:\/\/www.galerie-braunbehrens.de\/wp-content\/uploads\/2018\/11\/100x100Artificial-II-1495x1500.jpg 1495w, https:\/\/www.galerie-braunbehrens.de\/wp-content\/uploads\/2018\/11\/100x100Artificial-II-703x705.jpg 703w\" sizes=\"(max-width: 1027px) 100vw, 1027px\" \/><a href=\"https:\/\/www.galerie-braunbehrens.de\/wp-content\/uploads\/2018\/11\/100x100Artificial-II-1027x1030.jpg\" data-srcset=\"https:\/\/www.galerie-braunbehrens.de\/wp-content\/uploads\/2018\/11\/100x100Artificial-II-1027x1030.jpg 1027w, https:\/\/www.galerie-braunbehrens.de\/wp-content\/uploads\/2018\/11\/100x100Artificial-II-300x300.jpg 300w, https:\/\/www.galerie-braunbehrens.de\/wp-content\/uploads\/2018\/11\/100x100Artificial-II-80x80.jpg 80w, https:\/\/www.galerie-braunbehrens.de\/wp-content\/uploads\/2018\/11\/100x100Artificial-II-768x770.jpg 768w, https:\/\/www.galerie-braunbehrens.de\/wp-content\/uploads\/2018\/11\/100x100Artificial-II-1531x1536.jpg 1531w, https:\/\/www.galerie-braunbehrens.de\/wp-content\/uploads\/2018\/11\/100x100Artificial-II-2042x2048.jpg 2042w, https:\/\/www.galerie-braunbehrens.de\/wp-content\/uploads\/2018\/11\/100x100Artificial-II-36x36.jpg 36w, https:\/\/www.galerie-braunbehrens.de\/wp-content\/uploads\/2018\/11\/100x100Artificial-II-180x180.jpg 180w, https:\/\/www.galerie-braunbehrens.de\/wp-content\/uploads\/2018\/11\/100x100Artificial-II-1495x1500.jpg 1495w, https:\/\/www.galerie-braunbehrens.de\/wp-content\/uploads\/2018\/11\/100x100Artificial-II-703x705.jpg 703w\" data-sizes=\"(max-width: 1027px) 100vw, 1027px\" class='av-horizontal-gallery-link' aria-hidden='true' data-av_icon='\ue869' data-av_iconfont='entypo-fontello' title='Artificial 2, 2019, oil on canvas, 100 x 100 cm' alt=''><\/a><\/div><div class='av-horizontal-gallery-wrap noHover'><img decoding=\"async\" class='wp-image-11663 avia-img-lazy-loading-not-11663 av-horizontal-gallery-img' width=\"1030\" height=\"1024\" src=\"https:\/\/www.galerie-braunbehrens.de\/wp-content\/uploads\/2018\/11\/100x100Artificial-I-1030x1024.jpg\" title='Artificial 1, 2019, oil on canvas, 100 x 100 cm' alt='' srcset=\"https:\/\/www.galerie-braunbehrens.de\/wp-content\/uploads\/2018\/11\/100x100Artificial-I-1030x1024.jpg 1030w, https:\/\/www.galerie-braunbehrens.de\/wp-content\/uploads\/2018\/11\/100x100Artificial-I-300x298.jpg 300w, https:\/\/www.galerie-braunbehrens.de\/wp-content\/uploads\/2018\/11\/100x100Artificial-I-80x80.jpg 80w, https:\/\/www.galerie-braunbehrens.de\/wp-content\/uploads\/2018\/11\/100x100Artificial-I-768x764.jpg 768w, https:\/\/www.galerie-braunbehrens.de\/wp-content\/uploads\/2018\/11\/100x100Artificial-I-1536x1527.jpg 1536w, https:\/\/www.galerie-braunbehrens.de\/wp-content\/uploads\/2018\/11\/100x100Artificial-I-2048x2036.jpg 2048w, https:\/\/www.galerie-braunbehrens.de\/wp-content\/uploads\/2018\/11\/100x100Artificial-I-36x36.jpg 36w, https:\/\/www.galerie-braunbehrens.de\/wp-content\/uploads\/2018\/11\/100x100Artificial-I-180x180.jpg 180w, https:\/\/www.galerie-braunbehrens.de\/wp-content\/uploads\/2018\/11\/100x100Artificial-I-1500x1491.jpg 1500w, https:\/\/www.galerie-braunbehrens.de\/wp-content\/uploads\/2018\/11\/100x100Artificial-I-705x701.jpg 705w\" sizes=\"(max-width: 1030px) 100vw, 1030px\" \/><a href=\"https:\/\/www.galerie-braunbehrens.de\/wp-content\/uploads\/2018\/11\/100x100Artificial-I-1030x1024.jpg\" data-srcset=\"https:\/\/www.galerie-braunbehrens.de\/wp-content\/uploads\/2018\/11\/100x100Artificial-I-1030x1024.jpg 1030w, https:\/\/www.galerie-braunbehrens.de\/wp-content\/uploads\/2018\/11\/100x100Artificial-I-300x298.jpg 300w, https:\/\/www.galerie-braunbehrens.de\/wp-content\/uploads\/2018\/11\/100x100Artificial-I-80x80.jpg 80w, https:\/\/www.galerie-braunbehrens.de\/wp-content\/uploads\/2018\/11\/100x100Artificial-I-768x764.jpg 768w, https:\/\/www.galerie-braunbehrens.de\/wp-content\/uploads\/2018\/11\/100x100Artificial-I-1536x1527.jpg 1536w, https:\/\/www.galerie-braunbehrens.de\/wp-content\/uploads\/2018\/11\/100x100Artificial-I-2048x2036.jpg 2048w, https:\/\/www.galerie-braunbehrens.de\/wp-content\/uploads\/2018\/11\/100x100Artificial-I-36x36.jpg 36w, https:\/\/www.galerie-braunbehrens.de\/wp-content\/uploads\/2018\/11\/100x100Artificial-I-180x180.jpg 180w, https:\/\/www.galerie-braunbehrens.de\/wp-content\/uploads\/2018\/11\/100x100Artificial-I-1500x1491.jpg 1500w, https:\/\/www.galerie-braunbehrens.de\/wp-content\/uploads\/2018\/11\/100x100Artificial-I-705x701.jpg 705w\" data-sizes=\"(max-width: 1030px) 100vw, 1030px\" class='av-horizontal-gallery-link' aria-hidden='true' data-av_icon='\ue869' data-av_iconfont='entypo-fontello' title='Artificial 1, 2019, oil on canvas, 100 x 100 cm' alt=''><\/a><\/div><div class='av-horizontal-gallery-wrap noHover'><img decoding=\"async\" class='wp-image-11661 avia-img-lazy-loading-not-11661 av-horizontal-gallery-img' width=\"828\" height=\"1030\" src=\"https:\/\/www.galerie-braunbehrens.de\/wp-content\/uploads\/2018\/11\/50x40Head_of_a_women-D\u00fcrer-828x1030.jpg\" title='Head of A Woman (D\u00fcrer), 2019, oil on canvas, 50 x 40 cm' alt='' srcset=\"https:\/\/www.galerie-braunbehrens.de\/wp-content\/uploads\/2018\/11\/50x40Head_of_a_women-D\u00fcrer-828x1030.jpg 828w, https:\/\/www.galerie-braunbehrens.de\/wp-content\/uploads\/2018\/11\/50x40Head_of_a_women-D\u00fcrer-241x300.jpg 241w, https:\/\/www.galerie-braunbehrens.de\/wp-content\/uploads\/2018\/11\/50x40Head_of_a_women-D\u00fcrer-768x956.jpg 768w, https:\/\/www.galerie-braunbehrens.de\/wp-content\/uploads\/2018\/11\/50x40Head_of_a_women-D\u00fcrer-1234x1536.jpg 1234w, https:\/\/www.galerie-braunbehrens.de\/wp-content\/uploads\/2018\/11\/50x40Head_of_a_women-D\u00fcrer-1646x2048.jpg 1646w, https:\/\/www.galerie-braunbehrens.de\/wp-content\/uploads\/2018\/11\/50x40Head_of_a_women-D\u00fcrer-1205x1500.jpg 1205w, https:\/\/www.galerie-braunbehrens.de\/wp-content\/uploads\/2018\/11\/50x40Head_of_a_women-D\u00fcrer-567x705.jpg 567w, https:\/\/www.galerie-braunbehrens.de\/wp-content\/uploads\/2018\/11\/50x40Head_of_a_women-D\u00fcrer.jpg 1993w\" sizes=\"(max-width: 828px) 100vw, 828px\" \/><a href=\"https:\/\/www.galerie-braunbehrens.de\/wp-content\/uploads\/2018\/11\/50x40Head_of_a_women-D\u00fcrer-828x1030.jpg\" data-srcset=\"https:\/\/www.galerie-braunbehrens.de\/wp-content\/uploads\/2018\/11\/50x40Head_of_a_women-D\u00fcrer-828x1030.jpg 828w, https:\/\/www.galerie-braunbehrens.de\/wp-content\/uploads\/2018\/11\/50x40Head_of_a_women-D\u00fcrer-241x300.jpg 241w, https:\/\/www.galerie-braunbehrens.de\/wp-content\/uploads\/2018\/11\/50x40Head_of_a_women-D\u00fcrer-768x956.jpg 768w, https:\/\/www.galerie-braunbehrens.de\/wp-content\/uploads\/2018\/11\/50x40Head_of_a_women-D\u00fcrer-1234x1536.jpg 1234w, https:\/\/www.galerie-braunbehrens.de\/wp-content\/uploads\/2018\/11\/50x40Head_of_a_women-D\u00fcrer-1646x2048.jpg 1646w, https:\/\/www.galerie-braunbehrens.de\/wp-content\/uploads\/2018\/11\/50x40Head_of_a_women-D\u00fcrer-1205x1500.jpg 1205w, https:\/\/www.galerie-braunbehrens.de\/wp-content\/uploads\/2018\/11\/50x40Head_of_a_women-D\u00fcrer-567x705.jpg 567w, https:\/\/www.galerie-braunbehrens.de\/wp-content\/uploads\/2018\/11\/50x40Head_of_a_women-D\u00fcrer.jpg 1993w\" data-sizes=\"(max-width: 828px) 100vw, 828px\" class='av-horizontal-gallery-link' aria-hidden='true' data-av_icon='\ue869' data-av_iconfont='entypo-fontello' title='Head of A Woman (D\u00fcrer), 2019, oil on canvas, 50 x 40 cm' alt=''><\/a><\/div><div class='av-horizontal-gallery-wrap noHover'><img decoding=\"async\" class='wp-image-11659 avia-img-lazy-loading-not-11659 av-horizontal-gallery-img' width=\"1030\" height=\"1028\" src=\"https:\/\/www.galerie-braunbehrens.de\/wp-content\/uploads\/2018\/11\/60x60Portrait-of-my-Son-Through-the-eyes-of-AI-1030x1028.jpg\" title='Portrait of my Son (Through the Eyes of AI), 2020, oil on canvas, 60 x 60 cm' alt='' srcset=\"https:\/\/www.galerie-braunbehrens.de\/wp-content\/uploads\/2018\/11\/60x60Portrait-of-my-Son-Through-the-eyes-of-AI-1030x1028.jpg 1030w, https:\/\/www.galerie-braunbehrens.de\/wp-content\/uploads\/2018\/11\/60x60Portrait-of-my-Son-Through-the-eyes-of-AI-300x300.jpg 300w, https:\/\/www.galerie-braunbehrens.de\/wp-content\/uploads\/2018\/11\/60x60Portrait-of-my-Son-Through-the-eyes-of-AI-80x80.jpg 80w, https:\/\/www.galerie-braunbehrens.de\/wp-content\/uploads\/2018\/11\/60x60Portrait-of-my-Son-Through-the-eyes-of-AI-768x766.jpg 768w, https:\/\/www.galerie-braunbehrens.de\/wp-content\/uploads\/2018\/11\/60x60Portrait-of-my-Son-Through-the-eyes-of-AI-1536x1532.jpg 1536w, https:\/\/www.galerie-braunbehrens.de\/wp-content\/uploads\/2018\/11\/60x60Portrait-of-my-Son-Through-the-eyes-of-AI-2048x2043.jpg 2048w, https:\/\/www.galerie-braunbehrens.de\/wp-content\/uploads\/2018\/11\/60x60Portrait-of-my-Son-Through-the-eyes-of-AI-36x36.jpg 36w, https:\/\/www.galerie-braunbehrens.de\/wp-content\/uploads\/2018\/11\/60x60Portrait-of-my-Son-Through-the-eyes-of-AI-180x180.jpg 180w, https:\/\/www.galerie-braunbehrens.de\/wp-content\/uploads\/2018\/11\/60x60Portrait-of-my-Son-Through-the-eyes-of-AI-1500x1497.jpg 1500w, https:\/\/www.galerie-braunbehrens.de\/wp-content\/uploads\/2018\/11\/60x60Portrait-of-my-Son-Through-the-eyes-of-AI-705x703.jpg 705w\" sizes=\"(max-width: 1030px) 100vw, 1030px\" \/><a href=\"https:\/\/www.galerie-braunbehrens.de\/wp-content\/uploads\/2018\/11\/60x60Portrait-of-my-Son-Through-the-eyes-of-AI-1030x1028.jpg\" data-srcset=\"https:\/\/www.galerie-braunbehrens.de\/wp-content\/uploads\/2018\/11\/60x60Portrait-of-my-Son-Through-the-eyes-of-AI-1030x1028.jpg 1030w, https:\/\/www.galerie-braunbehrens.de\/wp-content\/uploads\/2018\/11\/60x60Portrait-of-my-Son-Through-the-eyes-of-AI-300x300.jpg 300w, https:\/\/www.galerie-braunbehrens.de\/wp-content\/uploads\/2018\/11\/60x60Portrait-of-my-Son-Through-the-eyes-of-AI-80x80.jpg 80w, https:\/\/www.galerie-braunbehrens.de\/wp-content\/uploads\/2018\/11\/60x60Portrait-of-my-Son-Through-the-eyes-of-AI-768x766.jpg 768w, https:\/\/www.galerie-braunbehrens.de\/wp-content\/uploads\/2018\/11\/60x60Portrait-of-my-Son-Through-the-eyes-of-AI-1536x1532.jpg 1536w, https:\/\/www.galerie-braunbehrens.de\/wp-content\/uploads\/2018\/11\/60x60Portrait-of-my-Son-Through-the-eyes-of-AI-2048x2043.jpg 2048w, https:\/\/www.galerie-braunbehrens.de\/wp-content\/uploads\/2018\/11\/60x60Portrait-of-my-Son-Through-the-eyes-of-AI-36x36.jpg 36w, https:\/\/www.galerie-braunbehrens.de\/wp-content\/uploads\/2018\/11\/60x60Portrait-of-my-Son-Through-the-eyes-of-AI-180x180.jpg 180w, https:\/\/www.galerie-braunbehrens.de\/wp-content\/uploads\/2018\/11\/60x60Portrait-of-my-Son-Through-the-eyes-of-AI-1500x1497.jpg 1500w, https:\/\/www.galerie-braunbehrens.de\/wp-content\/uploads\/2018\/11\/60x60Portrait-of-my-Son-Through-the-eyes-of-AI-705x703.jpg 705w\" data-sizes=\"(max-width: 1030px) 100vw, 1030px\" class='av-horizontal-gallery-link' aria-hidden='true' data-av_icon='\ue869' data-av_iconfont='entypo-fontello' title='Portrait of my Son (Through the Eyes of AI), 2020, oil on canvas, 60 x 60 cm' alt=''><\/a><\/div><div class='av-horizontal-gallery-wrap noHover'><img decoding=\"async\" class='wp-image-11657 avia-img-lazy-loading-not-11657 av-horizontal-gallery-img' width=\"1028\" height=\"1030\" src=\"https:\/\/www.galerie-braunbehrens.de\/wp-content\/uploads\/2018\/11\/60x60Self-Portrait-Through-the-eyes-of-AI-1028x1030.jpg\" title='Self Portrait (Through the Eyes of AI), 2020, oil on canvas, 60 x 60 cm' alt='' srcset=\"https:\/\/www.galerie-braunbehrens.de\/wp-content\/uploads\/2018\/11\/60x60Self-Portrait-Through-the-eyes-of-AI-1028x1030.jpg 1028w, https:\/\/www.galerie-braunbehrens.de\/wp-content\/uploads\/2018\/11\/60x60Self-Portrait-Through-the-eyes-of-AI-300x300.jpg 300w, https:\/\/www.galerie-braunbehrens.de\/wp-content\/uploads\/2018\/11\/60x60Self-Portrait-Through-the-eyes-of-AI-80x80.jpg 80w, https:\/\/www.galerie-braunbehrens.de\/wp-content\/uploads\/2018\/11\/60x60Self-Portrait-Through-the-eyes-of-AI-768x770.jpg 768w, https:\/\/www.galerie-braunbehrens.de\/wp-content\/uploads\/2018\/11\/60x60Self-Portrait-Through-the-eyes-of-AI-1533x1536.jpg 1533w, https:\/\/www.galerie-braunbehrens.de\/wp-content\/uploads\/2018\/11\/60x60Self-Portrait-Through-the-eyes-of-AI-2043x2048.jpg 2043w, https:\/\/www.galerie-braunbehrens.de\/wp-content\/uploads\/2018\/11\/60x60Self-Portrait-Through-the-eyes-of-AI-36x36.jpg 36w, https:\/\/www.galerie-braunbehrens.de\/wp-content\/uploads\/2018\/11\/60x60Self-Portrait-Through-the-eyes-of-AI-180x180.jpg 180w, https:\/\/www.galerie-braunbehrens.de\/wp-content\/uploads\/2018\/11\/60x60Self-Portrait-Through-the-eyes-of-AI-1497x1500.jpg 1497w, https:\/\/www.galerie-braunbehrens.de\/wp-content\/uploads\/2018\/11\/60x60Self-Portrait-Through-the-eyes-of-AI-703x705.jpg 703w\" sizes=\"(max-width: 1028px) 100vw, 1028px\" \/><a href=\"https:\/\/www.galerie-braunbehrens.de\/wp-content\/uploads\/2018\/11\/60x60Self-Portrait-Through-the-eyes-of-AI-1028x1030.jpg\" data-srcset=\"https:\/\/www.galerie-braunbehrens.de\/wp-content\/uploads\/2018\/11\/60x60Self-Portrait-Through-the-eyes-of-AI-1028x1030.jpg 1028w, https:\/\/www.galerie-braunbehrens.de\/wp-content\/uploads\/2018\/11\/60x60Self-Portrait-Through-the-eyes-of-AI-300x300.jpg 300w, https:\/\/www.galerie-braunbehrens.de\/wp-content\/uploads\/2018\/11\/60x60Self-Portrait-Through-the-eyes-of-AI-80x80.jpg 80w, https:\/\/www.galerie-braunbehrens.de\/wp-content\/uploads\/2018\/11\/60x60Self-Portrait-Through-the-eyes-of-AI-768x770.jpg 768w, https:\/\/www.galerie-braunbehrens.de\/wp-content\/uploads\/2018\/11\/60x60Self-Portrait-Through-the-eyes-of-AI-1533x1536.jpg 1533w, https:\/\/www.galerie-braunbehrens.de\/wp-content\/uploads\/2018\/11\/60x60Self-Portrait-Through-the-eyes-of-AI-2043x2048.jpg 2043w, https:\/\/www.galerie-braunbehrens.de\/wp-content\/uploads\/2018\/11\/60x60Self-Portrait-Through-the-eyes-of-AI-36x36.jpg 36w, https:\/\/www.galerie-braunbehrens.de\/wp-content\/uploads\/2018\/11\/60x60Self-Portrait-Through-the-eyes-of-AI-180x180.jpg 180w, https:\/\/www.galerie-braunbehrens.de\/wp-content\/uploads\/2018\/11\/60x60Self-Portrait-Through-the-eyes-of-AI-1497x1500.jpg 1497w, https:\/\/www.galerie-braunbehrens.de\/wp-content\/uploads\/2018\/11\/60x60Self-Portrait-Through-the-eyes-of-AI-703x705.jpg 703w\" data-sizes=\"(max-width: 1028px) 100vw, 1028px\" class='av-horizontal-gallery-link' aria-hidden='true' data-av_icon='\ue869' data-av_iconfont='entypo-fontello' title='Self Portrait (Through the Eyes of AI), 2020, oil on canvas, 60 x 60 cm' alt=''><\/a><\/div><div class='av-horizontal-gallery-wrap noHover'><img decoding=\"async\" class='wp-image-11655 avia-img-lazy-loading-not-11655 av-horizontal-gallery-img' width=\"828\" height=\"1030\" src=\"https:\/\/www.galerie-braunbehrens.de\/wp-content\/uploads\/2018\/11\/60x48Artificial-XI-828x1030.jpg\" title='Artificial 11, 2020, oil on canvas, 60 x 48 cm' alt='' srcset=\"https:\/\/www.galerie-braunbehrens.de\/wp-content\/uploads\/2018\/11\/60x48Artificial-XI-828x1030.jpg 828w, https:\/\/www.galerie-braunbehrens.de\/wp-content\/uploads\/2018\/11\/60x48Artificial-XI-241x300.jpg 241w, https:\/\/www.galerie-braunbehrens.de\/wp-content\/uploads\/2018\/11\/60x48Artificial-XI-768x955.jpg 768w, https:\/\/www.galerie-braunbehrens.de\/wp-content\/uploads\/2018\/11\/60x48Artificial-XI-1235x1536.jpg 1235w, https:\/\/www.galerie-braunbehrens.de\/wp-content\/uploads\/2018\/11\/60x48Artificial-XI-1647x2048.jpg 1647w, https:\/\/www.galerie-braunbehrens.de\/wp-content\/uploads\/2018\/11\/60x48Artificial-XI-1206x1500.jpg 1206w, https:\/\/www.galerie-braunbehrens.de\/wp-content\/uploads\/2018\/11\/60x48Artificial-XI-567x705.jpg 567w\" sizes=\"(max-width: 828px) 100vw, 828px\" \/><a href=\"https:\/\/www.galerie-braunbehrens.de\/wp-content\/uploads\/2018\/11\/60x48Artificial-XI-828x1030.jpg\" data-srcset=\"https:\/\/www.galerie-braunbehrens.de\/wp-content\/uploads\/2018\/11\/60x48Artificial-XI-828x1030.jpg 828w, https:\/\/www.galerie-braunbehrens.de\/wp-content\/uploads\/2018\/11\/60x48Artificial-XI-241x300.jpg 241w, https:\/\/www.galerie-braunbehrens.de\/wp-content\/uploads\/2018\/11\/60x48Artificial-XI-768x955.jpg 768w, https:\/\/www.galerie-braunbehrens.de\/wp-content\/uploads\/2018\/11\/60x48Artificial-XI-1235x1536.jpg 1235w, https:\/\/www.galerie-braunbehrens.de\/wp-content\/uploads\/2018\/11\/60x48Artificial-XI-1647x2048.jpg 1647w, https:\/\/www.galerie-braunbehrens.de\/wp-content\/uploads\/2018\/11\/60x48Artificial-XI-1206x1500.jpg 1206w, https:\/\/www.galerie-braunbehrens.de\/wp-content\/uploads\/2018\/11\/60x48Artificial-XI-567x705.jpg 567w\" data-sizes=\"(max-width: 828px) 100vw, 828px\" class='av-horizontal-gallery-link' aria-hidden='true' data-av_icon='\ue869' data-av_iconfont='entypo-fontello' title='Artificial 11, 2020, oil on canvas, 60 x 48 cm' alt=''><\/a><\/div><div class='av-horizontal-gallery-wrap noHover'><img decoding=\"async\" class='wp-image-11653 avia-img-lazy-loading-not-11653 av-horizontal-gallery-img' width=\"831\" height=\"1030\" src=\"https:\/\/www.galerie-braunbehrens.de\/wp-content\/uploads\/2018\/11\/60x48Artificial-X-831x1030.jpg\" title='Artificial 10, 2020, oil on canvas, 60 x 48 cm' alt='' srcset=\"https:\/\/www.galerie-braunbehrens.de\/wp-content\/uploads\/2018\/11\/60x48Artificial-X-831x1030.jpg 831w, https:\/\/www.galerie-braunbehrens.de\/wp-content\/uploads\/2018\/11\/60x48Artificial-X-242x300.jpg 242w, https:\/\/www.galerie-braunbehrens.de\/wp-content\/uploads\/2018\/11\/60x48Artificial-X-768x952.jpg 768w, https:\/\/www.galerie-braunbehrens.de\/wp-content\/uploads\/2018\/11\/60x48Artificial-X-1240x1536.jpg 1240w, https:\/\/www.galerie-braunbehrens.de\/wp-content\/uploads\/2018\/11\/60x48Artificial-X-1653x2048.jpg 1653w, https:\/\/www.galerie-braunbehrens.de\/wp-content\/uploads\/2018\/11\/60x48Artificial-X-1210x1500.jpg 1210w, https:\/\/www.galerie-braunbehrens.de\/wp-content\/uploads\/2018\/11\/60x48Artificial-X-569x705.jpg 569w\" sizes=\"(max-width: 831px) 100vw, 831px\" \/><a href=\"https:\/\/www.galerie-braunbehrens.de\/wp-content\/uploads\/2018\/11\/60x48Artificial-X-831x1030.jpg\" data-srcset=\"https:\/\/www.galerie-braunbehrens.de\/wp-content\/uploads\/2018\/11\/60x48Artificial-X-831x1030.jpg 831w, https:\/\/www.galerie-braunbehrens.de\/wp-content\/uploads\/2018\/11\/60x48Artificial-X-242x300.jpg 242w, https:\/\/www.galerie-braunbehrens.de\/wp-content\/uploads\/2018\/11\/60x48Artificial-X-768x952.jpg 768w, https:\/\/www.galerie-braunbehrens.de\/wp-content\/uploads\/2018\/11\/60x48Artificial-X-1240x1536.jpg 1240w, https:\/\/www.galerie-braunbehrens.de\/wp-content\/uploads\/2018\/11\/60x48Artificial-X-1653x2048.jpg 1653w, https:\/\/www.galerie-braunbehrens.de\/wp-content\/uploads\/2018\/11\/60x48Artificial-X-1210x1500.jpg 1210w, https:\/\/www.galerie-braunbehrens.de\/wp-content\/uploads\/2018\/11\/60x48Artificial-X-569x705.jpg 569w\" data-sizes=\"(max-width: 831px) 100vw, 831px\" class='av-horizontal-gallery-link' aria-hidden='true' data-av_icon='\ue869' data-av_iconfont='entypo-fontello' title='Artificial 10, 2020, oil on canvas, 60 x 48 cm' alt=''><\/a><\/div><div class='av-horizontal-gallery-wrap noHover'><img decoding=\"async\" class='wp-image-11651 avia-img-lazy-loading-not-11651 av-horizontal-gallery-img' width=\"1030\" height=\"1021\" src=\"https:\/\/www.galerie-braunbehrens.de\/wp-content\/uploads\/2018\/11\/180x180Artificial-V-1030x1021.jpg\" title='Artificial 5, 2019, oil on canvas, 180 x 180 cm' alt='' srcset=\"https:\/\/www.galerie-braunbehrens.de\/wp-content\/uploads\/2018\/11\/180x180Artificial-V-1030x1021.jpg 1030w, https:\/\/www.galerie-braunbehrens.de\/wp-content\/uploads\/2018\/11\/180x180Artificial-V-300x297.jpg 300w, https:\/\/www.galerie-braunbehrens.de\/wp-content\/uploads\/2018\/11\/180x180Artificial-V-80x80.jpg 80w, https:\/\/www.galerie-braunbehrens.de\/wp-content\/uploads\/2018\/11\/180x180Artificial-V-768x761.jpg 768w, https:\/\/www.galerie-braunbehrens.de\/wp-content\/uploads\/2018\/11\/180x180Artificial-V-1536x1523.jpg 1536w, https:\/\/www.galerie-braunbehrens.de\/wp-content\/uploads\/2018\/11\/180x180Artificial-V-2048x2030.jpg 2048w, https:\/\/www.galerie-braunbehrens.de\/wp-content\/uploads\/2018\/11\/180x180Artificial-V-36x36.jpg 36w, https:\/\/www.galerie-braunbehrens.de\/wp-content\/uploads\/2018\/11\/180x180Artificial-V-1500x1487.jpg 1500w, https:\/\/www.galerie-braunbehrens.de\/wp-content\/uploads\/2018\/11\/180x180Artificial-V-705x699.jpg 705w\" sizes=\"(max-width: 1030px) 100vw, 1030px\" \/><a href=\"https:\/\/www.galerie-braunbehrens.de\/wp-content\/uploads\/2018\/11\/180x180Artificial-V-1030x1021.jpg\" data-srcset=\"https:\/\/www.galerie-braunbehrens.de\/wp-content\/uploads\/2018\/11\/180x180Artificial-V-1030x1021.jpg 1030w, https:\/\/www.galerie-braunbehrens.de\/wp-content\/uploads\/2018\/11\/180x180Artificial-V-300x297.jpg 300w, https:\/\/www.galerie-braunbehrens.de\/wp-content\/uploads\/2018\/11\/180x180Artificial-V-80x80.jpg 80w, https:\/\/www.galerie-braunbehrens.de\/wp-content\/uploads\/2018\/11\/180x180Artificial-V-768x761.jpg 768w, https:\/\/www.galerie-braunbehrens.de\/wp-content\/uploads\/2018\/11\/180x180Artificial-V-1536x1523.jpg 1536w, https:\/\/www.galerie-braunbehrens.de\/wp-content\/uploads\/2018\/11\/180x180Artificial-V-2048x2030.jpg 2048w, https:\/\/www.galerie-braunbehrens.de\/wp-content\/uploads\/2018\/11\/180x180Artificial-V-36x36.jpg 36w, https:\/\/www.galerie-braunbehrens.de\/wp-content\/uploads\/2018\/11\/180x180Artificial-V-1500x1487.jpg 1500w, https:\/\/www.galerie-braunbehrens.de\/wp-content\/uploads\/2018\/11\/180x180Artificial-V-705x699.jpg 705w\" data-sizes=\"(max-width: 1030px) 100vw, 1030px\" class='av-horizontal-gallery-link' aria-hidden='true' data-av_icon='\ue869' data-av_iconfont='entypo-fontello' title='Artificial 5, 2019, oil on canvas, 180 x 180 cm' alt=''><\/a><\/div><div class='av-horizontal-gallery-wrap noHover'><img decoding=\"async\" class='wp-image-11649 avia-img-lazy-loading-not-11649 av-horizontal-gallery-img' width=\"1030\" height=\"1030\" src=\"https:\/\/www.galerie-braunbehrens.de\/wp-content\/uploads\/2018\/11\/180x180Artificial-IV-1030x1030.jpg\" title='Artificial 4, 2019, oil on canvas, 180 x 180 cm' alt='' srcset=\"https:\/\/www.galerie-braunbehrens.de\/wp-content\/uploads\/2018\/11\/180x180Artificial-IV-1030x1030.jpg 1030w, https:\/\/www.galerie-braunbehrens.de\/wp-content\/uploads\/2018\/11\/180x180Artificial-IV-300x300.jpg 300w, https:\/\/www.galerie-braunbehrens.de\/wp-content\/uploads\/2018\/11\/180x180Artificial-IV-80x80.jpg 80w, https:\/\/www.galerie-braunbehrens.de\/wp-content\/uploads\/2018\/11\/180x180Artificial-IV-768x769.jpg 768w, https:\/\/www.galerie-braunbehrens.de\/wp-content\/uploads\/2018\/11\/180x180Artificial-IV-1534x1536.jpg 1534w, https:\/\/www.galerie-braunbehrens.de\/wp-content\/uploads\/2018\/11\/180x180Artificial-IV-36x36.jpg 36w, https:\/\/www.galerie-braunbehrens.de\/wp-content\/uploads\/2018\/11\/180x180Artificial-IV-180x180.jpg 180w, https:\/\/www.galerie-braunbehrens.de\/wp-content\/uploads\/2018\/11\/180x180Artificial-IV-1498x1500.jpg 1498w, https:\/\/www.galerie-braunbehrens.de\/wp-content\/uploads\/2018\/11\/180x180Artificial-IV-705x705.jpg 705w\" sizes=\"(max-width: 1030px) 100vw, 1030px\" \/><a href=\"https:\/\/www.galerie-braunbehrens.de\/wp-content\/uploads\/2018\/11\/180x180Artificial-IV-1030x1030.jpg\" data-srcset=\"https:\/\/www.galerie-braunbehrens.de\/wp-content\/uploads\/2018\/11\/180x180Artificial-IV-1030x1030.jpg 1030w, https:\/\/www.galerie-braunbehrens.de\/wp-content\/uploads\/2018\/11\/180x180Artificial-IV-300x300.jpg 300w, https:\/\/www.galerie-braunbehrens.de\/wp-content\/uploads\/2018\/11\/180x180Artificial-IV-80x80.jpg 80w, https:\/\/www.galerie-braunbehrens.de\/wp-content\/uploads\/2018\/11\/180x180Artificial-IV-768x769.jpg 768w, https:\/\/www.galerie-braunbehrens.de\/wp-content\/uploads\/2018\/11\/180x180Artificial-IV-1534x1536.jpg 1534w, https:\/\/www.galerie-braunbehrens.de\/wp-content\/uploads\/2018\/11\/180x180Artificial-IV-36x36.jpg 36w, https:\/\/www.galerie-braunbehrens.de\/wp-content\/uploads\/2018\/11\/180x180Artificial-IV-180x180.jpg 180w, https:\/\/www.galerie-braunbehrens.de\/wp-content\/uploads\/2018\/11\/180x180Artificial-IV-1498x1500.jpg 1498w, https:\/\/www.galerie-braunbehrens.de\/wp-content\/uploads\/2018\/11\/180x180Artificial-IV-705x705.jpg 705w\" data-sizes=\"(max-width: 1030px) 100vw, 1030px\" class='av-horizontal-gallery-link' aria-hidden='true' data-av_icon='\ue869' data-av_iconfont='entypo-fontello' title='Artificial 4, 2019, oil on canvas, 180 x 180 cm' alt=''><\/a><\/div><div class='av-horizontal-gallery-wrap noHover'><img decoding=\"async\" class='wp-image-1695 avia-img-lazy-loading-not-1695 av-horizontal-gallery-img' width=\"604\" height=\"600\" src=\"https:\/\/www.galerie-braunbehrens.de\/wp-content\/uploads\/2018\/11\/Lukkarinen_MarkZuckerberg2017.jpg\" title='Mark Zuckerberg, 2017, oil on canvas, 60 x 60 cm' alt='' srcset=\"https:\/\/www.galerie-braunbehrens.de\/wp-content\/uploads\/2018\/11\/Lukkarinen_MarkZuckerberg2017.jpg 604w, https:\/\/www.galerie-braunbehrens.de\/wp-content\/uploads\/2018\/11\/Lukkarinen_MarkZuckerberg2017-80x80.jpg 80w, https:\/\/www.galerie-braunbehrens.de\/wp-content\/uploads\/2018\/11\/Lukkarinen_MarkZuckerberg2017-300x298.jpg 300w, https:\/\/www.galerie-braunbehrens.de\/wp-content\/uploads\/2018\/11\/Lukkarinen_MarkZuckerberg2017-36x36.jpg 36w, https:\/\/www.galerie-braunbehrens.de\/wp-content\/uploads\/2018\/11\/Lukkarinen_MarkZuckerberg2017-180x180.jpg 180w, https:\/\/www.galerie-braunbehrens.de\/wp-content\/uploads\/2018\/11\/Lukkarinen_MarkZuckerberg2017-120x120.jpg 120w, https:\/\/www.galerie-braunbehrens.de\/wp-content\/uploads\/2018\/11\/Lukkarinen_MarkZuckerberg2017-450x447.jpg 450w\" sizes=\"(max-width: 604px) 100vw, 604px\" \/><a href=\"https:\/\/www.galerie-braunbehrens.de\/wp-content\/uploads\/2018\/11\/Lukkarinen_MarkZuckerberg2017.jpg\" data-srcset=\"https:\/\/www.galerie-braunbehrens.de\/wp-content\/uploads\/2018\/11\/Lukkarinen_MarkZuckerberg2017.jpg 604w, https:\/\/www.galerie-braunbehrens.de\/wp-content\/uploads\/2018\/11\/Lukkarinen_MarkZuckerberg2017-80x80.jpg 80w, https:\/\/www.galerie-braunbehrens.de\/wp-content\/uploads\/2018\/11\/Lukkarinen_MarkZuckerberg2017-300x298.jpg 300w, https:\/\/www.galerie-braunbehrens.de\/wp-content\/uploads\/2018\/11\/Lukkarinen_MarkZuckerberg2017-36x36.jpg 36w, https:\/\/www.galerie-braunbehrens.de\/wp-content\/uploads\/2018\/11\/Lukkarinen_MarkZuckerberg2017-180x180.jpg 180w, https:\/\/www.galerie-braunbehrens.de\/wp-content\/uploads\/2018\/11\/Lukkarinen_MarkZuckerberg2017-120x120.jpg 120w, https:\/\/www.galerie-braunbehrens.de\/wp-content\/uploads\/2018\/11\/Lukkarinen_MarkZuckerberg2017-450x447.jpg 450w\" data-sizes=\"(max-width: 604px) 100vw, 604px\" class='av-horizontal-gallery-link' aria-hidden='true' data-av_icon='\ue869' data-av_iconfont='entypo-fontello' title='Mark Zuckerberg, 2017, oil on canvas, 60 x 60 cm' alt=''><\/a><\/div><div class='av-horizontal-gallery-wrap noHover'><img decoding=\"async\" class='wp-image-1691 avia-img-lazy-loading-not-1691 av-horizontal-gallery-img' width=\"482\" height=\"600\" src=\"https:\/\/www.galerie-braunbehrens.de\/wp-content\/uploads\/2018\/11\/Lukkarinen_MarkZuckerberg2016.jpg\" title='Mark Zuckerberg, 2016, oil on canvas, 100 x 80 cm' alt='' srcset=\"https:\/\/www.galerie-braunbehrens.de\/wp-content\/uploads\/2018\/11\/Lukkarinen_MarkZuckerberg2016.jpg 482w, https:\/\/www.galerie-braunbehrens.de\/wp-content\/uploads\/2018\/11\/Lukkarinen_MarkZuckerberg2016-241x300.jpg 241w, https:\/\/www.galerie-braunbehrens.de\/wp-content\/uploads\/2018\/11\/Lukkarinen_MarkZuckerberg2016-450x560.jpg 450w\" sizes=\"(max-width: 482px) 100vw, 482px\" \/><a href=\"https:\/\/www.galerie-braunbehrens.de\/wp-content\/uploads\/2018\/11\/Lukkarinen_MarkZuckerberg2016.jpg\" data-srcset=\"https:\/\/www.galerie-braunbehrens.de\/wp-content\/uploads\/2018\/11\/Lukkarinen_MarkZuckerberg2016.jpg 482w, https:\/\/www.galerie-braunbehrens.de\/wp-content\/uploads\/2018\/11\/Lukkarinen_MarkZuckerberg2016-241x300.jpg 241w, https:\/\/www.galerie-braunbehrens.de\/wp-content\/uploads\/2018\/11\/Lukkarinen_MarkZuckerberg2016-450x560.jpg 450w\" data-sizes=\"(max-width: 482px) 100vw, 482px\" class='av-horizontal-gallery-link' aria-hidden='true' data-av_icon='\ue869' data-av_iconfont='entypo-fontello' title='Mark Zuckerberg, 2016, oil on canvas, 100 x 80 cm' alt=''><\/a><\/div><div class='av-horizontal-gallery-wrap noHover'><img decoding=\"async\" class='wp-image-1679 avia-img-lazy-loading-not-1679 av-horizontal-gallery-img' width=\"481\" height=\"600\" src=\"https:\/\/www.galerie-braunbehrens.de\/wp-content\/uploads\/2018\/11\/Sigmund-Freud.jpg\" title='Sigmund Freud, 2016, oil on canvas, 100 x 80 cm' alt='' srcset=\"https:\/\/www.galerie-braunbehrens.de\/wp-content\/uploads\/2018\/11\/Sigmund-Freud.jpg 481w, https:\/\/www.galerie-braunbehrens.de\/wp-content\/uploads\/2018\/11\/Sigmund-Freud-241x300.jpg 241w, https:\/\/www.galerie-braunbehrens.de\/wp-content\/uploads\/2018\/11\/Sigmund-Freud-450x561.jpg 450w\" sizes=\"(max-width: 481px) 100vw, 481px\" \/><a href=\"https:\/\/www.galerie-braunbehrens.de\/wp-content\/uploads\/2018\/11\/Sigmund-Freud.jpg\" data-srcset=\"https:\/\/www.galerie-braunbehrens.de\/wp-content\/uploads\/2018\/11\/Sigmund-Freud.jpg 481w, https:\/\/www.galerie-braunbehrens.de\/wp-content\/uploads\/2018\/11\/Sigmund-Freud-241x300.jpg 241w, https:\/\/www.galerie-braunbehrens.de\/wp-content\/uploads\/2018\/11\/Sigmund-Freud-450x561.jpg 450w\" data-sizes=\"(max-width: 481px) 100vw, 481px\" class='av-horizontal-gallery-link' aria-hidden='true' data-av_icon='\ue869' data-av_iconfont='entypo-fontello' title='Sigmund Freud, 2016, oil on canvas, 100 x 80 cm' alt=''><\/a><\/div><div class='av-horizontal-gallery-wrap noHover'><img decoding=\"async\" class='wp-image-1701 avia-img-lazy-loading-not-1701 av-horizontal-gallery-img' width=\"481\" height=\"600\" src=\"https:\/\/www.galerie-braunbehrens.de\/wp-content\/uploads\/2018\/11\/Young-Marilyn-3.jpg\" title='Young Marilyn 3, 2016, oil on canvas, 150 x 120 cm' alt='' srcset=\"https:\/\/www.galerie-braunbehrens.de\/wp-content\/uploads\/2018\/11\/Young-Marilyn-3.jpg 481w, https:\/\/www.galerie-braunbehrens.de\/wp-content\/uploads\/2018\/11\/Young-Marilyn-3-241x300.jpg 241w, https:\/\/www.galerie-braunbehrens.de\/wp-content\/uploads\/2018\/11\/Young-Marilyn-3-450x561.jpg 450w\" sizes=\"(max-width: 481px) 100vw, 481px\" \/><a href=\"https:\/\/www.galerie-braunbehrens.de\/wp-content\/uploads\/2018\/11\/Young-Marilyn-3.jpg\" data-srcset=\"https:\/\/www.galerie-braunbehrens.de\/wp-content\/uploads\/2018\/11\/Young-Marilyn-3.jpg 481w, https:\/\/www.galerie-braunbehrens.de\/wp-content\/uploads\/2018\/11\/Young-Marilyn-3-241x300.jpg 241w, https:\/\/www.galerie-braunbehrens.de\/wp-content\/uploads\/2018\/11\/Young-Marilyn-3-450x561.jpg 450w\" data-sizes=\"(max-width: 481px) 100vw, 481px\" class='av-horizontal-gallery-link' aria-hidden='true' data-av_icon='\ue869' data-av_iconfont='entypo-fontello' title='Young Marilyn 3, 2016, oil on canvas, 150 x 120 cm' alt=''><\/a><\/div><div class='av-horizontal-gallery-wrap noHover'><img decoding=\"async\" class='wp-image-1689 avia-img-lazy-loading-not-1689 av-horizontal-gallery-img' width=\"479\" height=\"600\" src=\"https:\/\/www.galerie-braunbehrens.de\/wp-content\/uploads\/2018\/11\/Lukkarinen_Bride-of-Frankenstein.jpg\" title='Bride of Frankenstein, 2017, oil on canvas, 125 x 100 cm' alt='' srcset=\"https:\/\/www.galerie-braunbehrens.de\/wp-content\/uploads\/2018\/11\/Lukkarinen_Bride-of-Frankenstein.jpg 479w, https:\/\/www.galerie-braunbehrens.de\/wp-content\/uploads\/2018\/11\/Lukkarinen_Bride-of-Frankenstein-240x300.jpg 240w, https:\/\/www.galerie-braunbehrens.de\/wp-content\/uploads\/2018\/11\/Lukkarinen_Bride-of-Frankenstein-450x564.jpg 450w\" sizes=\"(max-width: 479px) 100vw, 479px\" \/><a href=\"https:\/\/www.galerie-braunbehrens.de\/wp-content\/uploads\/2018\/11\/Lukkarinen_Bride-of-Frankenstein.jpg\" data-srcset=\"https:\/\/www.galerie-braunbehrens.de\/wp-content\/uploads\/2018\/11\/Lukkarinen_Bride-of-Frankenstein.jpg 479w, https:\/\/www.galerie-braunbehrens.de\/wp-content\/uploads\/2018\/11\/Lukkarinen_Bride-of-Frankenstein-240x300.jpg 240w, https:\/\/www.galerie-braunbehrens.de\/wp-content\/uploads\/2018\/11\/Lukkarinen_Bride-of-Frankenstein-450x564.jpg 450w\" data-sizes=\"(max-width: 479px) 100vw, 479px\" class='av-horizontal-gallery-link' aria-hidden='true' data-av_icon='\ue869' data-av_iconfont='entypo-fontello' title='Bride of Frankenstein, 2017, oil on canvas, 125 x 100 cm' alt=''><\/a><\/div><div class='av-horizontal-gallery-wrap noHover'><img decoding=\"async\" class='wp-image-1703 avia-img-lazy-loading-not-1703 av-horizontal-gallery-img' width=\"483\" height=\"600\" src=\"https:\/\/www.galerie-braunbehrens.de\/wp-content\/uploads\/2018\/11\/Riku.jpg\" title='Riku, 2016, oil on canvas, 150 x 120 cm' alt='' srcset=\"https:\/\/www.galerie-braunbehrens.de\/wp-content\/uploads\/2018\/11\/Riku.jpg 483w, https:\/\/www.galerie-braunbehrens.de\/wp-content\/uploads\/2018\/11\/Riku-242x300.jpg 242w, https:\/\/www.galerie-braunbehrens.de\/wp-content\/uploads\/2018\/11\/Riku-450x559.jpg 450w\" sizes=\"(max-width: 483px) 100vw, 483px\" \/><a href=\"https:\/\/www.galerie-braunbehrens.de\/wp-content\/uploads\/2018\/11\/Riku.jpg\" data-srcset=\"https:\/\/www.galerie-braunbehrens.de\/wp-content\/uploads\/2018\/11\/Riku.jpg 483w, https:\/\/www.galerie-braunbehrens.de\/wp-content\/uploads\/2018\/11\/Riku-242x300.jpg 242w, https:\/\/www.galerie-braunbehrens.de\/wp-content\/uploads\/2018\/11\/Riku-450x559.jpg 450w\" data-sizes=\"(max-width: 483px) 100vw, 483px\" class='av-horizontal-gallery-link' aria-hidden='true' data-av_icon='\ue869' data-av_iconfont='entypo-fontello' title='Riku, 2016, oil on canvas, 150 x 120 cm' alt=''><\/a><\/div><div class='av-horizontal-gallery-wrap noHover'><img decoding=\"async\" class='wp-image-1693 avia-img-lazy-loading-not-1693 av-horizontal-gallery-img' width=\"486\" height=\"600\" src=\"https:\/\/www.galerie-braunbehrens.de\/wp-content\/uploads\/2018\/11\/Lukkarinen_Antti.jpg\" title='Antti, 2016, oil on canvas, 100 x 80 cm' alt='' srcset=\"https:\/\/www.galerie-braunbehrens.de\/wp-content\/uploads\/2018\/11\/Lukkarinen_Antti.jpg 486w, https:\/\/www.galerie-braunbehrens.de\/wp-content\/uploads\/2018\/11\/Lukkarinen_Antti-243x300.jpg 243w, https:\/\/www.galerie-braunbehrens.de\/wp-content\/uploads\/2018\/11\/Lukkarinen_Antti-450x556.jpg 450w\" sizes=\"(max-width: 486px) 100vw, 486px\" \/><a href=\"https:\/\/www.galerie-braunbehrens.de\/wp-content\/uploads\/2018\/11\/Lukkarinen_Antti.jpg\" data-srcset=\"https:\/\/www.galerie-braunbehrens.de\/wp-content\/uploads\/2018\/11\/Lukkarinen_Antti.jpg 486w, https:\/\/www.galerie-braunbehrens.de\/wp-content\/uploads\/2018\/11\/Lukkarinen_Antti-243x300.jpg 243w, https:\/\/www.galerie-braunbehrens.de\/wp-content\/uploads\/2018\/11\/Lukkarinen_Antti-450x556.jpg 450w\" data-sizes=\"(max-width: 486px) 100vw, 486px\" class='av-horizontal-gallery-link' aria-hidden='true' data-av_icon='\ue869' data-av_iconfont='entypo-fontello' title='Antti, 2016, oil on canvas, 100 x 80 cm' alt=''><\/a><\/div><div class='av-horizontal-gallery-wrap noHover'><img decoding=\"async\" class='wp-image-1681 avia-img-lazy-loading-not-1681 av-horizontal-gallery-img' width=\"599\" height=\"600\" src=\"https:\/\/www.galerie-braunbehrens.de\/wp-content\/uploads\/2018\/11\/Pekka-300.jpg\" title='Pekka, 2015, oil on canvas, 125 x 125 cm' alt='' srcset=\"https:\/\/www.galerie-braunbehrens.de\/wp-content\/uploads\/2018\/11\/Pekka-300.jpg 599w, https:\/\/www.galerie-braunbehrens.de\/wp-content\/uploads\/2018\/11\/Pekka-300-80x80.jpg 80w, https:\/\/www.galerie-braunbehrens.de\/wp-content\/uploads\/2018\/11\/Pekka-300-300x300.jpg 300w, https:\/\/www.galerie-braunbehrens.de\/wp-content\/uploads\/2018\/11\/Pekka-300-36x36.jpg 36w, https:\/\/www.galerie-braunbehrens.de\/wp-content\/uploads\/2018\/11\/Pekka-300-180x180.jpg 180w, https:\/\/www.galerie-braunbehrens.de\/wp-content\/uploads\/2018\/11\/Pekka-300-120x120.jpg 120w, https:\/\/www.galerie-braunbehrens.de\/wp-content\/uploads\/2018\/11\/Pekka-300-450x451.jpg 450w\" sizes=\"(max-width: 599px) 100vw, 599px\" \/><a href=\"https:\/\/www.galerie-braunbehrens.de\/wp-content\/uploads\/2018\/11\/Pekka-300.jpg\" data-srcset=\"https:\/\/www.galerie-braunbehrens.de\/wp-content\/uploads\/2018\/11\/Pekka-300.jpg 599w, https:\/\/www.galerie-braunbehrens.de\/wp-content\/uploads\/2018\/11\/Pekka-300-80x80.jpg 80w, https:\/\/www.galerie-braunbehrens.de\/wp-content\/uploads\/2018\/11\/Pekka-300-300x300.jpg 300w, https:\/\/www.galerie-braunbehrens.de\/wp-content\/uploads\/2018\/11\/Pekka-300-36x36.jpg 36w, https:\/\/www.galerie-braunbehrens.de\/wp-content\/uploads\/2018\/11\/Pekka-300-180x180.jpg 180w, https:\/\/www.galerie-braunbehrens.de\/wp-content\/uploads\/2018\/11\/Pekka-300-120x120.jpg 120w, https:\/\/www.galerie-braunbehrens.de\/wp-content\/uploads\/2018\/11\/Pekka-300-450x451.jpg 450w\" data-sizes=\"(max-width: 599px) 100vw, 599px\" class='av-horizontal-gallery-link' aria-hidden='true' data-av_icon='\ue869' data-av_iconfont='entypo-fontello' title='Pekka, 2015, oil on canvas, 125 x 125 cm' alt=''><\/a><\/div><div class='av-horizontal-gallery-wrap noHover'><img decoding=\"async\" class='wp-image-1697 avia-img-lazy-loading-not-1697 av-horizontal-gallery-img' width=\"594\" height=\"600\" src=\"https:\/\/www.galerie-braunbehrens.de\/wp-content\/uploads\/2018\/11\/Lukkarinen_Pekka.jpg\" title='Pekka, 2016, oil on canvas, 60 x 60 cm' alt='' srcset=\"https:\/\/www.galerie-braunbehrens.de\/wp-content\/uploads\/2018\/11\/Lukkarinen_Pekka.jpg 594w, https:\/\/www.galerie-braunbehrens.de\/wp-content\/uploads\/2018\/11\/Lukkarinen_Pekka-80x80.jpg 80w, https:\/\/www.galerie-braunbehrens.de\/wp-content\/uploads\/2018\/11\/Lukkarinen_Pekka-297x300.jpg 297w, https:\/\/www.galerie-braunbehrens.de\/wp-content\/uploads\/2018\/11\/Lukkarinen_Pekka-36x36.jpg 36w, https:\/\/www.galerie-braunbehrens.de\/wp-content\/uploads\/2018\/11\/Lukkarinen_Pekka-120x120.jpg 120w, https:\/\/www.galerie-braunbehrens.de\/wp-content\/uploads\/2018\/11\/Lukkarinen_Pekka-450x455.jpg 450w\" sizes=\"(max-width: 594px) 100vw, 594px\" \/><a href=\"https:\/\/www.galerie-braunbehrens.de\/wp-content\/uploads\/2018\/11\/Lukkarinen_Pekka.jpg\" data-srcset=\"https:\/\/www.galerie-braunbehrens.de\/wp-content\/uploads\/2018\/11\/Lukkarinen_Pekka.jpg 594w, https:\/\/www.galerie-braunbehrens.de\/wp-content\/uploads\/2018\/11\/Lukkarinen_Pekka-80x80.jpg 80w, https:\/\/www.galerie-braunbehrens.de\/wp-content\/uploads\/2018\/11\/Lukkarinen_Pekka-297x300.jpg 297w, https:\/\/www.galerie-braunbehrens.de\/wp-content\/uploads\/2018\/11\/Lukkarinen_Pekka-36x36.jpg 36w, https:\/\/www.galerie-braunbehrens.de\/wp-content\/uploads\/2018\/11\/Lukkarinen_Pekka-120x120.jpg 120w, https:\/\/www.galerie-braunbehrens.de\/wp-content\/uploads\/2018\/11\/Lukkarinen_Pekka-450x455.jpg 450w\" data-sizes=\"(max-width: 594px) 100vw, 594px\" class='av-horizontal-gallery-link' aria-hidden='true' data-av_icon='\ue869' data-av_iconfont='entypo-fontello' title='Pekka, 2016, oil on canvas, 60 x 60 cm' alt=''><\/a><\/div><div class='av-horizontal-gallery-wrap noHover'><img decoding=\"async\" class='wp-image-1677 avia-img-lazy-loading-not-1677 av-horizontal-gallery-img' width=\"480\" height=\"600\" src=\"https:\/\/www.galerie-braunbehrens.de\/wp-content\/uploads\/2018\/11\/Self-Portrait-300.jpg\" title='Selbstportrait, 2014, oil on canvas, 125 x 100 cm' alt='' srcset=\"https:\/\/www.galerie-braunbehrens.de\/wp-content\/uploads\/2018\/11\/Self-Portrait-300.jpg 480w, https:\/\/www.galerie-braunbehrens.de\/wp-content\/uploads\/2018\/11\/Self-Portrait-300-240x300.jpg 240w, https:\/\/www.galerie-braunbehrens.de\/wp-content\/uploads\/2018\/11\/Self-Portrait-300-450x563.jpg 450w\" sizes=\"(max-width: 480px) 100vw, 480px\" \/><a href=\"https:\/\/www.galerie-braunbehrens.de\/wp-content\/uploads\/2018\/11\/Self-Portrait-300.jpg\" data-srcset=\"https:\/\/www.galerie-braunbehrens.de\/wp-content\/uploads\/2018\/11\/Self-Portrait-300.jpg 480w, https:\/\/www.galerie-braunbehrens.de\/wp-content\/uploads\/2018\/11\/Self-Portrait-300-240x300.jpg 240w, https:\/\/www.galerie-braunbehrens.de\/wp-content\/uploads\/2018\/11\/Self-Portrait-300-450x563.jpg 450w\" data-sizes=\"(max-width: 480px) 100vw, 480px\" class='av-horizontal-gallery-link' aria-hidden='true' data-av_icon='\ue869' data-av_iconfont='entypo-fontello' title='Selbstportrait, 2014, oil on canvas, 125 x 100 cm' alt=''><\/a><\/div><div class='av-horizontal-gallery-wrap noHover'><img decoding=\"async\" class='wp-image-1699 avia-img-lazy-loading-not-1699 av-horizontal-gallery-img' width=\"484\" height=\"600\" src=\"https:\/\/www.galerie-braunbehrens.de\/wp-content\/uploads\/2018\/11\/Sofonisba-Anguissola.jpg\" title='Sofonisba Anguissola, 2017, oil on canvas, 125 x 100 cm' alt='' srcset=\"https:\/\/www.galerie-braunbehrens.de\/wp-content\/uploads\/2018\/11\/Sofonisba-Anguissola.jpg 484w, https:\/\/www.galerie-braunbehrens.de\/wp-content\/uploads\/2018\/11\/Sofonisba-Anguissola-242x300.jpg 242w, https:\/\/www.galerie-braunbehrens.de\/wp-content\/uploads\/2018\/11\/Sofonisba-Anguissola-450x558.jpg 450w\" sizes=\"(max-width: 484px) 100vw, 484px\" \/><a href=\"https:\/\/www.galerie-braunbehrens.de\/wp-content\/uploads\/2018\/11\/Sofonisba-Anguissola.jpg\" data-srcset=\"https:\/\/www.galerie-braunbehrens.de\/wp-content\/uploads\/2018\/11\/Sofonisba-Anguissola.jpg 484w, https:\/\/www.galerie-braunbehrens.de\/wp-content\/uploads\/2018\/11\/Sofonisba-Anguissola-242x300.jpg 242w, https:\/\/www.galerie-braunbehrens.de\/wp-content\/uploads\/2018\/11\/Sofonisba-Anguissola-450x558.jpg 450w\" data-sizes=\"(max-width: 484px) 100vw, 484px\" class='av-horizontal-gallery-link' aria-hidden='true' data-av_icon='\ue869' data-av_iconfont='entypo-fontello' title='Sofonisba Anguissola, 2017, oil on canvas, 125 x 100 cm' alt=''><\/a><\/div><div class='av-horizontal-gallery-wrap noHover'><img decoding=\"async\" class='wp-image-1669 avia-img-lazy-loading-not-1669 av-horizontal-gallery-img' width=\"600\" height=\"600\" src=\"https:\/\/www.galerie-braunbehrens.de\/wp-content\/uploads\/2018\/11\/Albrecht-D\u00fcrer.jpg\" title='Albrecht D\u00fcrer, 2017, oil on canvas, 125 x 125 cm' alt='' srcset=\"https:\/\/www.galerie-braunbehrens.de\/wp-content\/uploads\/2018\/11\/Albrecht-D\u00fcrer.jpg 600w, https:\/\/www.galerie-braunbehrens.de\/wp-content\/uploads\/2018\/11\/Albrecht-D\u00fcrer-80x80.jpg 80w, https:\/\/www.galerie-braunbehrens.de\/wp-content\/uploads\/2018\/11\/Albrecht-D\u00fcrer-300x300.jpg 300w, https:\/\/www.galerie-braunbehrens.de\/wp-content\/uploads\/2018\/11\/Albrecht-D\u00fcrer-36x36.jpg 36w, https:\/\/www.galerie-braunbehrens.de\/wp-content\/uploads\/2018\/11\/Albrecht-D\u00fcrer-180x180.jpg 180w, https:\/\/www.galerie-braunbehrens.de\/wp-content\/uploads\/2018\/11\/Albrecht-D\u00fcrer-120x120.jpg 120w, https:\/\/www.galerie-braunbehrens.de\/wp-content\/uploads\/2018\/11\/Albrecht-D\u00fcrer-450x450.jpg 450w\" sizes=\"(max-width: 600px) 100vw, 600px\" \/><a href=\"https:\/\/www.galerie-braunbehrens.de\/wp-content\/uploads\/2018\/11\/Albrecht-D\u00fcrer.jpg\" data-srcset=\"https:\/\/www.galerie-braunbehrens.de\/wp-content\/uploads\/2018\/11\/Albrecht-D\u00fcrer.jpg 600w, https:\/\/www.galerie-braunbehrens.de\/wp-content\/uploads\/2018\/11\/Albrecht-D\u00fcrer-80x80.jpg 80w, https:\/\/www.galerie-braunbehrens.de\/wp-content\/uploads\/2018\/11\/Albrecht-D\u00fcrer-300x300.jpg 300w, https:\/\/www.galerie-braunbehrens.de\/wp-content\/uploads\/2018\/11\/Albrecht-D\u00fcrer-36x36.jpg 36w, https:\/\/www.galerie-braunbehrens.de\/wp-content\/uploads\/2018\/11\/Albrecht-D\u00fcrer-180x180.jpg 180w, https:\/\/www.galerie-braunbehrens.de\/wp-content\/uploads\/2018\/11\/Albrecht-D\u00fcrer-120x120.jpg 120w, https:\/\/www.galerie-braunbehrens.de\/wp-content\/uploads\/2018\/11\/Albrecht-D\u00fcrer-450x450.jpg 450w\" data-sizes=\"(max-width: 600px) 100vw, 600px\" class='av-horizontal-gallery-link' aria-hidden='true' data-av_icon='\ue869' data-av_iconfont='entypo-fontello' title='Albrecht D\u00fcrer, 2017, oil on canvas, 125 x 125 cm' alt=''><\/a><\/div><\/div><\/div><\/div><\/div><div  style='height:70px' class='hr hr-invisible  av-mini-hide  avia-builder-el-3  el_after_av_one_full  el_before_av_one_half '><span class='hr-inner ' ><span class='hr-inner-style'><\/span><\/span><\/div><\/p>\n<div class='flex_column_table av-equal-height-column-flextable av-break-at-tablet-flextable' ><div class=\"flex_column av_one_half  av-break-at-tablet flex_column_table_cell av-equal-height-column av-align-top av-zero-column-padding first  avia-builder-el-4  el_after_av_hr  el_before_av_one_half  \" style='border-radius:0px; '><div  class='avia-image-container  av-styling-no-styling    avia-builder-el-5  avia-builder-el-no-sibling  artist-profil-single avia-align-left '  itemprop=\"image\" itemscope=\"itemscope\" itemtype=\"https:\/\/schema.org\/ImageObject\"  ><div class='avia-image-container-inner'><div class='avia-image-overlay-wrap'><img decoding=\"async\" class='wp-image-1874 avia-img-lazy-loading-not-1874 avia_image' src=\"https:\/\/www.galerie-braunbehrens.de\/wp-content\/uploads\/2018\/11\/sami-lukkarinen-Kopie.jpg\" alt='' title='sami lukkarinen Kopie' height=\"408\" width=\"739\"  itemprop=\"thumbnailUrl\" srcset=\"https:\/\/www.galerie-braunbehrens.de\/wp-content\/uploads\/2018\/11\/sami-lukkarinen-Kopie.jpg 739w, https:\/\/www.galerie-braunbehrens.de\/wp-content\/uploads\/2018\/11\/sami-lukkarinen-Kopie-300x166.jpg 300w, https:\/\/www.galerie-braunbehrens.de\/wp-content\/uploads\/2018\/11\/sami-lukkarinen-Kopie-705x389.jpg 705w, https:\/\/www.galerie-braunbehrens.de\/wp-content\/uploads\/2018\/11\/sami-lukkarinen-Kopie-450x248.jpg 450w\" sizes=\"(max-width: 739px) 100vw, 739px\" \/><\/div><\/div><\/div><\/div>\n<div class='av-flex-placeholder'><\/div><div class=\"flex_column av_one_half  av-break-at-tablet flex_column_table_cell av-equal-height-column av-align-top av-zero-column-padding   avia-builder-el-6  el_after_av_one_half  el_before_av_one_full  \" style='border-radius:0px; '><p><div  style='padding-bottom:10px; ' class='av-special-heading av-special-heading-h3  blockquote modern-quote  avia-builder-el-7  el_before_av_table  avia-builder-el-first  '><h3 class='av-special-heading-tag '  itemprop=\"headline\"  >Biography<\/h3><div class='special-heading-border'><div class='special-heading-inner-border' ><\/div><\/div><\/div><br \/>\n<div class='avia-data-table-wrap avia_responsive_table'><table  class='avia-table avia-data-table avia-table-1  avia-builder-el-8  el_after_av_heading  el_before_av_textblock  artist-table avia_pricing_default '  itemscope=\"itemscope\" itemtype=\"https:\/\/schema.org\/Table\" ><tbody><tr class=''><th class='avia-desc-col'>1976<\/th><td class=''>Born in Jyv\u00e4skyl\u00e4, Finnland<br \/>\n<\/td><\/tr><tr class=''><th class='avia-desc-col'>1996-2001<\/th><td class=''>Master of Fine Arts, Department of Media Arts, Helsinki Academy of Fine Arts<br \/>\n<\/td><\/tr><tr class=''><th class='avia-desc-col'>2011<\/th><td class=''>IAAB, Basel, Switzerland (Artist in Residency Programs)<br \/>\n<\/td><\/tr><\/tbody><\/table><\/div><style type='text\/css'>.avia-table-1 td:nth-of-type(1):before { content: '1976'; } <\/style><br \/>\n<section class=\"av_textblock_section \"  itemscope=\"itemscope\" itemtype=\"https:\/\/schema.org\/BlogPosting\" itemprop=\"blogPost\" ><div class='avia_textblock  '   itemprop=\"text\" ><p>The artist lives and works in Helsinki.<\/p>\n<\/div><\/section><\/p><\/div><\/div><!--close column table wrapper. Autoclose: 1 -->\n<div class=\"flex_column av_one_full  av-break-at-tablet flex_column_div av-zero-column-padding first  avia-builder-el-10  el_after_av_one_half  el_before_av_section  avia-builder-el-last  column-top-margin\" style='border-radius:0px; '><p><div  style='padding-bottom:10px; ' class='av-special-heading av-special-heading-h3  blockquote modern-quote  avia-builder-el-11  el_before_av_table  avia-builder-el-first  '><h3 class='av-special-heading-tag '  itemprop=\"headline\"  >Solo Exhibitions &#8211; Selection<\/h3><div class='special-heading-border'><div class='special-heading-inner-border' ><\/div><\/div><\/div><br \/>\n<div class='avia-data-table-wrap avia_responsive_table'><table  class='avia-table avia-data-table avia-table-2  avia-builder-el-12  el_after_av_heading  el_before_av_heading  artist-table avia_pricing_default '  itemscope=\"itemscope\" itemtype=\"https:\/\/schema.org\/Table\" ><tbody><tr class=''><th class='avia-desc-col'>2023<\/th><td class=''>Borderland, Galerie Forsblom, Helsinki, Finland<br \/>\nUnpublished (with Roope Mokka), Instituto Iberoamericano de Finlandia, Madrid, Spain<\/td><\/tr><tr class=''><th class='avia-desc-col'>2021<\/th><td class=''><br \/>\nUnelma ihmisest\u00e4 &#8211; Dream of a Human Being, Turun Taidehalli &#8211; Kunsthalle Turku, Turku, Finland<\/td><\/tr><tr class=''><th class='avia-desc-col'>2020<\/th><td class=''>Der neue Mensch, Galerie von Braunbehrens, Stuttgart<\/td><\/tr><tr class=''><th class='avia-desc-col'>2019<\/th><td class=''>Portraits, Galerie Forsblom, Stockholm, Sweden<\/td><\/tr><tr class=''><th class='avia-desc-col'>2018<\/th><td class=''>Grisaille, Galerie Forsblom, Helsinki, Finland<\/td><\/tr><tr class=''><th class='avia-desc-col'>2017<\/th><td class=''>Albrecht, Marilyn and I \u2013 New Portraits, Galerie von Braunbehrens, Stuttgart, Deutschland<\/td><\/tr><tr class=''><th class='avia-desc-col'>2016<\/th><td class=''>Timeline, Galerie Forsblom, Helsinki, Finland<\/td><\/tr><tr class=''><th class='avia-desc-col'>2014<\/th><td class=''>Artist Profiles, Galerie Forsblom, Helsinki, Finland<\/td><\/tr><tr class=''><th class='avia-desc-col'>2013<\/th><td class=''>Like, Galerie von Braunbehrens, M\u00fcnchen, Deutschland<\/td><\/tr><tr class=''><th class='avia-desc-col'>2012<\/th><td class=''>Two Thousand Observations About Friends, Galerie Forsblom, Helsinki, Finland<\/td><\/tr><tr class=''><th class='avia-desc-col'>2010<\/th><td class=''>Profile, Galleria Heino, Helsinki, Finnland<br \/>\nPiirustusluokka (Croquis), Galleria Huoltamo, Tampere, Finland<\/td><\/tr><tr class=''><th class='avia-desc-col'>2008<\/th><td class=''>Galleria Becker, Jyv\u00e4skyl\u00e4, Finland<br \/>\n<\/td><\/tr><tr class=''><th class='avia-desc-col'>2007<\/th><td class=''>New Camouflage, Galleria Heino, Helsinki, Finnland<br \/>\nSky Sample #1, Korjaamo, Helsinki, Finland<\/td><\/tr><tr class=''><th class='avia-desc-col'>2006<\/th><td class=''>Kunst Salon Husa, Tampere, Finnland<\/td><\/tr><tr class=''><th class='avia-desc-col'>2005<\/th><td class=''>Finlandsinstitutets Galleri, Stockholm, Schweden<br \/>\nGalleria Heino, Helsinki, Finland <\/td><\/tr><tr class=''><th class='avia-desc-col'>2004<\/th><td class=''>Pori Art Museum, Pori, Finnland<br \/>\nJunk Mail, Korjaamo, Helsinki, Finland<\/td><\/tr><tr class=''><th class='avia-desc-col'>2003<\/th><td class=''>Galleria Heino, Helsinki, Finnland<br \/>\nGalleria Becker, Jyv\u00e4skyl\u00e4, Finland<\/td><\/tr><tr class=''><th class='avia-desc-col'>2001<\/th><td class=''>Galleria Kari Kenetti, Helsinki, Finland<\/td><\/tr><tr class=''><th class='avia-desc-col'>2000<\/th><td class=''>Resolution 72, Galleria Titanik, Turku, Finland<\/td><\/tr><\/tbody><\/table><\/div><style type='text\/css'>.avia-table-2 td:nth-of-type(1):before { content: '2023'; } <\/style><br \/>\n<div  style='padding-bottom:10px; ' class='av-special-heading av-special-heading-h3  blockquote modern-quote  avia-builder-el-13  el_after_av_table  el_before_av_table  '><h3 class='av-special-heading-tag '  itemprop=\"headline\"  >Group Exhibitions &#8211; Selection<\/h3><div class='special-heading-border'><div class='special-heading-inner-border' ><\/div><\/div><\/div><br \/>\n<div class='avia-data-table-wrap avia_responsive_table'><table  class='avia-table avia-data-table avia-table-3  avia-builder-el-14  el_after_av_heading  el_before_av_heading  artist-table avia_pricing_default '  itemscope=\"itemscope\" itemtype=\"https:\/\/schema.org\/Table\" ><tbody><tr class=''><th class='avia-desc-col'>2024<\/th><td class=''>NAAMIOT &#8211; MASKS, Serlachius Kartano &#8211; Serlachius Manor, M\u00e4ntt\u00e4, Finland<\/td><\/tr><tr class=''><th class='avia-desc-col'>2023<\/th><td class=''>Finlayson Art Area 2023, Finlayson Area &#8211; Finlaysonin alue, Tampere, Finland<\/p>\n<p>50 Jahre Kunstsammlung des Landkreises im Dialog mit neuen Werken, Kulturzentrum Schloss Bonndorf, Bonndorf, Germany<\/td><\/tr><tr class=''><th class='avia-desc-col'>2022<\/th><td class=''>Portraits, Galerie von Braunbehrens, Stuttgart, Germany<\/td><\/tr><tr class=''><th class='avia-desc-col'>2021<\/th><td class=''>XXV M\u00e4nt\u00e4n Kuvataideviikot &#8211; XXV M\u00e4ntt\u00e4 Art Festival, M\u00e4nt\u00e4n Kuvataideviikot, Pekilo, M\u00e4ntt\u00e4, Finland<\/td><\/tr><tr class=''><th class='avia-desc-col'>2020<\/th><td class=''>5 Jahre Galerie von Braunbehrens, Stuttgart<br \/>\nEl\u00e4m\u00e4n viiva \u2013 Line of Life, Works from Wihuri Collection, Rovaniemi Art Museum, Rovaniemi, Finland<br \/>\nHigh Fidelity \u2013 Digital Age Photorealists, Arnot Art Museum, Elmira, New York, USA<\/td><\/tr><tr class=''><th class='avia-desc-col'>2019<\/th><td class=''>An der Nordkante, Stadtgalerie Kiel, Kiel, Germany<br \/>\nMid-Life Crisis Retrospective, Galleria Huuto, Helsinki, Finland<\/td><\/tr><tr class=''><th class='avia-desc-col'>2018<\/th><td class=''>Glitch Art, Kuntsi Museum of Modern Art, Vaasa, Finland<br \/>\nAccrochage, Galerie von Braunbehrens, Stuttgart<\/td><\/tr><tr class=''><th class='avia-desc-col'>2017<\/th><td class=''>With Seven League Boots &#8211; Works from Kiasma Collection, Art Museum Riga Bourse, Riga, Latvia<br \/>\nMe: Self-Portraits Through Time, Taidehalli &#8211; Kunsthalle Helsinki, Helsinki, Finland<br \/>\nThe Armory Show, Galerie Forsblom, New York, USA<\/td><\/tr><tr class=''><th class='avia-desc-col'>2016<\/th><td class=''>Mansikkapaikka &#8211; Wild strawberries, W\u00e4in\u00f6 Aaltonen Museum, Turku, Finland<br \/>\nRakkaudella Heino &#8211; From Heino with Love, HAM &#8211; Helsinki Art Museum, Helsinki, Finland<br \/>\n<\/td><\/tr><tr class=''><th class='avia-desc-col'>2015<\/th><td class=''>Launch in Stuttgart, Galerie von Braunbehrens, Stuttgart,<br \/>\nIntimate Strangers: Politics as Celebrity, Celebrity as Politics., Matucana 100, Santiago de Chile<br \/>\nSummer 2015, Galerie Forsblom, Helsinki, Finland<br \/>\nKosketus &#8211; Touch, EMMA &#8211; Espoo Museum of Modern Art, Espoo, Finland<br \/>\nMarket Art Fair, Galerie Forsblom , Liljevalchs, Stockholm, Sweden<br \/>\nFace to Face, Kiasma &#8211; Museum of Contemporary Art, Helsinki, Finland<\/td><\/tr><tr class=''><th class='avia-desc-col'>2014<\/th><td class=''>Art Silicon Valley, Galerie Forsblom, San Francisco, USA<br \/>\nLadies First, Galerie von Braunbehrens, Munich<\/td><\/tr><tr class=''><th class='avia-desc-col'>2013<\/th><td class=''>THINK BIG, Art Miami 2013, Galerie Forsblom, Miami, USA<br \/>\nCheckpoint Leonardo, TR1 Kunsthalle, Tampere, Finland<br \/>\nTerveisi\u00e4 perheest\u00e4 &#8211; Greetings from the Family, Galleria Huuto J\u00e4tk\u00e4saari, Helsinki, Finland<br \/>\nUusi kubismi \u2013 New Cubism, Jyv\u00e4skyl\u00e4 Art Museum, Jyv\u00e4skyl\u00e4, Finland<\/td><\/tr><tr class=''><th class='avia-desc-col'>2012<\/th><td class=''>Tosi Kyseess\u00e4 \u2013 Reality Bites, Kiasma Museum of Contemporary Art, Helsinki, Finland<br \/>\nAnd Picasso Took His iPad, Galeria Trama, Barcelona, Spain<br \/>\n<\/td><\/tr><tr class=''><th class='avia-desc-col'>2009<\/th><td class=''>Planet Fun Fun, Kerava Art Museum, Kerava, Finland<\/td><\/tr><tr class=''><th class='avia-desc-col'>2011<\/th><td class=''>KES\u00c4 \u2013 SOMMAR \u2013 SUMMER 2011, Galerie Forsblom, Helsinki, Finland<br \/>\nTraces from iaab, dock:, Basel, Switzerland<br \/>\nGroup Show, iaab-Projektraum, Basel, Switzerland<br \/>\nArt First 2011, Galerie Forsblom, Bologna Exhibition Center, Bologna, Italy<\/td><\/tr><tr class=''><th class='avia-desc-col'>2010<\/th><td class=''>L\u00e4nsiv\u00e4yl\u00e4 at URB10, Galleria Huuto Uudenmaankatu, Helsinki, Finland<br \/>\nToden n\u00e4k\u00f6ist\u00e4 \u2013 Virtually Real, Helsingin taidemuseo Meilahti, Helsinki, Finland<\/td><\/tr><tr class=''><th class='avia-desc-col'>2008<\/th><td class=''>Uusi maalaus \u2013 New Painting, Lahti Art Museum, Lahti, Finland<br \/>\nKuvan j\u00e4lkeen \u2013 Image and After, Kiasma Museum of Contemporary Art, Helsinki, Finland<\/td><\/tr><tr class=''><th class='avia-desc-col'>2007<\/th><td class=''>Painting, Photography and Painting, Korjaamo, Helsinki, Finland<br \/>\nArt Copenhagen, Copenhagen, Denmark<\/td><\/tr><tr class=''><th class='avia-desc-col'>2006<\/th><td class=''>Helsinki International, Korjaamo, Helsinki, Finland<br \/>\nSerendipity, 1A Space, Hong Kong, China<\/td><\/tr><tr class=''><th class='avia-desc-col'>2005<\/th><td class=''>Clues to Human Behaviour, Gallery Huuto, Helsinki, Finland<br \/>\nW\u00e4in\u00f6 Aaltonen Museum, Turku, Finland<br \/>\nStockholm Art Fair, Gallery Heino, Stockholm, Sweden<br \/>\nGallery Platform, Vaasa, Finland<\/td><\/tr><tr class=''><th class='avia-desc-col'>2004<\/th><td class=''>IX M\u00e4ntt\u00e4 Art Festival, M\u00e4ntt\u00e4, Finland<\/td><\/tr><tr class=''><th class='avia-desc-col'>2002<\/th><td class=''>Plus Ultra Gallery, New York, USA<br \/>\nBiennale Syd, S\u00f6rlandet Artmuseum, Kristiansand, Norway<\/td><\/tr><tr class=''><th class='avia-desc-col'>2001<\/th><td class=''>Carnegie Art Award 2001, Arken, Ish\u00f6j, Denmark \/ Kunsternes Hus, Oslo, Norway \/ Victoria Miro<br \/>\nGallery, London, UK \/ Kopavogur Art Museum, Reykjavik, Island \/ The Royal Academy of Fine<br \/>\nArts, Stockholm, Sweden \/ Kunsthalle, Helsinki, Finland<br \/>\nBildst\u00f6rung \u2013 Entropy in the Living Room, Stadtgalerie Kiel, Kiel<br \/>\nSpring Exhibition, Academy of Fine Arts Gallery, Helsinki, Finland<br \/>\nYoung Artists, Kunsthalle, Helsinki, Finland<\/td><\/tr><tr class=''><th class='avia-desc-col'>2000<\/th><td class=''>Entropy in the Living Room, Gallery Quang, Paris, France<br \/>\nUni jossa osaan lent\u00e4\u00e4, Tikanoja Art Museum \/ Gallery Otso, Vaasa \/ Espoo, Finland<\/td><\/tr><tr class=''><th class='avia-desc-col'>1999<\/th><td class=''>Gallery Kari Kenetti, Helsinki, Finland<br \/>\nIn the Middle, Jyv\u00e4skyl\u00e4 Art Museum, Jyv\u00e4skyl\u00e4, Finland<\/td><\/tr><tr class=''><th class='avia-desc-col'>1997<\/th><td class=''>Reactions, Gallery T\u00e4htikirkas Y\u00f6, Jyv\u00e4skyl\u00e4, Finland<\/td><\/tr><tr class=''><th class='avia-desc-col'>1996<\/th><td class=''>Comment (Young artists), W&amp;G House, Espoo, Finland<\/td><\/tr><\/tbody><\/table><\/div><style type='text\/css'>.avia-table-3 td:nth-of-type(1):before { content: '2024'; } <\/style><br \/>\n<div  style='padding-bottom:10px; ' class='av-special-heading av-special-heading-h3  blockquote modern-quote  avia-builder-el-15  el_after_av_table  el_before_av_textblock  '><h3 class='av-special-heading-tag '  itemprop=\"headline\"  >Collections<\/h3><div class='special-heading-border'><div class='special-heading-inner-border' ><\/div><\/div><\/div><br \/>\n<section class=\"av_textblock_section \"  itemscope=\"itemscope\" itemtype=\"https:\/\/schema.org\/BlogPosting\" itemprop=\"blogPost\" ><div class='avia_textblock  '   itemprop=\"text\" ><p>Clarion Hotel Helsinki, Helsinki, Finland<br \/>\nHeino Art Foundation, Helsinki, Finland<br \/>\nCastren &amp; Snellman, Helsinki, Finland<br \/>\nJ\u00f6nk\u00f6ping Hospital, J\u00f6nk\u00f6ping, Sweden<br \/>\nMicrosoft Art Collection<br \/>\nAbsolut Art Collection, Stockholm, Sweden<br \/>\nFinnish State Art Collection<br \/>\nHelsinki City Art Museum, Helsinki, Finland<br \/>\nW\u00e4in\u00f6 Aaltonen Museum, Turku, Finland<br \/>\nSaastamoinen Foundation, Espoo, Finland<br \/>\nTampere City, Tampere, Finland<br \/>\nJyv\u00e4skyl\u00e4 City, Jyv\u00e4skyl\u00e4, Finland<br \/>\nHelsinki Academy of Fine Arts, Helsinki, Finland<br \/>\nFinnish Art Association, Helsinki, Finland<br \/>\nSorlandets Kunstmuseum, Kristiansand, Norway<br \/>\nKeskisuomalainen, Jyv\u00e4skyl\u00e4, Finland<br \/>\nUPM-Kymmene, Helsinki, Finland<br \/>\nCollection Swanljung, Kuntsi Museum of Modern Art, Vaasa, Finland<br \/>\nKiasma Museum of Contemporary Art, Helsinki, Finland<br \/>\nWihuri Foundation, Helsinki, Finland<\/p>\n<\/div><\/section><\/p><\/div>\n<\/div><\/div><\/div><!-- close content main div --><\/div><\/div><div id='av_section_1'  class='avia-section main_color avia-section-default avia-no-border-styling  avia-bg-style-scroll  avia-builder-el-17  el_after_av_one_full  el_before_av_section  single-artist-exibitions-list  container_wrap sidebar_right' style=' '  ><div class='container' ><div class='template-page content  av-content-small alpha units'><div class='post-entry post-entry-type-page post-entry-2864'><div class='entry-content-wrapper clearfix'>\n<div class=\"flex_column av_one_full  flex_column_div av-zero-column-padding first  avia-builder-el-18  avia-builder-el-no-sibling  \" style='border-radius:0px; '><p><div  style='padding-bottom:30px; ' class='av-special-heading av-special-heading-h3  blockquote modern-quote  avia-builder-el-19  el_before_av_blog  avia-builder-el-first  '><h3 class='av-special-heading-tag '  itemprop=\"headline\"  >Catalogs<\/h3><div class='special-heading-border'><div class='special-heading-inner-border' ><\/div><\/div><\/div><br \/>\n<div  data-autoplay=''  data-interval='5'  data-animation='fade'  data-show_slide_delay='90'  class='avia-content-slider avia-content-grid-active avia-content-slider1 avia-content-slider-even  avia-builder-el-20  el_after_av_heading  avia-builder-el-last  artist-loop '  itemscope=\"itemscope\" itemtype=\"https:\/\/schema.org\/Blog\" ><div class='avia-content-slider-inner'><div class='slide-entry-wrap'><article class='slide-entry flex_column  post-entry post-entry-11723 slide-entry-overview slide-loop-1 slide-parity-odd  av_one_fourth first real-thumbnail'  itemscope=\"itemscope\" itemtype=\"https:\/\/schema.org\/BlogPosting\" itemprop=\"blogPost\" ><a href='https:\/\/www.galerie-braunbehrens.de\/en\/catalogs\/sami-lukkarinen-der-neue-mensch\/' data-rel='slide-1' class='slide-image' title=''><img width=\"612\" height=\"815\" src=\"https:\/\/www.galerie-braunbehrens.de\/wp-content\/uploads\/2020\/09\/Umschlag-Sami-Lukkarinen-1.jpg\" class=\"wp-image-11724 avia-img-lazy-loading-11724 attachment-no scaling size-no scaling wp-post-image\" alt=\"\" decoding=\"async\" loading=\"lazy\" srcset=\"https:\/\/www.galerie-braunbehrens.de\/wp-content\/uploads\/2020\/09\/Umschlag-Sami-Lukkarinen-1.jpg 612w, https:\/\/www.galerie-braunbehrens.de\/wp-content\/uploads\/2020\/09\/Umschlag-Sami-Lukkarinen-1-225x300.jpg 225w, https:\/\/www.galerie-braunbehrens.de\/wp-content\/uploads\/2020\/09\/Umschlag-Sami-Lukkarinen-1-529x705.jpg 529w\" sizes=\"(max-width: 612px) 100vw, 612px\" \/><\/a><div class='slide-content'><header class=\"entry-content-header\"><h3 class='slide-entry-title entry-title'  itemprop=\"headline\" ><a href='https:\/\/www.galerie-braunbehrens.de\/en\/catalogs\/sami-lukkarinen-der-neue-mensch\/' title='Sami Lukkarinen, Der neue Mensch'>Sami Lukkarinen, Der neue Mensch<\/a><\/h3><span class=\"av-vertical-delimiter\"><\/span><\/header><div class='slide-meta'><time class='slide-meta-time updated'  itemprop=\"datePublished\" datetime=\"2020-09-09T10:00:55+02:00\" >9. September 2020<\/time><\/div><div class='slide-entry-excerpt entry-content'  itemprop=\"text\" ><div class=\"read-more-link\"><a href=\"https:\/\/www.galerie-braunbehrens.de\/en\/catalogs\/sami-lukkarinen-der-neue-mensch\/\" class=\"more-link\">Order<\/a><\/div><\/div><\/div><footer class=\"entry-footer\"><\/footer><span class='hidden'>\n\t\t\t\t<span class='av-structured-data'  itemprop=\"image\" itemscope=\"itemscope\" itemtype=\"https:\/\/schema.org\/ImageObject\" >\n\t\t\t\t\t\t<span itemprop='url'>https:\/\/www.galerie-braunbehrens.de\/wp-content\/uploads\/2020\/09\/Umschlag-Sami-Lukkarinen-1.jpg<\/span>\n\t\t\t\t\t\t<span itemprop='height'>815<\/span>\n\t\t\t\t\t\t<span itemprop='width'>612<\/span>\n\t\t\t\t<\/span>\n\t\t\t\t<span class='av-structured-data'  itemprop=\"publisher\" itemtype=\"https:\/\/schema.org\/Organization\" itemscope=\"itemscope\" >\n\t\t\t\t\t\t<span itemprop='name'>Anna Nerobova<\/span>\n\t\t\t\t\t\t<span itemprop='logo' itemscope itemtype='https:\/\/schema.org\/ImageObject'>\n\t\t\t\t\t\t\t<span itemprop='url'>https:\/\/www.galerie-braunbehrens.de\/wp-content\/uploads\/2018\/09\/logo.svg<\/span>\n\t\t\t\t\t\t <\/span>\n\t\t\t\t<\/span><span class='av-structured-data'  itemprop=\"author\" itemscope=\"itemscope\" itemtype=\"https:\/\/schema.org\/Person\" ><span itemprop='name'>Anna Nerobova<\/span><\/span><span class='av-structured-data'  itemprop=\"datePublished\" datetime=\"2018-12-21T20:13:16+01:00\" >2020-09-09 10:00:55<\/span><span class='av-structured-data'  itemprop=\"dateModified\" itemtype=\"https:\/\/schema.org\/dateModified\" >2023-02-21 17:08:40<\/span><span class='av-structured-data'  itemprop=\"mainEntityOfPage\" itemtype=\"https:\/\/schema.org\/mainEntityOfPage\" ><span itemprop='name'>Sami Lukkarinen, Der neue Mensch<\/span><\/span><\/span><\/article><article class='slide-entry flex_column  post-entry post-entry-4038 slide-entry-overview slide-loop-2 slide-parity-even  av_one_fourth  real-thumbnail'  itemscope=\"itemscope\" itemtype=\"https:\/\/schema.org\/BlogPosting\" itemprop=\"blogPost\" ><a href='https:\/\/www.galerie-braunbehrens.de\/en\/catalogs\/sami-lukkarinen-albrecht-marilyn-and-i\/' data-rel='slide-1' class='slide-image' title=''><img width=\"1000\" height=\"1397\" src=\"https:\/\/www.galerie-braunbehrens.de\/wp-content\/uploads\/2018\/12\/Sami-Lukkarinen-Katalog.jpg\" class=\"wp-image-3809 avia-img-lazy-loading-3809 attachment-no scaling size-no scaling wp-post-image\" alt=\"\" decoding=\"async\" loading=\"lazy\" srcset=\"https:\/\/www.galerie-braunbehrens.de\/wp-content\/uploads\/2018\/12\/Sami-Lukkarinen-Katalog.jpg 1000w, https:\/\/www.galerie-braunbehrens.de\/wp-content\/uploads\/2018\/12\/Sami-Lukkarinen-Katalog-215x300.jpg 215w, https:\/\/www.galerie-braunbehrens.de\/wp-content\/uploads\/2018\/12\/Sami-Lukkarinen-Katalog-768x1073.jpg 768w, https:\/\/www.galerie-braunbehrens.de\/wp-content\/uploads\/2018\/12\/Sami-Lukkarinen-Katalog-737x1030.jpg 737w, https:\/\/www.galerie-braunbehrens.de\/wp-content\/uploads\/2018\/12\/Sami-Lukkarinen-Katalog-505x705.jpg 505w, https:\/\/www.galerie-braunbehrens.de\/wp-content\/uploads\/2018\/12\/Sami-Lukkarinen-Katalog-450x629.jpg 450w\" sizes=\"(max-width: 1000px) 100vw, 1000px\" \/><\/a><div class='slide-content'><header class=\"entry-content-header\"><h3 class='slide-entry-title entry-title'  itemprop=\"headline\" ><a href='https:\/\/www.galerie-braunbehrens.de\/en\/catalogs\/sami-lukkarinen-albrecht-marilyn-and-i\/' title='Sami Lukkarinen, Albrecht, Marilyn and I'>Sami Lukkarinen, Albrecht, Marilyn and I<\/a><\/h3><span class=\"av-vertical-delimiter\"><\/span><\/header><div class='slide-meta'><time class='slide-meta-time updated'  itemprop=\"datePublished\" datetime=\"2018-12-21T20:15:42+01:00\" >21. December 2018<\/time><\/div><div class='slide-entry-excerpt entry-content'  itemprop=\"text\" ><div class=\"read-more-link\"><a href=\"https:\/\/www.galerie-braunbehrens.de\/en\/catalogs\/sami-lukkarinen-albrecht-marilyn-and-i\/\" class=\"more-link\">Order<\/a><\/div><\/div><\/div><footer class=\"entry-footer\"><\/footer><span class='hidden'>\n\t\t\t\t<span class='av-structured-data'  itemprop=\"image\" itemscope=\"itemscope\" itemtype=\"https:\/\/schema.org\/ImageObject\" >\n\t\t\t\t\t\t<span itemprop='url'>https:\/\/www.galerie-braunbehrens.de\/wp-content\/uploads\/2018\/12\/Sami-Lukkarinen-Katalog.jpg<\/span>\n\t\t\t\t\t\t<span itemprop='height'>1397<\/span>\n\t\t\t\t\t\t<span itemprop='width'>1000<\/span>\n\t\t\t\t<\/span>\n\t\t\t\t<span class='av-structured-data'  itemprop=\"publisher\" itemtype=\"https:\/\/schema.org\/Organization\" itemscope=\"itemscope\" >\n\t\t\t\t\t\t<span itemprop='name'>Natalia Tarakanova<\/span>\n\t\t\t\t\t\t<span itemprop='logo' itemscope itemtype='https:\/\/schema.org\/ImageObject'>\n\t\t\t\t\t\t\t<span itemprop='url'>https:\/\/www.galerie-braunbehrens.de\/wp-content\/uploads\/2018\/09\/logo.svg<\/span>\n\t\t\t\t\t\t <\/span>\n\t\t\t\t<\/span><span class='av-structured-data'  itemprop=\"author\" itemscope=\"itemscope\" itemtype=\"https:\/\/schema.org\/Person\" ><span itemprop='name'>Natalia Tarakanova<\/span><\/span><span class='av-structured-data'  itemprop=\"datePublished\" datetime=\"2018-12-21T20:13:16+01:00\" >2018-12-21 20:15:42<\/span><span class='av-structured-data'  itemprop=\"dateModified\" itemtype=\"https:\/\/schema.org\/dateModified\" >2023-02-22 17:04:38<\/span><span class='av-structured-data'  itemprop=\"mainEntityOfPage\" itemtype=\"https:\/\/schema.org\/mainEntityOfPage\" ><span itemprop='name'>Sami Lukkarinen, Albrecht, Marilyn and I<\/span><\/span><\/span><\/article><article class='slide-entry flex_column  post-entry post-entry-4001 slide-entry-overview slide-loop-3 slide-parity-odd  post-entry-last  av_one_fourth  real-thumbnail'  itemscope=\"itemscope\" itemtype=\"https:\/\/schema.org\/BlogPosting\" itemprop=\"blogPost\" ><a href='https:\/\/www.galerie-braunbehrens.de\/en\/catalogs\/sami-lukkarinen-like\/' data-rel='slide-1' class='slide-image' title=''><img width=\"600\" height=\"811\" src=\"https:\/\/www.galerie-braunbehrens.de\/wp-content\/uploads\/2018\/12\/DSC04223.jpg\" class=\"wp-image-3733 avia-img-lazy-loading-3733 attachment-no scaling size-no scaling wp-post-image\" alt=\"\" decoding=\"async\" loading=\"lazy\" srcset=\"https:\/\/www.galerie-braunbehrens.de\/wp-content\/uploads\/2018\/12\/DSC04223.jpg 600w, https:\/\/www.galerie-braunbehrens.de\/wp-content\/uploads\/2018\/12\/DSC04223-222x300.jpg 222w, https:\/\/www.galerie-braunbehrens.de\/wp-content\/uploads\/2018\/12\/DSC04223-522x705.jpg 522w, https:\/\/www.galerie-braunbehrens.de\/wp-content\/uploads\/2018\/12\/DSC04223-450x608.jpg 450w\" sizes=\"(max-width: 600px) 100vw, 600px\" \/><\/a><div class='slide-content'><header class=\"entry-content-header\"><h3 class='slide-entry-title entry-title'  itemprop=\"headline\" ><a href='https:\/\/www.galerie-braunbehrens.de\/en\/catalogs\/sami-lukkarinen-like\/' title='Sami Lukkarinen, Like'>Sami Lukkarinen, Like<\/a><\/h3><span class=\"av-vertical-delimiter\"><\/span><\/header><div class='slide-meta'><time class='slide-meta-time updated'  itemprop=\"datePublished\" datetime=\"2018-12-21T20:13:16+01:00\" >21. December 2018<\/time><\/div><div class='slide-entry-excerpt entry-content'  itemprop=\"text\" ><div class=\"read-more-link\"><a href=\"https:\/\/www.galerie-braunbehrens.de\/en\/catalogs\/sami-lukkarinen-like\/\" class=\"more-link\">Order<\/a><\/div><\/div><\/div><footer class=\"entry-footer\"><\/footer><span class='hidden'>\n\t\t\t\t<span class='av-structured-data'  itemprop=\"image\" itemscope=\"itemscope\" itemtype=\"https:\/\/schema.org\/ImageObject\" >\n\t\t\t\t\t\t<span itemprop='url'>https:\/\/www.galerie-braunbehrens.de\/wp-content\/uploads\/2018\/12\/DSC04223.jpg<\/span>\n\t\t\t\t\t\t<span itemprop='height'>811<\/span>\n\t\t\t\t\t\t<span itemprop='width'>600<\/span>\n\t\t\t\t<\/span>\n\t\t\t\t<span class='av-structured-data'  itemprop=\"publisher\" itemtype=\"https:\/\/schema.org\/Organization\" itemscope=\"itemscope\" >\n\t\t\t\t\t\t<span itemprop='name'>Natalia Tarakanova<\/span>\n\t\t\t\t\t\t<span itemprop='logo' itemscope itemtype='https:\/\/schema.org\/ImageObject'>\n\t\t\t\t\t\t\t<span itemprop='url'>https:\/\/www.galerie-braunbehrens.de\/wp-content\/uploads\/2018\/09\/logo.svg<\/span>\n\t\t\t\t\t\t <\/span>\n\t\t\t\t<\/span><span class='av-structured-data'  itemprop=\"author\" itemscope=\"itemscope\" itemtype=\"https:\/\/schema.org\/Person\" ><span itemprop='name'>Natalia Tarakanova<\/span><\/span><span class='av-structured-data'  itemprop=\"datePublished\" datetime=\"2018-12-21T20:13:16+01:00\" >2018-12-21 20:13:16<\/span><span class='av-structured-data'  itemprop=\"dateModified\" itemtype=\"https:\/\/schema.org\/dateModified\" >2023-02-23 07:19:20<\/span><span class='av-structured-data'  itemprop=\"mainEntityOfPage\" itemtype=\"https:\/\/schema.org\/mainEntityOfPage\" ><span itemprop='name'>Sami Lukkarinen, Like<\/span><\/span><\/span><\/article><\/div><\/div><\/div><\/p><\/div>\n\n<\/div><\/div><\/div><!-- close content main div --><\/div><\/div><div id='av_section_2'  class='avia-section main_color avia-section-default avia-no-border-styling  avia-bg-style-scroll  single-artist-exibitions-list  container_wrap sidebar_right' style=' '  ><div class='container' ><div class='template-page content  av-content-small alpha units'><div class='post-entry post-entry-type-page post-entry-2864'><div class='entry-content-wrapper clearfix'>\n<div class=\"flex_column av_one_full  flex_column_div av-zero-column-padding first  \" style='border-radius:0px; '><p><div  style='padding-bottom:30px; ' class='av-special-heading av-special-heading-h3  blockquote modern-quote  '><h3 class='av-special-heading-tag '  itemprop=\"headline\"  >Exhibitions<\/h3><div class='special-heading-border'><div class='special-heading-inner-border' ><\/div><\/div><\/div><br \/>\n<section class=\"av_textblock_section \"  itemscope=\"itemscope\" itemtype=\"https:\/\/schema.org\/BlogPosting\" itemprop=\"blogPost\" ><div class='avia_textblock  '   itemprop=\"text\" ><ul class=\"ecs-event-list\"><li class=\"ecs-event exhibitions_ecs_category\"><a href=\"https:\/\/www.galerie-braunbehrens.de\/en\/event\/portraits-group-exhibition\/\"><img width=\"400\" height=\"200\" src=\"https:\/\/www.galerie-braunbehrens.de\/wp-content\/uploads\/2022\/02\/Elena-Steiner-400x200.png\" class=\"wp-image-17537 avia-img-lazy-loading-17537 attachment-artist-loop size-artist-loop wp-post-image\" alt=\"\" decoding=\"async\" loading=\"lazy\" \/><\/a><h4 class=\"entry-title summary\"><a href=\"https:\/\/www.galerie-braunbehrens.de\/en\/event\/portraits-group-exhibition\/\" rel=\"bookmark\">Portraits &#8211; Group exhibition<\/a><\/h4><span class=\"duration time\"><span class=\"tribe-event-date-start\">12.03.2022<\/span> - <span class=\"tribe-event-date-end\">21.04.2022<\/span><\/span><\/li><\/ul><script type=\"application\/ld+json\">\r\n[{\"@context\":\"http:\/\/schema.org\",\"@type\":\"Event\",\"name\":\"Portraits &#8211; Group exhibition\",\"description\":\"&lt;p&gt;11th March 2022 until 21st April 2022&lt;\/p&gt;\\\\n\",\"image\":\"https:\/\/www.galerie-braunbehrens.de\/wp-content\/uploads\/2022\/02\/Elena-Steiner.png\",\"url\":\"https:\/\/www.galerie-braunbehrens.de\/en\/event\/portraits-group-exhibition\/\",\"startDate\":\"2022-03-12T00:00:00+01:00\",\"endDate\":\"2022-04-21T23:59:59+02:00\",\"performer\":\"Organization\"}]\r\n<\/script>\n<p><ul class=\"ecs-event-list\"><li class=\"ecs-event exhibitions_ecs_category\"><a href=\"https:\/\/www.galerie-braunbehrens.de\/en\/event\/sami-lukkarinen-der-neue-mensch\/\"><img width=\"400\" height=\"200\" src=\"https:\/\/www.galerie-braunbehrens.de\/wp-content\/uploads\/2020\/09\/200x160Artificial-VI-400x200.jpg\" class=\"wp-image-11629 avia-img-lazy-loading-not-11629 attachment-artist-loop size-artist-loop wp-post-image\" alt=\"\" decoding=\"async\" \/><\/a><h4 class=\"entry-title summary\"><a href=\"https:\/\/www.galerie-braunbehrens.de\/en\/event\/sami-lukkarinen-der-neue-mensch\/\" rel=\"bookmark\">Sami Lukkarinen &#8211; Der neue Mensch<\/a><\/h4><span class=\"duration time\"><span class=\"tribe-event-date-start\">19.09.2020<\/span> - <span class=\"tribe-event-date-end\">09.10.2020<\/span><\/span><\/li><\/ul><script type=\"application\/ld+json\">\r\n[{\"@context\":\"http:\/\/schema.org\",\"@type\":\"Event\",\"name\":\"Sami Lukkarinen &#8211; Der neue Mensch\",\"description\":\"&lt;p&gt;From 19th September 2020 up to 9th October 2020 The Finnish artist Sami Lukkarinen recognized early on the fact that the Selfie has taken the place of the selfportrait and reacted to this in 2003 with pixel portraits with which he attracted international attention. The artist skilfully adopted the characteristics of painting in order to [&hellip;]&lt;\/p&gt;\\\\n\",\"image\":\"https:\/\/www.galerie-braunbehrens.de\/wp-content\/uploads\/2020\/09\/200x160Artificial-VI-scaled.jpg\",\"url\":\"https:\/\/www.galerie-braunbehrens.de\/en\/event\/sami-lukkarinen-der-neue-mensch\/\",\"startDate\":\"2020-09-19T00:00:00+02:00\",\"endDate\":\"2020-10-09T23:59:59+02:00\",\"performer\":\"Organization\"}]\r\n<\/script><br \/>\n<ul class=\"ecs-event-list\"><li class=\"ecs-event exhibitions_ecs_category\"><a href=\"https:\/\/www.galerie-braunbehrens.de\/en\/event\/5-jahre-galerie-von-braunbehrens\/\"><img width=\"400\" height=\"200\" src=\"https:\/\/www.galerie-braunbehrens.de\/wp-content\/uploads\/2020\/07\/Galerie-Sommerfest-Karte-400x200.jpg\" class=\"wp-image-11432 avia-img-lazy-loading-11432 attachment-artist-loop size-artist-loop wp-post-image\" alt=\"\" decoding=\"async\" loading=\"lazy\" \/><\/a><h4 class=\"entry-title summary\"><a href=\"https:\/\/www.galerie-braunbehrens.de\/en\/event\/5-jahre-galerie-von-braunbehrens\/\" rel=\"bookmark\">5 years Galerie von Braunbehrens<\/a><\/h4><span class=\"duration time\"><span class=\"tribe-event-date-start\">03.08.2020<\/span> - <span class=\"tribe-event-date-end\">04.09.2020<\/span><\/span><\/li><\/ul><script type=\"application\/ld+json\">\r\n[{\"@context\":\"http:\/\/schema.org\",\"@type\":\"Event\",\"name\":\"5 years Galerie von Braunbehrens\",\"description\":\"&lt;p&gt;From 3rd August 2020 up to 4th September 2020 With its ambitious exhibition program, the Galerie von Braunbehrens is an established name in the art scene in Stuttgart and in Germany. It regularly shows solo and group exhibitions of internationally successful artists on 500 square meters of space. From 1978 to 2014 the gallery was [&hellip;]&lt;\/p&gt;\\\\n\",\"image\":\"https:\/\/www.galerie-braunbehrens.de\/wp-content\/uploads\/2020\/07\/Galerie-Sommerfest-Karte.jpg\",\"url\":\"https:\/\/www.galerie-braunbehrens.de\/en\/event\/5-jahre-galerie-von-braunbehrens\/\",\"startDate\":\"2020-08-03T00:00:00+02:00\",\"endDate\":\"2020-09-04T23:59:59+02:00\",\"performer\":\"Organization\"}]\r\n<\/script><br \/>\n<ul class=\"ecs-event-list\"><li class=\"ecs-event exhibitions_ecs_category\"><a href=\"https:\/\/www.galerie-braunbehrens.de\/en\/event\/accrochage\/\"><img width=\"400\" height=\"200\" src=\"https:\/\/www.galerie-braunbehrens.de\/wp-content\/uploads\/2019\/01\/Accrochage-400x200.png\" class=\"wp-image-5735 avia-img-lazy-loading-5735 attachment-artist-loop size-artist-loop wp-post-image\" alt=\"\" decoding=\"async\" loading=\"lazy\" \/><\/a><h4 class=\"entry-title summary\"><a href=\"https:\/\/www.galerie-braunbehrens.de\/en\/event\/accrochage\/\" rel=\"bookmark\">Accrochage<\/a><\/h4><span class=\"duration time\"><span class=\"tribe-event-date-start\">15.12.2018<\/span> - <span class=\"tribe-event-date-end\">22.12.2018<\/span><\/span><\/li><\/ul><script type=\"application\/ld+json\">\r\n[{\"@context\":\"http:\/\/schema.org\",\"@type\":\"Event\",\"name\":\"Accrochage\",\"description\":\"&lt;p&gt;From 15th December 2018 until 22nd December 2018&lt;\/p&gt;\\\\n\",\"image\":\"https:\/\/www.galerie-braunbehrens.de\/wp-content\/uploads\/2019\/01\/Accrochage.png\",\"url\":\"https:\/\/www.galerie-braunbehrens.de\/en\/event\/accrochage\/\",\"startDate\":\"2018-12-15T00:00:00+01:00\",\"endDate\":\"2018-12-22T23:59:59+01:00\",\"performer\":\"Organization\"}]\r\n<\/script><br \/>\n<ul class=\"ecs-event-list\"><li class=\"ecs-event exhibitions_ecs_category\"><a href=\"https:\/\/www.galerie-braunbehrens.de\/en\/event\/albrecht-marylin-and-i-new-portraits-sami-lukkarinen\/\"><img width=\"400\" height=\"200\" src=\"https:\/\/www.galerie-braunbehrens.de\/wp-content\/uploads\/2019\/01\/DSC01757-400x200.jpg\" class=\"wp-image-6062 avia-img-lazy-loading-6062 attachment-artist-loop size-artist-loop wp-post-image\" alt=\"\" decoding=\"async\" loading=\"lazy\" \/><\/a><h4 class=\"entry-title summary\"><a href=\"https:\/\/www.galerie-braunbehrens.de\/en\/event\/albrecht-marylin-and-i-new-portraits-sami-lukkarinen\/\" rel=\"bookmark\">Albrecht, Marylin and I &#8211; New Portraits &#8211; Sami Lukkarinen<\/a><\/h4><span class=\"duration time\"><span class=\"tribe-event-date-start\">16.09.2017<\/span> - <span class=\"tribe-event-date-end\">10.11.2017<\/span><\/span><\/li><\/ul><script type=\"application\/ld+json\">\r\n[{\"@context\":\"http:\/\/schema.org\",\"@type\":\"Event\",\"name\":\"Albrecht, Marylin and I &#8211; New Portraits &#8211; Sami Lukkarinen\",\"description\":\"&lt;p&gt;From 16th September 2017 until 10th November 2017&lt;\/p&gt;\\\\n\",\"image\":\"https:\/\/www.galerie-braunbehrens.de\/wp-content\/uploads\/2019\/01\/DSC01757.jpg\",\"url\":\"https:\/\/www.galerie-braunbehrens.de\/en\/event\/albrecht-marylin-and-i-new-portraits-sami-lukkarinen\/\",\"startDate\":\"2017-09-16T00:00:00+02:00\",\"endDate\":\"2017-11-10T23:59:59+01:00\",\"performer\":\"Organization\"}]\r\n<\/script><\/p>\n<ul class=\"ecs-event-list\"><li class=\"ecs-event exhibitions_ecs_category\"><a href=\"https:\/\/www.galerie-braunbehrens.de\/en\/event\/auftakt-in-stuttgart\/\"><img width=\"400\" height=\"200\" src=\"https:\/\/www.galerie-braunbehrens.de\/wp-content\/uploads\/2019\/01\/Galerie-von-Braunbehrens-Auftakt-in-Stgt-01-400x200.jpg\" class=\"wp-image-6281 avia-img-lazy-loading-6281 attachment-artist-loop size-artist-loop wp-post-image\" alt=\"\" decoding=\"async\" loading=\"lazy\" \/><\/a><h4 class=\"entry-title summary\"><a href=\"https:\/\/www.galerie-braunbehrens.de\/en\/event\/auftakt-in-stuttgart\/\" rel=\"bookmark\">Launch in Stuttgart<\/a><\/h4><span class=\"duration time\"><span class=\"tribe-event-date-start\">20.09.2015<\/span> - <span class=\"tribe-event-date-end\">07.11.2015<\/span><\/span><\/li><\/ul><script type=\"application\/ld+json\">\r\n[{\"@context\":\"http:\/\/schema.org\",\"@type\":\"Event\",\"name\":\"Launch in Stuttgart\",\"description\":\"&lt;p&gt;From 20th September 2015 until 7th November 2015&lt;\/p&gt;\\\\n\",\"image\":\"https:\/\/www.galerie-braunbehrens.de\/wp-content\/uploads\/2019\/01\/Galerie-von-Braunbehrens-Auftakt-in-Stgt-01.jpg\",\"url\":\"https:\/\/www.galerie-braunbehrens.de\/en\/event\/auftakt-in-stuttgart\/\",\"startDate\":\"2015-09-20T00:00:00+02:00\",\"endDate\":\"2015-11-07T23:59:59+01:00\",\"performer\":\"Organization\"}]\r\n<\/script>\n<\/div><\/section><\/p><\/div>\n<\/div><\/div><\/div><!-- close content main div --><\/div><\/div><div id='after_section_2'  class='main_color av_default_container_wrap container_wrap sidebar_right' style=' '  ><div class='container' ><div class='template-page content  av-content-small alpha units'><div class='post-entry post-entry-type-page post-entry-2864'><div class='entry-content-wrapper clearfix'>\n","protected":false},"excerpt":{"rendered":"","protected":false},"author":7,"featured_media":1874,"comment_status":"closed","ping_status":"closed","sticky":false,"template":"","format":"standard","meta":[],"categories":[20],"tags":[506,520,595,505,527,510,120],"aioseo_notices":[],"_links":{"self":[{"href":"https:\/\/www.galerie-braunbehrens.de\/en\/wp-json\/wp\/v2\/posts\/2864"}],"collection":[{"href":"https:\/\/www.galerie-braunbehrens.de\/en\/wp-json\/wp\/v2\/posts"}],"about":[{"href":"https:\/\/www.galerie-braunbehrens.de\/en\/wp-json\/wp\/v2\/types\/post"}],"author":[{"embeddable":true,"href":"https:\/\/www.galerie-braunbehrens.de\/en\/wp-json\/wp\/v2\/users\/7"}],"replies":[{"embeddable":true,"href":"https:\/\/www.galerie-braunbehrens.de\/en\/wp-json\/wp\/v2\/comments?post=2864"}],"version-history":[{"count":25,"href":"https:\/\/www.galerie-braunbehrens.de\/en\/wp-json\/wp\/v2\/posts\/2864\/revisions"}],"predecessor-version":[{"id":23565,"href":"https:\/\/www.galerie-braunbehrens.de\/en\/wp-json\/wp\/v2\/posts\/2864\/revisions\/23565"}],"wp:featuredmedia":[{"embeddable":true,"href":"https:\/\/www.galerie-braunbehrens.de\/en\/wp-json\/wp\/v2\/media\/1874"}],"wp:attachment":[{"href":"https:\/\/www.galerie-braunbehrens.de\/en\/wp-json\/wp\/v2\/media?parent=2864"}],"wp:term":[{"taxonomy":"category","embeddable":true,"href":"https:\/\/www.galerie-braunbehrens.de\/en\/wp-json\/wp\/v2\/categories?post=2864"},{"taxonomy":"post_tag","embeddable":true,"href":"https:\/\/www.galerie-braunbehrens.de\/en\/wp-json\/wp\/v2\/tags?post=2864"}],"curies":[{"name":"wp","href":"https:\/\/api.w.org\/{rel}","templated":true}]}}