{"id":2879,"date":"2018-12-08T15:19:56","date_gmt":"2018-12-08T14:19:56","guid":{"rendered":"http:\/\/stage.galerie-braunbehrens.de\/?p=2879"},"modified":"2022-03-01T17:38:51","modified_gmt":"2022-03-01T16:38:51","slug":"joerg-mandernach","status":"publish","type":"post","link":"https:\/\/www.galerie-braunbehrens.de\/en\/uncategorized\/joerg-mandernach\/","title":{"rendered":"J\u00f6rg Mandernach"},"content":{"rendered":"<div  style='padding-bottom:10px; font-size:80px;' class='av-special-heading av-special-heading-h3  blockquote modern-quote modern-centered  avia-builder-el-0  el_before_av_one_full  avia-builder-el-first  artist-single-title av-inherit-size '><h3 class='av-special-heading-tag '  itemprop=\"headline\"  >J\u00f6rg Mandernach<\/h3><div class='special-heading-border'><div class='special-heading-inner-border' ><\/div><\/div><\/div>\n<div class=\"flex_column av_one_full  flex_column_div av-zero-column-padding first  avia-builder-el-1  el_after_av_heading  el_before_av_hr  \" style='border-radius:0px; '><div  class='av-horizontal-gallery av-horizontal-gallery-large-gap av-horizontal-gallery-enlarge-effect av-horizontal-gallery-1  avia-builder-el-2  avia-builder-el-no-sibling  av-control-default '  itemprop=\"image\" itemscope=\"itemscope\" itemtype=\"https:\/\/schema.org\/ImageObject\"  style='padding: 3.75% 0px;' data-av-enlarge='1.3'  ><div class='avia-slideshow-arrows avia-slideshow-controls' ><a href='#prev' class='prev-slide av-horizontal-gallery-prev' aria-hidden='true' data-av_icon='\ue87c' data-av_iconfont='entypo-fontello' aria-hidden='true' tabindex='-1'>Previous<\/a><a href='#next' class='next-slide av-horizontal-gallery-next' aria-hidden='true' data-av_icon='\ue87d' data-av_iconfont='entypo-fontello' aria-hidden='true' tabindex='-1'>Next<\/a><\/div><div class='av-horizontal-gallery-inner' style='padding-bottom:25%' data-av-height='25'><div class='av-horizontal-gallery-slider'><div class='av-horizontal-gallery-wrap noHover'><img decoding=\"async\" loading=\"lazy\" class='wp-image-10955 avia-img-lazy-loading-10955 av-horizontal-gallery-img' width=\"1030\" height=\"687\" src=\"https:\/\/www.galerie-braunbehrens.de\/wp-content\/uploads\/2018\/11\/R-70-x-100-Persona-Bibi-Andersson-1030x687.jpg\" title='Persona \u2013 Bibi Andersson, 2019, paper cut, 70 x 100 cm (framed)' alt='' srcset=\"https:\/\/www.galerie-braunbehrens.de\/wp-content\/uploads\/2018\/11\/R-70-x-100-Persona-Bibi-Andersson-1030x687.jpg 1030w, https:\/\/www.galerie-braunbehrens.de\/wp-content\/uploads\/2018\/11\/R-70-x-100-Persona-Bibi-Andersson-300x200.jpg 300w, https:\/\/www.galerie-braunbehrens.de\/wp-content\/uploads\/2018\/11\/R-70-x-100-Persona-Bibi-Andersson-768x512.jpg 768w, https:\/\/www.galerie-braunbehrens.de\/wp-content\/uploads\/2018\/11\/R-70-x-100-Persona-Bibi-Andersson-705x470.jpg 705w, https:\/\/www.galerie-braunbehrens.de\/wp-content\/uploads\/2018\/11\/R-70-x-100-Persona-Bibi-Andersson-450x300.jpg 450w, https:\/\/www.galerie-braunbehrens.de\/wp-content\/uploads\/2018\/11\/R-70-x-100-Persona-Bibi-Andersson.jpg 1349w\" sizes=\"(max-width: 1030px) 100vw, 1030px\" \/><a href=\"https:\/\/www.galerie-braunbehrens.de\/wp-content\/uploads\/2018\/11\/R-70-x-100-Persona-Bibi-Andersson-1030x687.jpg\" data-srcset=\"https:\/\/www.galerie-braunbehrens.de\/wp-content\/uploads\/2018\/11\/R-70-x-100-Persona-Bibi-Andersson-1030x687.jpg 1030w, https:\/\/www.galerie-braunbehrens.de\/wp-content\/uploads\/2018\/11\/R-70-x-100-Persona-Bibi-Andersson-300x200.jpg 300w, https:\/\/www.galerie-braunbehrens.de\/wp-content\/uploads\/2018\/11\/R-70-x-100-Persona-Bibi-Andersson-768x512.jpg 768w, https:\/\/www.galerie-braunbehrens.de\/wp-content\/uploads\/2018\/11\/R-70-x-100-Persona-Bibi-Andersson-705x470.jpg 705w, https:\/\/www.galerie-braunbehrens.de\/wp-content\/uploads\/2018\/11\/R-70-x-100-Persona-Bibi-Andersson-450x300.jpg 450w, https:\/\/www.galerie-braunbehrens.de\/wp-content\/uploads\/2018\/11\/R-70-x-100-Persona-Bibi-Andersson.jpg 1349w\" data-sizes=\"(max-width: 1030px) 100vw, 1030px\" class='av-horizontal-gallery-link' aria-hidden='true' data-av_icon='\ue869' data-av_iconfont='entypo-fontello' title='Persona \u2013 Bibi Andersson, 2019, paper cut, 70 x 100 cm (framed)' alt=''><\/a><\/div><div class='av-horizontal-gallery-wrap noHover'><img decoding=\"async\" loading=\"lazy\" class='wp-image-10937 avia-img-lazy-loading-10937 av-horizontal-gallery-img' width=\"700\" height=\"925\" src=\"https:\/\/www.galerie-braunbehrens.de\/wp-content\/uploads\/2018\/11\/R-50-x-40-meta-mirror.jpg\" title='Meta Mirror, 2015, overpainted collage, spray paint, acrylic, paper cut, 50 x 40 cm (framed)' alt='' srcset=\"https:\/\/www.galerie-braunbehrens.de\/wp-content\/uploads\/2018\/11\/R-50-x-40-meta-mirror.jpg 700w, https:\/\/www.galerie-braunbehrens.de\/wp-content\/uploads\/2018\/11\/R-50-x-40-meta-mirror-227x300.jpg 227w, https:\/\/www.galerie-braunbehrens.de\/wp-content\/uploads\/2018\/11\/R-50-x-40-meta-mirror-534x705.jpg 534w, https:\/\/www.galerie-braunbehrens.de\/wp-content\/uploads\/2018\/11\/R-50-x-40-meta-mirror-450x595.jpg 450w\" sizes=\"(max-width: 700px) 100vw, 700px\" \/><a href=\"https:\/\/www.galerie-braunbehrens.de\/wp-content\/uploads\/2018\/11\/R-50-x-40-meta-mirror.jpg\" data-srcset=\"https:\/\/www.galerie-braunbehrens.de\/wp-content\/uploads\/2018\/11\/R-50-x-40-meta-mirror.jpg 700w, https:\/\/www.galerie-braunbehrens.de\/wp-content\/uploads\/2018\/11\/R-50-x-40-meta-mirror-227x300.jpg 227w, https:\/\/www.galerie-braunbehrens.de\/wp-content\/uploads\/2018\/11\/R-50-x-40-meta-mirror-534x705.jpg 534w, https:\/\/www.galerie-braunbehrens.de\/wp-content\/uploads\/2018\/11\/R-50-x-40-meta-mirror-450x595.jpg 450w\" data-sizes=\"(max-width: 700px) 100vw, 700px\" class='av-horizontal-gallery-link' aria-hidden='true' data-av_icon='\ue869' data-av_iconfont='entypo-fontello' title='Meta Mirror, 2015, overpainted collage, spray paint, acrylic, paper cut, 50 x 40 cm (framed)' alt=''><\/a><\/div><div class='av-horizontal-gallery-wrap noHover'><img decoding=\"async\" loading=\"lazy\" class='wp-image-10919 avia-img-lazy-loading-10919 av-horizontal-gallery-img' width=\"1021\" height=\"1030\" src=\"https:\/\/www.galerie-braunbehrens.de\/wp-content\/uploads\/2018\/11\/noli-me-Ateliersituation-1021x1030.jpg\" title='o. T. (Noli me) from the series \u201cSediments\u201d, 2016, Encaustic and C-Print on wood, 124 x 104 cm (framed)' alt='' srcset=\"https:\/\/www.galerie-braunbehrens.de\/wp-content\/uploads\/2018\/11\/noli-me-Ateliersituation-1021x1030.jpg 1021w, https:\/\/www.galerie-braunbehrens.de\/wp-content\/uploads\/2018\/11\/noli-me-Ateliersituation-80x80.jpg 80w, https:\/\/www.galerie-braunbehrens.de\/wp-content\/uploads\/2018\/11\/noli-me-Ateliersituation-297x300.jpg 297w, https:\/\/www.galerie-braunbehrens.de\/wp-content\/uploads\/2018\/11\/noli-me-Ateliersituation-768x775.jpg 768w, https:\/\/www.galerie-braunbehrens.de\/wp-content\/uploads\/2018\/11\/noli-me-Ateliersituation-36x36.jpg 36w, https:\/\/www.galerie-braunbehrens.de\/wp-content\/uploads\/2018\/11\/noli-me-Ateliersituation-699x705.jpg 699w, https:\/\/www.galerie-braunbehrens.de\/wp-content\/uploads\/2018\/11\/noli-me-Ateliersituation-120x120.jpg 120w, https:\/\/www.galerie-braunbehrens.de\/wp-content\/uploads\/2018\/11\/noli-me-Ateliersituation-450x454.jpg 450w, https:\/\/www.galerie-braunbehrens.de\/wp-content\/uploads\/2018\/11\/noli-me-Ateliersituation.jpg 1189w\" sizes=\"(max-width: 1021px) 100vw, 1021px\" \/><a href=\"https:\/\/www.galerie-braunbehrens.de\/wp-content\/uploads\/2018\/11\/noli-me-Ateliersituation-1021x1030.jpg\" data-srcset=\"https:\/\/www.galerie-braunbehrens.de\/wp-content\/uploads\/2018\/11\/noli-me-Ateliersituation-1021x1030.jpg 1021w, https:\/\/www.galerie-braunbehrens.de\/wp-content\/uploads\/2018\/11\/noli-me-Ateliersituation-80x80.jpg 80w, https:\/\/www.galerie-braunbehrens.de\/wp-content\/uploads\/2018\/11\/noli-me-Ateliersituation-297x300.jpg 297w, https:\/\/www.galerie-braunbehrens.de\/wp-content\/uploads\/2018\/11\/noli-me-Ateliersituation-768x775.jpg 768w, https:\/\/www.galerie-braunbehrens.de\/wp-content\/uploads\/2018\/11\/noli-me-Ateliersituation-36x36.jpg 36w, https:\/\/www.galerie-braunbehrens.de\/wp-content\/uploads\/2018\/11\/noli-me-Ateliersituation-699x705.jpg 699w, https:\/\/www.galerie-braunbehrens.de\/wp-content\/uploads\/2018\/11\/noli-me-Ateliersituation-120x120.jpg 120w, https:\/\/www.galerie-braunbehrens.de\/wp-content\/uploads\/2018\/11\/noli-me-Ateliersituation-450x454.jpg 450w, https:\/\/www.galerie-braunbehrens.de\/wp-content\/uploads\/2018\/11\/noli-me-Ateliersituation.jpg 1189w\" data-sizes=\"(max-width: 1021px) 100vw, 1021px\" class='av-horizontal-gallery-link' aria-hidden='true' data-av_icon='\ue869' data-av_iconfont='entypo-fontello' title='o. T. (Noli me) from the series \u201cSediments\u201d, 2016, Encaustic and C-Print on wood, 124 x 104 cm (framed)' alt=''><\/a><\/div><div class='av-horizontal-gallery-wrap noHover'><img decoding=\"async\" loading=\"lazy\" class='wp-image-10959 avia-img-lazy-loading-10959 av-horizontal-gallery-img' width=\"700\" height=\"831\" src=\"https:\/\/www.galerie-braunbehrens.de\/wp-content\/uploads\/2018\/11\/R-45-x-35-Wanderlust-Wonderlust.jpg\" title='Lennon \/ McCartney \u2013 wunder (wonder) lust, 2019, acrylic, paper cut from magazine cover, 45 x 35 cm (framed)' alt='' srcset=\"https:\/\/www.galerie-braunbehrens.de\/wp-content\/uploads\/2018\/11\/R-45-x-35-Wanderlust-Wonderlust.jpg 700w, https:\/\/www.galerie-braunbehrens.de\/wp-content\/uploads\/2018\/11\/R-45-x-35-Wanderlust-Wonderlust-253x300.jpg 253w, https:\/\/www.galerie-braunbehrens.de\/wp-content\/uploads\/2018\/11\/R-45-x-35-Wanderlust-Wonderlust-594x705.jpg 594w, https:\/\/www.galerie-braunbehrens.de\/wp-content\/uploads\/2018\/11\/R-45-x-35-Wanderlust-Wonderlust-450x534.jpg 450w\" sizes=\"(max-width: 700px) 100vw, 700px\" \/><a href=\"https:\/\/www.galerie-braunbehrens.de\/wp-content\/uploads\/2018\/11\/R-45-x-35-Wanderlust-Wonderlust.jpg\" data-srcset=\"https:\/\/www.galerie-braunbehrens.de\/wp-content\/uploads\/2018\/11\/R-45-x-35-Wanderlust-Wonderlust.jpg 700w, https:\/\/www.galerie-braunbehrens.de\/wp-content\/uploads\/2018\/11\/R-45-x-35-Wanderlust-Wonderlust-253x300.jpg 253w, https:\/\/www.galerie-braunbehrens.de\/wp-content\/uploads\/2018\/11\/R-45-x-35-Wanderlust-Wonderlust-594x705.jpg 594w, https:\/\/www.galerie-braunbehrens.de\/wp-content\/uploads\/2018\/11\/R-45-x-35-Wanderlust-Wonderlust-450x534.jpg 450w\" data-sizes=\"(max-width: 700px) 100vw, 700px\" class='av-horizontal-gallery-link' aria-hidden='true' data-av_icon='\ue869' data-av_iconfont='entypo-fontello' title='Lennon \/ McCartney \u2013 wunder (wonder) lust, 2019, acrylic, paper cut from magazine cover, 45 x 35 cm (framed)' alt=''><\/a><\/div><div class='av-horizontal-gallery-wrap noHover'><img decoding=\"async\" loading=\"lazy\" class='wp-image-10917 avia-img-lazy-loading-10917 av-horizontal-gallery-img' width=\"1021\" height=\"1030\" src=\"https:\/\/www.galerie-braunbehrens.de\/wp-content\/uploads\/2018\/11\/F.K.-when-Ateliersituation-1021x1030.jpg\" title='o. T. (F. K. \/ when) from the series \u201cSediments\u201d, Encaustic and C-Print on wood, 124 x 104 cm (framed)' alt='' srcset=\"https:\/\/www.galerie-braunbehrens.de\/wp-content\/uploads\/2018\/11\/F.K.-when-Ateliersituation-1021x1030.jpg 1021w, https:\/\/www.galerie-braunbehrens.de\/wp-content\/uploads\/2018\/11\/F.K.-when-Ateliersituation-80x80.jpg 80w, https:\/\/www.galerie-braunbehrens.de\/wp-content\/uploads\/2018\/11\/F.K.-when-Ateliersituation-297x300.jpg 297w, https:\/\/www.galerie-braunbehrens.de\/wp-content\/uploads\/2018\/11\/F.K.-when-Ateliersituation-768x775.jpg 768w, https:\/\/www.galerie-braunbehrens.de\/wp-content\/uploads\/2018\/11\/F.K.-when-Ateliersituation-36x36.jpg 36w, https:\/\/www.galerie-braunbehrens.de\/wp-content\/uploads\/2018\/11\/F.K.-when-Ateliersituation-699x705.jpg 699w, https:\/\/www.galerie-braunbehrens.de\/wp-content\/uploads\/2018\/11\/F.K.-when-Ateliersituation-120x120.jpg 120w, https:\/\/www.galerie-braunbehrens.de\/wp-content\/uploads\/2018\/11\/F.K.-when-Ateliersituation-450x454.jpg 450w, https:\/\/www.galerie-braunbehrens.de\/wp-content\/uploads\/2018\/11\/F.K.-when-Ateliersituation.jpg 1400w\" sizes=\"(max-width: 1021px) 100vw, 1021px\" \/><a href=\"https:\/\/www.galerie-braunbehrens.de\/wp-content\/uploads\/2018\/11\/F.K.-when-Ateliersituation-1021x1030.jpg\" data-srcset=\"https:\/\/www.galerie-braunbehrens.de\/wp-content\/uploads\/2018\/11\/F.K.-when-Ateliersituation-1021x1030.jpg 1021w, https:\/\/www.galerie-braunbehrens.de\/wp-content\/uploads\/2018\/11\/F.K.-when-Ateliersituation-80x80.jpg 80w, https:\/\/www.galerie-braunbehrens.de\/wp-content\/uploads\/2018\/11\/F.K.-when-Ateliersituation-297x300.jpg 297w, https:\/\/www.galerie-braunbehrens.de\/wp-content\/uploads\/2018\/11\/F.K.-when-Ateliersituation-768x775.jpg 768w, https:\/\/www.galerie-braunbehrens.de\/wp-content\/uploads\/2018\/11\/F.K.-when-Ateliersituation-36x36.jpg 36w, https:\/\/www.galerie-braunbehrens.de\/wp-content\/uploads\/2018\/11\/F.K.-when-Ateliersituation-699x705.jpg 699w, https:\/\/www.galerie-braunbehrens.de\/wp-content\/uploads\/2018\/11\/F.K.-when-Ateliersituation-120x120.jpg 120w, https:\/\/www.galerie-braunbehrens.de\/wp-content\/uploads\/2018\/11\/F.K.-when-Ateliersituation-450x454.jpg 450w, https:\/\/www.galerie-braunbehrens.de\/wp-content\/uploads\/2018\/11\/F.K.-when-Ateliersituation.jpg 1400w\" data-sizes=\"(max-width: 1021px) 100vw, 1021px\" class='av-horizontal-gallery-link' aria-hidden='true' data-av_icon='\ue869' data-av_iconfont='entypo-fontello' title='o. T. (F. K. \/ when) from the series \u201cSediments\u201d, Encaustic and C-Print on wood, 124 x 104 cm (framed)' alt=''><\/a><\/div><div class='av-horizontal-gallery-wrap noHover'><img decoding=\"async\" loading=\"lazy\" class='wp-image-10921 avia-img-lazy-loading-10921 av-horizontal-gallery-img' width=\"1030\" height=\"684\" src=\"https:\/\/www.galerie-braunbehrens.de\/wp-content\/uploads\/2018\/11\/R-42-x-57-Ave-Regina-Gebenedeit-ist-die-Frucht-Deines-Leibes-1030x684.jpg\" title='Ave Regina \u2013 Gebenedeit ist die Frucht des Leibes \u2013 Rolling Stone, 2017, paper cut, acrylic (painting and text) over fashion display, 42 x 57 cm (framed)' alt='' srcset=\"https:\/\/www.galerie-braunbehrens.de\/wp-content\/uploads\/2018\/11\/R-42-x-57-Ave-Regina-Gebenedeit-ist-die-Frucht-Deines-Leibes-1030x684.jpg 1030w, https:\/\/www.galerie-braunbehrens.de\/wp-content\/uploads\/2018\/11\/R-42-x-57-Ave-Regina-Gebenedeit-ist-die-Frucht-Deines-Leibes-300x199.jpg 300w, https:\/\/www.galerie-braunbehrens.de\/wp-content\/uploads\/2018\/11\/R-42-x-57-Ave-Regina-Gebenedeit-ist-die-Frucht-Deines-Leibes-768x510.jpg 768w, https:\/\/www.galerie-braunbehrens.de\/wp-content\/uploads\/2018\/11\/R-42-x-57-Ave-Regina-Gebenedeit-ist-die-Frucht-Deines-Leibes-705x468.jpg 705w, https:\/\/www.galerie-braunbehrens.de\/wp-content\/uploads\/2018\/11\/R-42-x-57-Ave-Regina-Gebenedeit-ist-die-Frucht-Deines-Leibes-450x299.jpg 450w, https:\/\/www.galerie-braunbehrens.de\/wp-content\/uploads\/2018\/11\/R-42-x-57-Ave-Regina-Gebenedeit-ist-die-Frucht-Deines-Leibes.jpg 1205w\" sizes=\"(max-width: 1030px) 100vw, 1030px\" \/><a href=\"https:\/\/www.galerie-braunbehrens.de\/wp-content\/uploads\/2018\/11\/R-42-x-57-Ave-Regina-Gebenedeit-ist-die-Frucht-Deines-Leibes-1030x684.jpg\" data-srcset=\"https:\/\/www.galerie-braunbehrens.de\/wp-content\/uploads\/2018\/11\/R-42-x-57-Ave-Regina-Gebenedeit-ist-die-Frucht-Deines-Leibes-1030x684.jpg 1030w, https:\/\/www.galerie-braunbehrens.de\/wp-content\/uploads\/2018\/11\/R-42-x-57-Ave-Regina-Gebenedeit-ist-die-Frucht-Deines-Leibes-300x199.jpg 300w, https:\/\/www.galerie-braunbehrens.de\/wp-content\/uploads\/2018\/11\/R-42-x-57-Ave-Regina-Gebenedeit-ist-die-Frucht-Deines-Leibes-768x510.jpg 768w, https:\/\/www.galerie-braunbehrens.de\/wp-content\/uploads\/2018\/11\/R-42-x-57-Ave-Regina-Gebenedeit-ist-die-Frucht-Deines-Leibes-705x468.jpg 705w, https:\/\/www.galerie-braunbehrens.de\/wp-content\/uploads\/2018\/11\/R-42-x-57-Ave-Regina-Gebenedeit-ist-die-Frucht-Deines-Leibes-450x299.jpg 450w, https:\/\/www.galerie-braunbehrens.de\/wp-content\/uploads\/2018\/11\/R-42-x-57-Ave-Regina-Gebenedeit-ist-die-Frucht-Deines-Leibes.jpg 1205w\" data-sizes=\"(max-width: 1030px) 100vw, 1030px\" class='av-horizontal-gallery-link' aria-hidden='true' data-av_icon='\ue869' data-av_iconfont='entypo-fontello' title='Ave Regina \u2013 Gebenedeit ist die Frucht des Leibes \u2013 Rolling Stone, 2017, paper cut, acrylic (painting and text) over fashion display, 42 x 57 cm (framed)' alt=''><\/a><\/div><div class='av-horizontal-gallery-wrap noHover'><img decoding=\"async\" loading=\"lazy\" class='wp-image-10923 avia-img-lazy-loading-10923 av-horizontal-gallery-img' width=\"1030\" height=\"686\" src=\"https:\/\/www.galerie-braunbehrens.de\/wp-content\/uploads\/2018\/11\/R-42-x-57-Lichttr\u00e4ger-1030x686.jpg\" title='Light carrier \u2013 Bulgari, 2018, paper cut, acrylic (painting and text) over fashion display, 42 x 57 cm (framed)' alt='' srcset=\"https:\/\/www.galerie-braunbehrens.de\/wp-content\/uploads\/2018\/11\/R-42-x-57-Lichttr\u00e4ger-1030x686.jpg 1030w, https:\/\/www.galerie-braunbehrens.de\/wp-content\/uploads\/2018\/11\/R-42-x-57-Lichttr\u00e4ger-300x200.jpg 300w, https:\/\/www.galerie-braunbehrens.de\/wp-content\/uploads\/2018\/11\/R-42-x-57-Lichttr\u00e4ger-768x511.jpg 768w, https:\/\/www.galerie-braunbehrens.de\/wp-content\/uploads\/2018\/11\/R-42-x-57-Lichttr\u00e4ger-705x469.jpg 705w, https:\/\/www.galerie-braunbehrens.de\/wp-content\/uploads\/2018\/11\/R-42-x-57-Lichttr\u00e4ger-450x300.jpg 450w, https:\/\/www.galerie-braunbehrens.de\/wp-content\/uploads\/2018\/11\/R-42-x-57-Lichttr\u00e4ger.jpg 1202w\" sizes=\"(max-width: 1030px) 100vw, 1030px\" \/><a href=\"https:\/\/www.galerie-braunbehrens.de\/wp-content\/uploads\/2018\/11\/R-42-x-57-Lichttr\u00e4ger-1030x686.jpg\" data-srcset=\"https:\/\/www.galerie-braunbehrens.de\/wp-content\/uploads\/2018\/11\/R-42-x-57-Lichttr\u00e4ger-1030x686.jpg 1030w, https:\/\/www.galerie-braunbehrens.de\/wp-content\/uploads\/2018\/11\/R-42-x-57-Lichttr\u00e4ger-300x200.jpg 300w, https:\/\/www.galerie-braunbehrens.de\/wp-content\/uploads\/2018\/11\/R-42-x-57-Lichttr\u00e4ger-768x511.jpg 768w, https:\/\/www.galerie-braunbehrens.de\/wp-content\/uploads\/2018\/11\/R-42-x-57-Lichttr\u00e4ger-705x469.jpg 705w, https:\/\/www.galerie-braunbehrens.de\/wp-content\/uploads\/2018\/11\/R-42-x-57-Lichttr\u00e4ger-450x300.jpg 450w, https:\/\/www.galerie-braunbehrens.de\/wp-content\/uploads\/2018\/11\/R-42-x-57-Lichttr\u00e4ger.jpg 1202w\" data-sizes=\"(max-width: 1030px) 100vw, 1030px\" class='av-horizontal-gallery-link' aria-hidden='true' data-av_icon='\ue869' data-av_iconfont='entypo-fontello' title='Light carrier \u2013 Bulgari, 2018, paper cut, acrylic (painting and text) over fashion display, 42 x 57 cm (framed)' alt=''><\/a><\/div><div class='av-horizontal-gallery-wrap noHover'><img decoding=\"async\" loading=\"lazy\" class='wp-image-10925 avia-img-lazy-loading-10925 av-horizontal-gallery-img' width=\"800\" height=\"1001\" src=\"https:\/\/www.galerie-braunbehrens.de\/wp-content\/uploads\/2018\/11\/R-45-x-35-Deines-Sanges-.jpg\" title='Deines Sanges \u2013 Rolling Stone, 2017, paper cut, acrylic (painting and text) over magazine cover, 45 x 35 cm (framed)' alt='' srcset=\"https:\/\/www.galerie-braunbehrens.de\/wp-content\/uploads\/2018\/11\/R-45-x-35-Deines-Sanges-.jpg 800w, https:\/\/www.galerie-braunbehrens.de\/wp-content\/uploads\/2018\/11\/R-45-x-35-Deines-Sanges--240x300.jpg 240w, https:\/\/www.galerie-braunbehrens.de\/wp-content\/uploads\/2018\/11\/R-45-x-35-Deines-Sanges--768x961.jpg 768w, https:\/\/www.galerie-braunbehrens.de\/wp-content\/uploads\/2018\/11\/R-45-x-35-Deines-Sanges--563x705.jpg 563w, https:\/\/www.galerie-braunbehrens.de\/wp-content\/uploads\/2018\/11\/R-45-x-35-Deines-Sanges--450x563.jpg 450w\" sizes=\"(max-width: 800px) 100vw, 800px\" \/><a href=\"https:\/\/www.galerie-braunbehrens.de\/wp-content\/uploads\/2018\/11\/R-45-x-35-Deines-Sanges-.jpg\" data-srcset=\"https:\/\/www.galerie-braunbehrens.de\/wp-content\/uploads\/2018\/11\/R-45-x-35-Deines-Sanges-.jpg 800w, https:\/\/www.galerie-braunbehrens.de\/wp-content\/uploads\/2018\/11\/R-45-x-35-Deines-Sanges--240x300.jpg 240w, https:\/\/www.galerie-braunbehrens.de\/wp-content\/uploads\/2018\/11\/R-45-x-35-Deines-Sanges--768x961.jpg 768w, https:\/\/www.galerie-braunbehrens.de\/wp-content\/uploads\/2018\/11\/R-45-x-35-Deines-Sanges--563x705.jpg 563w, https:\/\/www.galerie-braunbehrens.de\/wp-content\/uploads\/2018\/11\/R-45-x-35-Deines-Sanges--450x563.jpg 450w\" data-sizes=\"(max-width: 800px) 100vw, 800px\" class='av-horizontal-gallery-link' aria-hidden='true' data-av_icon='\ue869' data-av_iconfont='entypo-fontello' title='Deines Sanges \u2013 Rolling Stone, 2017, paper cut, acrylic (painting and text) over magazine cover, 45 x 35 cm (framed)' alt=''><\/a><\/div><div class='av-horizontal-gallery-wrap noHover'><img decoding=\"async\" loading=\"lazy\" class='wp-image-10927 avia-img-lazy-loading-10927 av-horizontal-gallery-img' width=\"800\" height=\"1001\" src=\"https:\/\/www.galerie-braunbehrens.de\/wp-content\/uploads\/2018\/11\/R-45-x-35-Don-t-look-back-.jpg\" title='Don\u2019t Look Back - Rolling Stone, 2017, paper cut, acrylic (painting and text) over magazine cover, 45 x 35 cm (framed)' alt='' srcset=\"https:\/\/www.galerie-braunbehrens.de\/wp-content\/uploads\/2018\/11\/R-45-x-35-Don-t-look-back-.jpg 800w, https:\/\/www.galerie-braunbehrens.de\/wp-content\/uploads\/2018\/11\/R-45-x-35-Don-t-look-back--240x300.jpg 240w, https:\/\/www.galerie-braunbehrens.de\/wp-content\/uploads\/2018\/11\/R-45-x-35-Don-t-look-back--768x961.jpg 768w, https:\/\/www.galerie-braunbehrens.de\/wp-content\/uploads\/2018\/11\/R-45-x-35-Don-t-look-back--563x705.jpg 563w, https:\/\/www.galerie-braunbehrens.de\/wp-content\/uploads\/2018\/11\/R-45-x-35-Don-t-look-back--450x563.jpg 450w\" sizes=\"(max-width: 800px) 100vw, 800px\" \/><a href=\"https:\/\/www.galerie-braunbehrens.de\/wp-content\/uploads\/2018\/11\/R-45-x-35-Don-t-look-back-.jpg\" data-srcset=\"https:\/\/www.galerie-braunbehrens.de\/wp-content\/uploads\/2018\/11\/R-45-x-35-Don-t-look-back-.jpg 800w, https:\/\/www.galerie-braunbehrens.de\/wp-content\/uploads\/2018\/11\/R-45-x-35-Don-t-look-back--240x300.jpg 240w, https:\/\/www.galerie-braunbehrens.de\/wp-content\/uploads\/2018\/11\/R-45-x-35-Don-t-look-back--768x961.jpg 768w, https:\/\/www.galerie-braunbehrens.de\/wp-content\/uploads\/2018\/11\/R-45-x-35-Don-t-look-back--563x705.jpg 563w, https:\/\/www.galerie-braunbehrens.de\/wp-content\/uploads\/2018\/11\/R-45-x-35-Don-t-look-back--450x563.jpg 450w\" data-sizes=\"(max-width: 800px) 100vw, 800px\" class='av-horizontal-gallery-link' aria-hidden='true' data-av_icon='\ue869' data-av_iconfont='entypo-fontello' title='Don\u2019t Look Back - Rolling Stone, 2017, paper cut, acrylic (painting and text) over magazine cover, 45 x 35 cm (framed)' alt=''><\/a><\/div><div class='av-horizontal-gallery-wrap noHover'><img decoding=\"async\" loading=\"lazy\" class='wp-image-10929 avia-img-lazy-loading-10929 av-horizontal-gallery-img' width=\"790\" height=\"1030\" src=\"https:\/\/www.galerie-braunbehrens.de\/wp-content\/uploads\/2018\/11\/R-45-x-35-Hapers-Bazaar-790x1030.jpg\" title='Harper\u2019s Bazaar \u2013 The Shadow Had Wandered. . . , 2018, oil (text) above magazine cover, 45 x 35 cm (framed)' alt='' srcset=\"https:\/\/www.galerie-braunbehrens.de\/wp-content\/uploads\/2018\/11\/R-45-x-35-Hapers-Bazaar-790x1030.jpg 790w, https:\/\/www.galerie-braunbehrens.de\/wp-content\/uploads\/2018\/11\/R-45-x-35-Hapers-Bazaar-230x300.jpg 230w, https:\/\/www.galerie-braunbehrens.de\/wp-content\/uploads\/2018\/11\/R-45-x-35-Hapers-Bazaar-768x1001.jpg 768w, https:\/\/www.galerie-braunbehrens.de\/wp-content\/uploads\/2018\/11\/R-45-x-35-Hapers-Bazaar-541x705.jpg 541w, https:\/\/www.galerie-braunbehrens.de\/wp-content\/uploads\/2018\/11\/R-45-x-35-Hapers-Bazaar-450x587.jpg 450w, https:\/\/www.galerie-braunbehrens.de\/wp-content\/uploads\/2018\/11\/R-45-x-35-Hapers-Bazaar.jpg 800w\" sizes=\"(max-width: 790px) 100vw, 790px\" \/><a href=\"https:\/\/www.galerie-braunbehrens.de\/wp-content\/uploads\/2018\/11\/R-45-x-35-Hapers-Bazaar-790x1030.jpg\" data-srcset=\"https:\/\/www.galerie-braunbehrens.de\/wp-content\/uploads\/2018\/11\/R-45-x-35-Hapers-Bazaar-790x1030.jpg 790w, https:\/\/www.galerie-braunbehrens.de\/wp-content\/uploads\/2018\/11\/R-45-x-35-Hapers-Bazaar-230x300.jpg 230w, https:\/\/www.galerie-braunbehrens.de\/wp-content\/uploads\/2018\/11\/R-45-x-35-Hapers-Bazaar-768x1001.jpg 768w, https:\/\/www.galerie-braunbehrens.de\/wp-content\/uploads\/2018\/11\/R-45-x-35-Hapers-Bazaar-541x705.jpg 541w, https:\/\/www.galerie-braunbehrens.de\/wp-content\/uploads\/2018\/11\/R-45-x-35-Hapers-Bazaar-450x587.jpg 450w, https:\/\/www.galerie-braunbehrens.de\/wp-content\/uploads\/2018\/11\/R-45-x-35-Hapers-Bazaar.jpg 800w\" data-sizes=\"(max-width: 790px) 100vw, 790px\" class='av-horizontal-gallery-link' aria-hidden='true' data-av_icon='\ue869' data-av_iconfont='entypo-fontello' title='Harper\u2019s Bazaar \u2013 The Shadow Had Wandered. . . , 2018, oil (text) above magazine cover, 45 x 35 cm (framed)' alt=''><\/a><\/div><div class='av-horizontal-gallery-wrap noHover'><img decoding=\"async\" loading=\"lazy\" class='wp-image-10933 avia-img-lazy-loading-10933 av-horizontal-gallery-img' width=\"784\" height=\"1030\" src=\"https:\/\/www.galerie-braunbehrens.de\/wp-content\/uploads\/2018\/11\/R-50-x-40-constellation--784x1030.jpg\" title='o. T. (Constellation) from the series \u201cfrom the cardboard box\u201d, cardboard cut, acrylic, ink, spray paint, C-print, paper cut, 50 x 40 (framed)' alt='' srcset=\"https:\/\/www.galerie-braunbehrens.de\/wp-content\/uploads\/2018\/11\/R-50-x-40-constellation--784x1030.jpg 784w, https:\/\/www.galerie-braunbehrens.de\/wp-content\/uploads\/2018\/11\/R-50-x-40-constellation--228x300.jpg 228w, https:\/\/www.galerie-braunbehrens.de\/wp-content\/uploads\/2018\/11\/R-50-x-40-constellation--768x1009.jpg 768w, https:\/\/www.galerie-braunbehrens.de\/wp-content\/uploads\/2018\/11\/R-50-x-40-constellation--537x705.jpg 537w, https:\/\/www.galerie-braunbehrens.de\/wp-content\/uploads\/2018\/11\/R-50-x-40-constellation--450x591.jpg 450w, https:\/\/www.galerie-braunbehrens.de\/wp-content\/uploads\/2018\/11\/R-50-x-40-constellation-.jpg 800w\" sizes=\"(max-width: 784px) 100vw, 784px\" \/><a href=\"https:\/\/www.galerie-braunbehrens.de\/wp-content\/uploads\/2018\/11\/R-50-x-40-constellation--784x1030.jpg\" data-srcset=\"https:\/\/www.galerie-braunbehrens.de\/wp-content\/uploads\/2018\/11\/R-50-x-40-constellation--784x1030.jpg 784w, https:\/\/www.galerie-braunbehrens.de\/wp-content\/uploads\/2018\/11\/R-50-x-40-constellation--228x300.jpg 228w, https:\/\/www.galerie-braunbehrens.de\/wp-content\/uploads\/2018\/11\/R-50-x-40-constellation--768x1009.jpg 768w, https:\/\/www.galerie-braunbehrens.de\/wp-content\/uploads\/2018\/11\/R-50-x-40-constellation--537x705.jpg 537w, https:\/\/www.galerie-braunbehrens.de\/wp-content\/uploads\/2018\/11\/R-50-x-40-constellation--450x591.jpg 450w, https:\/\/www.galerie-braunbehrens.de\/wp-content\/uploads\/2018\/11\/R-50-x-40-constellation-.jpg 800w\" data-sizes=\"(max-width: 784px) 100vw, 784px\" class='av-horizontal-gallery-link' aria-hidden='true' data-av_icon='\ue869' data-av_iconfont='entypo-fontello' title='o. T. (Constellation) from the series \u201cfrom the cardboard box\u201d, cardboard cut, acrylic, ink, spray paint, C-print, paper cut, 50 x 40 (framed)' alt=''><\/a><\/div><div class='av-horizontal-gallery-wrap noHover'><img decoding=\"async\" loading=\"lazy\" class='wp-image-10935 avia-img-lazy-loading-10935 av-horizontal-gallery-img' width=\"776\" height=\"1030\" src=\"https:\/\/www.galerie-braunbehrens.de\/wp-content\/uploads\/2018\/11\/R-50-x-40-dwight-yul--776x1030.jpg\" title='O. T. (Dwight Yul) from the series \u201cfrom the cardboard box\u201d, cardboard cut, acrylic, ink, spray paint, C-print, paper cut, 50 x 40 cm (framed)' alt='' srcset=\"https:\/\/www.galerie-braunbehrens.de\/wp-content\/uploads\/2018\/11\/R-50-x-40-dwight-yul--776x1030.jpg 776w, https:\/\/www.galerie-braunbehrens.de\/wp-content\/uploads\/2018\/11\/R-50-x-40-dwight-yul--226x300.jpg 226w, https:\/\/www.galerie-braunbehrens.de\/wp-content\/uploads\/2018\/11\/R-50-x-40-dwight-yul--768x1020.jpg 768w, https:\/\/www.galerie-braunbehrens.de\/wp-content\/uploads\/2018\/11\/R-50-x-40-dwight-yul--531x705.jpg 531w, https:\/\/www.galerie-braunbehrens.de\/wp-content\/uploads\/2018\/11\/R-50-x-40-dwight-yul--450x597.jpg 450w, https:\/\/www.galerie-braunbehrens.de\/wp-content\/uploads\/2018\/11\/R-50-x-40-dwight-yul-.jpg 800w\" sizes=\"(max-width: 776px) 100vw, 776px\" \/><a href=\"https:\/\/www.galerie-braunbehrens.de\/wp-content\/uploads\/2018\/11\/R-50-x-40-dwight-yul--776x1030.jpg\" data-srcset=\"https:\/\/www.galerie-braunbehrens.de\/wp-content\/uploads\/2018\/11\/R-50-x-40-dwight-yul--776x1030.jpg 776w, https:\/\/www.galerie-braunbehrens.de\/wp-content\/uploads\/2018\/11\/R-50-x-40-dwight-yul--226x300.jpg 226w, https:\/\/www.galerie-braunbehrens.de\/wp-content\/uploads\/2018\/11\/R-50-x-40-dwight-yul--768x1020.jpg 768w, https:\/\/www.galerie-braunbehrens.de\/wp-content\/uploads\/2018\/11\/R-50-x-40-dwight-yul--531x705.jpg 531w, https:\/\/www.galerie-braunbehrens.de\/wp-content\/uploads\/2018\/11\/R-50-x-40-dwight-yul--450x597.jpg 450w, https:\/\/www.galerie-braunbehrens.de\/wp-content\/uploads\/2018\/11\/R-50-x-40-dwight-yul-.jpg 800w\" data-sizes=\"(max-width: 776px) 100vw, 776px\" class='av-horizontal-gallery-link' aria-hidden='true' data-av_icon='\ue869' data-av_iconfont='entypo-fontello' title='O. T. (Dwight Yul) from the series \u201cfrom the cardboard box\u201d, cardboard cut, acrylic, ink, spray paint, C-print, paper cut, 50 x 40 cm (framed)' alt=''><\/a><\/div><div class='av-horizontal-gallery-wrap noHover'><img decoding=\"async\" loading=\"lazy\" class='wp-image-10939 avia-img-lazy-loading-10939 av-horizontal-gallery-img' width=\"615\" height=\"800\" src=\"https:\/\/www.galerie-braunbehrens.de\/wp-content\/uploads\/2018\/11\/R-50-x-40-nick-bottom.jpg\" title='o. T. (Nick Bottom) from the series \u201caus dem Zettelkasten\u201d, 2016, cardboard cut, acrylic, ink, spray paint, C-print, paper cut, 50 x 40 cm (framed)' alt='' srcset=\"https:\/\/www.galerie-braunbehrens.de\/wp-content\/uploads\/2018\/11\/R-50-x-40-nick-bottom.jpg 615w, https:\/\/www.galerie-braunbehrens.de\/wp-content\/uploads\/2018\/11\/R-50-x-40-nick-bottom-231x300.jpg 231w, https:\/\/www.galerie-braunbehrens.de\/wp-content\/uploads\/2018\/11\/R-50-x-40-nick-bottom-542x705.jpg 542w, https:\/\/www.galerie-braunbehrens.de\/wp-content\/uploads\/2018\/11\/R-50-x-40-nick-bottom-450x585.jpg 450w\" sizes=\"(max-width: 615px) 100vw, 615px\" \/><a href=\"https:\/\/www.galerie-braunbehrens.de\/wp-content\/uploads\/2018\/11\/R-50-x-40-nick-bottom.jpg\" data-srcset=\"https:\/\/www.galerie-braunbehrens.de\/wp-content\/uploads\/2018\/11\/R-50-x-40-nick-bottom.jpg 615w, https:\/\/www.galerie-braunbehrens.de\/wp-content\/uploads\/2018\/11\/R-50-x-40-nick-bottom-231x300.jpg 231w, https:\/\/www.galerie-braunbehrens.de\/wp-content\/uploads\/2018\/11\/R-50-x-40-nick-bottom-542x705.jpg 542w, https:\/\/www.galerie-braunbehrens.de\/wp-content\/uploads\/2018\/11\/R-50-x-40-nick-bottom-450x585.jpg 450w\" data-sizes=\"(max-width: 615px) 100vw, 615px\" class='av-horizontal-gallery-link' aria-hidden='true' data-av_icon='\ue869' data-av_iconfont='entypo-fontello' title='o. T. (Nick Bottom) from the series \u201caus dem Zettelkasten\u201d, 2016, cardboard cut, acrylic, ink, spray paint, C-print, paper cut, 50 x 40 cm (framed)' alt=''><\/a><\/div><div class='av-horizontal-gallery-wrap noHover'><img decoding=\"async\" loading=\"lazy\" class='wp-image-10941 avia-img-lazy-loading-10941 av-horizontal-gallery-img' width=\"800\" height=\"1026\" src=\"https:\/\/www.galerie-braunbehrens.de\/wp-content\/uploads\/2018\/11\/R-50-x-40-Queen-Kong.jpg\" title='Queen Kong, 2016, painted collage, spray paint, acrylic, paper cut, 50 x 40 cm (framed)' alt='' srcset=\"https:\/\/www.galerie-braunbehrens.de\/wp-content\/uploads\/2018\/11\/R-50-x-40-Queen-Kong.jpg 800w, https:\/\/www.galerie-braunbehrens.de\/wp-content\/uploads\/2018\/11\/R-50-x-40-Queen-Kong-234x300.jpg 234w, https:\/\/www.galerie-braunbehrens.de\/wp-content\/uploads\/2018\/11\/R-50-x-40-Queen-Kong-768x985.jpg 768w, https:\/\/www.galerie-braunbehrens.de\/wp-content\/uploads\/2018\/11\/R-50-x-40-Queen-Kong-550x705.jpg 550w, https:\/\/www.galerie-braunbehrens.de\/wp-content\/uploads\/2018\/11\/R-50-x-40-Queen-Kong-450x577.jpg 450w\" sizes=\"(max-width: 800px) 100vw, 800px\" \/><a href=\"https:\/\/www.galerie-braunbehrens.de\/wp-content\/uploads\/2018\/11\/R-50-x-40-Queen-Kong.jpg\" data-srcset=\"https:\/\/www.galerie-braunbehrens.de\/wp-content\/uploads\/2018\/11\/R-50-x-40-Queen-Kong.jpg 800w, https:\/\/www.galerie-braunbehrens.de\/wp-content\/uploads\/2018\/11\/R-50-x-40-Queen-Kong-234x300.jpg 234w, https:\/\/www.galerie-braunbehrens.de\/wp-content\/uploads\/2018\/11\/R-50-x-40-Queen-Kong-768x985.jpg 768w, https:\/\/www.galerie-braunbehrens.de\/wp-content\/uploads\/2018\/11\/R-50-x-40-Queen-Kong-550x705.jpg 550w, https:\/\/www.galerie-braunbehrens.de\/wp-content\/uploads\/2018\/11\/R-50-x-40-Queen-Kong-450x577.jpg 450w\" data-sizes=\"(max-width: 800px) 100vw, 800px\" class='av-horizontal-gallery-link' aria-hidden='true' data-av_icon='\ue869' data-av_iconfont='entypo-fontello' title='Queen Kong, 2016, painted collage, spray paint, acrylic, paper cut, 50 x 40 cm (framed)' alt=''><\/a><\/div><div class='av-horizontal-gallery-wrap noHover'><img decoding=\"async\" loading=\"lazy\" class='wp-image-10943 avia-img-lazy-loading-10943 av-horizontal-gallery-img' width=\"615\" height=\"800\" src=\"https:\/\/www.galerie-braunbehrens.de\/wp-content\/uploads\/2018\/11\/R-50-x-40the-sound-of-translation.jpg\" title='o. T. (Sound Of Translation) from the series \u201caus dem Zettelkasten\u201d, 2016, cardboard cut, acrylic, ink, spray paint, C-print, paper cut, 50 x 40 cm (framed)' alt='' srcset=\"https:\/\/www.galerie-braunbehrens.de\/wp-content\/uploads\/2018\/11\/R-50-x-40the-sound-of-translation.jpg 615w, https:\/\/www.galerie-braunbehrens.de\/wp-content\/uploads\/2018\/11\/R-50-x-40the-sound-of-translation-231x300.jpg 231w, https:\/\/www.galerie-braunbehrens.de\/wp-content\/uploads\/2018\/11\/R-50-x-40the-sound-of-translation-542x705.jpg 542w, https:\/\/www.galerie-braunbehrens.de\/wp-content\/uploads\/2018\/11\/R-50-x-40the-sound-of-translation-450x585.jpg 450w\" sizes=\"(max-width: 615px) 100vw, 615px\" \/><a href=\"https:\/\/www.galerie-braunbehrens.de\/wp-content\/uploads\/2018\/11\/R-50-x-40the-sound-of-translation.jpg\" data-srcset=\"https:\/\/www.galerie-braunbehrens.de\/wp-content\/uploads\/2018\/11\/R-50-x-40the-sound-of-translation.jpg 615w, https:\/\/www.galerie-braunbehrens.de\/wp-content\/uploads\/2018\/11\/R-50-x-40the-sound-of-translation-231x300.jpg 231w, https:\/\/www.galerie-braunbehrens.de\/wp-content\/uploads\/2018\/11\/R-50-x-40the-sound-of-translation-542x705.jpg 542w, https:\/\/www.galerie-braunbehrens.de\/wp-content\/uploads\/2018\/11\/R-50-x-40the-sound-of-translation-450x585.jpg 450w\" data-sizes=\"(max-width: 615px) 100vw, 615px\" class='av-horizontal-gallery-link' aria-hidden='true' data-av_icon='\ue869' data-av_iconfont='entypo-fontello' title='o. T. (Sound Of Translation) from the series \u201caus dem Zettelkasten\u201d, 2016, cardboard cut, acrylic, ink, spray paint, C-print, paper cut, 50 x 40 cm (framed)' alt=''><\/a><\/div><div class='av-horizontal-gallery-wrap noHover'><img decoding=\"async\" loading=\"lazy\" class='wp-image-10945 avia-img-lazy-loading-10945 av-horizontal-gallery-img' width=\"1030\" height=\"656\" src=\"https:\/\/www.galerie-braunbehrens.de\/wp-content\/uploads\/2018\/11\/R-50-x-70-Du-tote-Stadt-1030x656.jpg\" title='Du tote Stadt, 2018, painting, paper cut from fashion ad, 50 x 70 cm (framed)' alt='' srcset=\"https:\/\/www.galerie-braunbehrens.de\/wp-content\/uploads\/2018\/11\/R-50-x-70-Du-tote-Stadt-1030x656.jpg 1030w, https:\/\/www.galerie-braunbehrens.de\/wp-content\/uploads\/2018\/11\/R-50-x-70-Du-tote-Stadt-300x191.jpg 300w, https:\/\/www.galerie-braunbehrens.de\/wp-content\/uploads\/2018\/11\/R-50-x-70-Du-tote-Stadt-768x489.jpg 768w, https:\/\/www.galerie-braunbehrens.de\/wp-content\/uploads\/2018\/11\/R-50-x-70-Du-tote-Stadt-705x449.jpg 705w, https:\/\/www.galerie-braunbehrens.de\/wp-content\/uploads\/2018\/11\/R-50-x-70-Du-tote-Stadt-450x287.jpg 450w, https:\/\/www.galerie-braunbehrens.de\/wp-content\/uploads\/2018\/11\/R-50-x-70-Du-tote-Stadt.jpg 1099w\" sizes=\"(max-width: 1030px) 100vw, 1030px\" \/><a href=\"https:\/\/www.galerie-braunbehrens.de\/wp-content\/uploads\/2018\/11\/R-50-x-70-Du-tote-Stadt-1030x656.jpg\" data-srcset=\"https:\/\/www.galerie-braunbehrens.de\/wp-content\/uploads\/2018\/11\/R-50-x-70-Du-tote-Stadt-1030x656.jpg 1030w, https:\/\/www.galerie-braunbehrens.de\/wp-content\/uploads\/2018\/11\/R-50-x-70-Du-tote-Stadt-300x191.jpg 300w, https:\/\/www.galerie-braunbehrens.de\/wp-content\/uploads\/2018\/11\/R-50-x-70-Du-tote-Stadt-768x489.jpg 768w, https:\/\/www.galerie-braunbehrens.de\/wp-content\/uploads\/2018\/11\/R-50-x-70-Du-tote-Stadt-705x449.jpg 705w, https:\/\/www.galerie-braunbehrens.de\/wp-content\/uploads\/2018\/11\/R-50-x-70-Du-tote-Stadt-450x287.jpg 450w, https:\/\/www.galerie-braunbehrens.de\/wp-content\/uploads\/2018\/11\/R-50-x-70-Du-tote-Stadt.jpg 1099w\" data-sizes=\"(max-width: 1030px) 100vw, 1030px\" class='av-horizontal-gallery-link' aria-hidden='true' data-av_icon='\ue869' data-av_iconfont='entypo-fontello' title='Du tote Stadt, 2018, painting, paper cut from fashion ad, 50 x 70 cm (framed)' alt=''><\/a><\/div><div class='av-horizontal-gallery-wrap noHover'><img decoding=\"async\" loading=\"lazy\" class='wp-image-10947 avia-img-lazy-loading-10947 av-horizontal-gallery-img' width=\"1030\" height=\"685\" src=\"https:\/\/www.galerie-braunbehrens.de\/wp-content\/uploads\/2018\/11\/R-50-x-70-Hedy-Lamarr-1030x685.jpg\" title='Frequency jump \u2013 Hedy Lamarr, 2019, paper cut, 50 x 70 cm (framed)' alt='' srcset=\"https:\/\/www.galerie-braunbehrens.de\/wp-content\/uploads\/2018\/11\/R-50-x-70-Hedy-Lamarr-1030x685.jpg 1030w, https:\/\/www.galerie-braunbehrens.de\/wp-content\/uploads\/2018\/11\/R-50-x-70-Hedy-Lamarr-300x200.jpg 300w, https:\/\/www.galerie-braunbehrens.de\/wp-content\/uploads\/2018\/11\/R-50-x-70-Hedy-Lamarr-768x511.jpg 768w, https:\/\/www.galerie-braunbehrens.de\/wp-content\/uploads\/2018\/11\/R-50-x-70-Hedy-Lamarr-705x469.jpg 705w, https:\/\/www.galerie-braunbehrens.de\/wp-content\/uploads\/2018\/11\/R-50-x-70-Hedy-Lamarr-450x299.jpg 450w, https:\/\/www.galerie-braunbehrens.de\/wp-content\/uploads\/2018\/11\/R-50-x-70-Hedy-Lamarr.jpg 1353w\" sizes=\"(max-width: 1030px) 100vw, 1030px\" \/><a href=\"https:\/\/www.galerie-braunbehrens.de\/wp-content\/uploads\/2018\/11\/R-50-x-70-Hedy-Lamarr-1030x685.jpg\" data-srcset=\"https:\/\/www.galerie-braunbehrens.de\/wp-content\/uploads\/2018\/11\/R-50-x-70-Hedy-Lamarr-1030x685.jpg 1030w, https:\/\/www.galerie-braunbehrens.de\/wp-content\/uploads\/2018\/11\/R-50-x-70-Hedy-Lamarr-300x200.jpg 300w, https:\/\/www.galerie-braunbehrens.de\/wp-content\/uploads\/2018\/11\/R-50-x-70-Hedy-Lamarr-768x511.jpg 768w, https:\/\/www.galerie-braunbehrens.de\/wp-content\/uploads\/2018\/11\/R-50-x-70-Hedy-Lamarr-705x469.jpg 705w, https:\/\/www.galerie-braunbehrens.de\/wp-content\/uploads\/2018\/11\/R-50-x-70-Hedy-Lamarr-450x299.jpg 450w, https:\/\/www.galerie-braunbehrens.de\/wp-content\/uploads\/2018\/11\/R-50-x-70-Hedy-Lamarr.jpg 1353w\" data-sizes=\"(max-width: 1030px) 100vw, 1030px\" class='av-horizontal-gallery-link' aria-hidden='true' data-av_icon='\ue869' data-av_iconfont='entypo-fontello' title='Frequency jump \u2013 Hedy Lamarr, 2019, paper cut, 50 x 70 cm (framed)' alt=''><\/a><\/div><div class='av-horizontal-gallery-wrap noHover'><img decoding=\"async\" loading=\"lazy\" class='wp-image-10949 avia-img-lazy-loading-10949 av-horizontal-gallery-img' width=\"1030\" height=\"685\" src=\"https:\/\/www.galerie-braunbehrens.de\/wp-content\/uploads\/2018\/11\/R-50-x-70-Liz-Schneider--1030x685.jpg\" title='R. ead O. nly Memor. Y \u2013 Liz Schneider, 2019, paper cut, 50 x 70 cm (framed)' alt='' srcset=\"https:\/\/www.galerie-braunbehrens.de\/wp-content\/uploads\/2018\/11\/R-50-x-70-Liz-Schneider--1030x685.jpg 1030w, https:\/\/www.galerie-braunbehrens.de\/wp-content\/uploads\/2018\/11\/R-50-x-70-Liz-Schneider--300x200.jpg 300w, https:\/\/www.galerie-braunbehrens.de\/wp-content\/uploads\/2018\/11\/R-50-x-70-Liz-Schneider--768x511.jpg 768w, https:\/\/www.galerie-braunbehrens.de\/wp-content\/uploads\/2018\/11\/R-50-x-70-Liz-Schneider--705x469.jpg 705w, https:\/\/www.galerie-braunbehrens.de\/wp-content\/uploads\/2018\/11\/R-50-x-70-Liz-Schneider--450x299.jpg 450w, https:\/\/www.galerie-braunbehrens.de\/wp-content\/uploads\/2018\/11\/R-50-x-70-Liz-Schneider-.jpg 1353w\" sizes=\"(max-width: 1030px) 100vw, 1030px\" \/><a href=\"https:\/\/www.galerie-braunbehrens.de\/wp-content\/uploads\/2018\/11\/R-50-x-70-Liz-Schneider--1030x685.jpg\" data-srcset=\"https:\/\/www.galerie-braunbehrens.de\/wp-content\/uploads\/2018\/11\/R-50-x-70-Liz-Schneider--1030x685.jpg 1030w, https:\/\/www.galerie-braunbehrens.de\/wp-content\/uploads\/2018\/11\/R-50-x-70-Liz-Schneider--300x200.jpg 300w, https:\/\/www.galerie-braunbehrens.de\/wp-content\/uploads\/2018\/11\/R-50-x-70-Liz-Schneider--768x511.jpg 768w, https:\/\/www.galerie-braunbehrens.de\/wp-content\/uploads\/2018\/11\/R-50-x-70-Liz-Schneider--705x469.jpg 705w, https:\/\/www.galerie-braunbehrens.de\/wp-content\/uploads\/2018\/11\/R-50-x-70-Liz-Schneider--450x299.jpg 450w, https:\/\/www.galerie-braunbehrens.de\/wp-content\/uploads\/2018\/11\/R-50-x-70-Liz-Schneider-.jpg 1353w\" data-sizes=\"(max-width: 1030px) 100vw, 1030px\" class='av-horizontal-gallery-link' aria-hidden='true' data-av_icon='\ue869' data-av_iconfont='entypo-fontello' title='R. ead O. nly Memor. Y \u2013 Liz Schneider, 2019, paper cut, 50 x 70 cm (framed)' alt=''><\/a><\/div><div class='av-horizontal-gallery-wrap noHover'><img decoding=\"async\" loading=\"lazy\" class='wp-image-10951 avia-img-lazy-loading-10951 av-horizontal-gallery-img' width=\"1030\" height=\"685\" src=\"https:\/\/www.galerie-braunbehrens.de\/wp-content\/uploads\/2018\/11\/r-50-x-70-Syd-Barrett-1030x685.jpg\" title='Crazy Diamond \u2013 Syd Barrett, 2019, paper cut, 50 x 70 cm (framed)' alt='' srcset=\"https:\/\/www.galerie-braunbehrens.de\/wp-content\/uploads\/2018\/11\/r-50-x-70-Syd-Barrett-1030x685.jpg 1030w, https:\/\/www.galerie-braunbehrens.de\/wp-content\/uploads\/2018\/11\/r-50-x-70-Syd-Barrett-300x200.jpg 300w, https:\/\/www.galerie-braunbehrens.de\/wp-content\/uploads\/2018\/11\/r-50-x-70-Syd-Barrett-768x511.jpg 768w, https:\/\/www.galerie-braunbehrens.de\/wp-content\/uploads\/2018\/11\/r-50-x-70-Syd-Barrett-705x469.jpg 705w, https:\/\/www.galerie-braunbehrens.de\/wp-content\/uploads\/2018\/11\/r-50-x-70-Syd-Barrett-450x299.jpg 450w, https:\/\/www.galerie-braunbehrens.de\/wp-content\/uploads\/2018\/11\/r-50-x-70-Syd-Barrett.jpg 1353w\" sizes=\"(max-width: 1030px) 100vw, 1030px\" \/><a href=\"https:\/\/www.galerie-braunbehrens.de\/wp-content\/uploads\/2018\/11\/r-50-x-70-Syd-Barrett-1030x685.jpg\" data-srcset=\"https:\/\/www.galerie-braunbehrens.de\/wp-content\/uploads\/2018\/11\/r-50-x-70-Syd-Barrett-1030x685.jpg 1030w, https:\/\/www.galerie-braunbehrens.de\/wp-content\/uploads\/2018\/11\/r-50-x-70-Syd-Barrett-300x200.jpg 300w, https:\/\/www.galerie-braunbehrens.de\/wp-content\/uploads\/2018\/11\/r-50-x-70-Syd-Barrett-768x511.jpg 768w, https:\/\/www.galerie-braunbehrens.de\/wp-content\/uploads\/2018\/11\/r-50-x-70-Syd-Barrett-705x469.jpg 705w, https:\/\/www.galerie-braunbehrens.de\/wp-content\/uploads\/2018\/11\/r-50-x-70-Syd-Barrett-450x299.jpg 450w, https:\/\/www.galerie-braunbehrens.de\/wp-content\/uploads\/2018\/11\/r-50-x-70-Syd-Barrett.jpg 1353w\" data-sizes=\"(max-width: 1030px) 100vw, 1030px\" class='av-horizontal-gallery-link' aria-hidden='true' data-av_icon='\ue869' data-av_iconfont='entypo-fontello' title='Crazy Diamond \u2013 Syd Barrett, 2019, paper cut, 50 x 70 cm (framed)' alt=''><\/a><\/div><div class='av-horizontal-gallery-wrap noHover'><img decoding=\"async\" loading=\"lazy\" class='wp-image-10953 avia-img-lazy-loading-10953 av-horizontal-gallery-img' width=\"1030\" height=\"685\" src=\"https:\/\/www.galerie-braunbehrens.de\/wp-content\/uploads\/2018\/11\/R-50-x-70-Take-And-Hide-Brando-1030x685.jpg\" title='The Dark Side of the Moon \u2013 Marlon Brando, 2019, Papierschnitt, 50 x 70 cm (framed)' alt='' srcset=\"https:\/\/www.galerie-braunbehrens.de\/wp-content\/uploads\/2018\/11\/R-50-x-70-Take-And-Hide-Brando-1030x685.jpg 1030w, https:\/\/www.galerie-braunbehrens.de\/wp-content\/uploads\/2018\/11\/R-50-x-70-Take-And-Hide-Brando-300x200.jpg 300w, https:\/\/www.galerie-braunbehrens.de\/wp-content\/uploads\/2018\/11\/R-50-x-70-Take-And-Hide-Brando-768x511.jpg 768w, https:\/\/www.galerie-braunbehrens.de\/wp-content\/uploads\/2018\/11\/R-50-x-70-Take-And-Hide-Brando-705x469.jpg 705w, https:\/\/www.galerie-braunbehrens.de\/wp-content\/uploads\/2018\/11\/R-50-x-70-Take-And-Hide-Brando-450x299.jpg 450w, https:\/\/www.galerie-braunbehrens.de\/wp-content\/uploads\/2018\/11\/R-50-x-70-Take-And-Hide-Brando.jpg 1353w\" sizes=\"(max-width: 1030px) 100vw, 1030px\" \/><a href=\"https:\/\/www.galerie-braunbehrens.de\/wp-content\/uploads\/2018\/11\/R-50-x-70-Take-And-Hide-Brando-1030x685.jpg\" data-srcset=\"https:\/\/www.galerie-braunbehrens.de\/wp-content\/uploads\/2018\/11\/R-50-x-70-Take-And-Hide-Brando-1030x685.jpg 1030w, https:\/\/www.galerie-braunbehrens.de\/wp-content\/uploads\/2018\/11\/R-50-x-70-Take-And-Hide-Brando-300x200.jpg 300w, https:\/\/www.galerie-braunbehrens.de\/wp-content\/uploads\/2018\/11\/R-50-x-70-Take-And-Hide-Brando-768x511.jpg 768w, https:\/\/www.galerie-braunbehrens.de\/wp-content\/uploads\/2018\/11\/R-50-x-70-Take-And-Hide-Brando-705x469.jpg 705w, https:\/\/www.galerie-braunbehrens.de\/wp-content\/uploads\/2018\/11\/R-50-x-70-Take-And-Hide-Brando-450x299.jpg 450w, https:\/\/www.galerie-braunbehrens.de\/wp-content\/uploads\/2018\/11\/R-50-x-70-Take-And-Hide-Brando.jpg 1353w\" data-sizes=\"(max-width: 1030px) 100vw, 1030px\" class='av-horizontal-gallery-link' aria-hidden='true' data-av_icon='\ue869' data-av_iconfont='entypo-fontello' title='The Dark Side of the Moon \u2013 Marlon Brando, 2019, Papierschnitt, 50 x 70 cm (framed)' alt=''><\/a><\/div><div class='av-horizontal-gallery-wrap noHover'><img decoding=\"async\" loading=\"lazy\" class='wp-image-10957 avia-img-lazy-loading-10957 av-horizontal-gallery-img' width=\"1021\" height=\"1030\" src=\"https:\/\/www.galerie-braunbehrens.de\/wp-content\/uploads\/2018\/11\/Wave-Liz-Ateliersituation-1021x1030.jpg\" title='o. T. (Wave Liz) from the series \u201cSediments\u201d, 2015, Encaustic and C-Print on wood, 124 x 104 cm' alt='' srcset=\"https:\/\/www.galerie-braunbehrens.de\/wp-content\/uploads\/2018\/11\/Wave-Liz-Ateliersituation-1021x1030.jpg 1021w, https:\/\/www.galerie-braunbehrens.de\/wp-content\/uploads\/2018\/11\/Wave-Liz-Ateliersituation-80x80.jpg 80w, https:\/\/www.galerie-braunbehrens.de\/wp-content\/uploads\/2018\/11\/Wave-Liz-Ateliersituation-297x300.jpg 297w, https:\/\/www.galerie-braunbehrens.de\/wp-content\/uploads\/2018\/11\/Wave-Liz-Ateliersituation-768x775.jpg 768w, https:\/\/www.galerie-braunbehrens.de\/wp-content\/uploads\/2018\/11\/Wave-Liz-Ateliersituation-36x36.jpg 36w, https:\/\/www.galerie-braunbehrens.de\/wp-content\/uploads\/2018\/11\/Wave-Liz-Ateliersituation-699x705.jpg 699w, https:\/\/www.galerie-braunbehrens.de\/wp-content\/uploads\/2018\/11\/Wave-Liz-Ateliersituation-120x120.jpg 120w, https:\/\/www.galerie-braunbehrens.de\/wp-content\/uploads\/2018\/11\/Wave-Liz-Ateliersituation-450x454.jpg 450w, https:\/\/www.galerie-braunbehrens.de\/wp-content\/uploads\/2018\/11\/Wave-Liz-Ateliersituation.jpg 1189w\" sizes=\"(max-width: 1021px) 100vw, 1021px\" \/><a href=\"https:\/\/www.galerie-braunbehrens.de\/wp-content\/uploads\/2018\/11\/Wave-Liz-Ateliersituation-1021x1030.jpg\" data-srcset=\"https:\/\/www.galerie-braunbehrens.de\/wp-content\/uploads\/2018\/11\/Wave-Liz-Ateliersituation-1021x1030.jpg 1021w, https:\/\/www.galerie-braunbehrens.de\/wp-content\/uploads\/2018\/11\/Wave-Liz-Ateliersituation-80x80.jpg 80w, https:\/\/www.galerie-braunbehrens.de\/wp-content\/uploads\/2018\/11\/Wave-Liz-Ateliersituation-297x300.jpg 297w, https:\/\/www.galerie-braunbehrens.de\/wp-content\/uploads\/2018\/11\/Wave-Liz-Ateliersituation-768x775.jpg 768w, https:\/\/www.galerie-braunbehrens.de\/wp-content\/uploads\/2018\/11\/Wave-Liz-Ateliersituation-36x36.jpg 36w, https:\/\/www.galerie-braunbehrens.de\/wp-content\/uploads\/2018\/11\/Wave-Liz-Ateliersituation-699x705.jpg 699w, https:\/\/www.galerie-braunbehrens.de\/wp-content\/uploads\/2018\/11\/Wave-Liz-Ateliersituation-120x120.jpg 120w, https:\/\/www.galerie-braunbehrens.de\/wp-content\/uploads\/2018\/11\/Wave-Liz-Ateliersituation-450x454.jpg 450w, https:\/\/www.galerie-braunbehrens.de\/wp-content\/uploads\/2018\/11\/Wave-Liz-Ateliersituation.jpg 1189w\" data-sizes=\"(max-width: 1021px) 100vw, 1021px\" class='av-horizontal-gallery-link' aria-hidden='true' data-av_icon='\ue869' data-av_iconfont='entypo-fontello' title='o. T. (Wave Liz) from the series \u201cSediments\u201d, 2015, Encaustic and C-Print on wood, 124 x 104 cm' alt=''><\/a><\/div><\/div><\/div><\/div><\/div><div  style='height:70px' class='hr hr-invisible  av-mini-hide  avia-builder-el-3  el_after_av_one_full  el_before_av_one_half '><span class='hr-inner ' ><span class='hr-inner-style'><\/span><\/span><\/div><\/p>\n<div class='flex_column_table av-equal-height-column-flextable av-break-at-tablet-flextable' ><div class=\"flex_column av_one_half  av-break-at-tablet flex_column_table_cell av-equal-height-column av-align-top av-zero-column-padding first  avia-builder-el-4  el_after_av_hr  el_before_av_one_half  \" style='border-radius:0px; '><div  class='avia-image-container  av-styling-no-styling    avia-builder-el-5  avia-builder-el-no-sibling  artist-profil-single avia-align-left '  itemprop=\"image\" itemscope=\"itemscope\" itemtype=\"https:\/\/schema.org\/ImageObject\"  ><div class='avia-image-container-inner'><div class='avia-image-overlay-wrap'><img decoding=\"async\" class='wp-image-2167 avia-img-lazy-loading-not-2167 avia_image' src=\"https:\/\/www.galerie-braunbehrens.de\/wp-content\/uploads\/2018\/11\/zzz-selbst-aufbau2-845x684.jpg\" alt='' title='zzz selbst aufbau2' height=\"684\" width=\"845\"  itemprop=\"thumbnailUrl\" srcset=\"https:\/\/www.galerie-braunbehrens.de\/wp-content\/uploads\/2018\/11\/zzz-selbst-aufbau2-845x684.jpg 845w, https:\/\/www.galerie-braunbehrens.de\/wp-content\/uploads\/2018\/11\/zzz-selbst-aufbau2-495x400.jpg 495w\" sizes=\"(max-width: 845px) 100vw, 845px\" \/><\/div><\/div><\/div><\/div>\n<div class='av-flex-placeholder'><\/div><div class=\"flex_column av_one_half  av-break-at-tablet flex_column_table_cell av-equal-height-column av-align-top av-zero-column-padding   avia-builder-el-6  el_after_av_one_half  el_before_av_one_full  \" style='border-radius:0px; '><p><div  style='padding-bottom:10px; ' class='av-special-heading av-special-heading-h3  blockquote modern-quote  avia-builder-el-7  el_before_av_table  avia-builder-el-first  '><h3 class='av-special-heading-tag '  itemprop=\"headline\"  >Biography<\/h3><div class='special-heading-border'><div class='special-heading-inner-border' ><\/div><\/div><\/div><br \/>\n<div class='avia-data-table-wrap avia_responsive_table'><table  class='avia-table avia-data-table avia-table-1  avia-builder-el-8  el_after_av_heading  el_before_av_textblock  artist-table avia_pricing_default '  itemscope=\"itemscope\" itemtype=\"https:\/\/schema.org\/Table\" ><tbody><tr class=''><th class='avia-desc-col'>1963<\/th><td class=''>Born in Saarbr\u00fccken<br \/>\n<\/td><\/tr><tr class=''><th class='avia-desc-col'>1985-1986<\/th><td class=''>Academic studies of Social and Business Communications at the Berlin University of Arts<\/td><\/tr><tr class=''><th class='avia-desc-col'>1986-1991<\/th><td class=''>Study at the State Academy of Fine Arts Stuttgart under Moritz Baumgartl, Wolfgang G\u00e4fgen, Roland Winkler<br \/>\n<\/td><\/tr><tr class=''><th class='avia-desc-col'>1987-1992<\/th><td class=''>Studied geography at the Universities of Stuttgart and T\u00fcbingen <\/td><\/tr><tr class=''><th class='avia-desc-col'>1993<\/th><td class=''>Studio scholarship of the Staatliche Akademie der Bildenden K\u00fcnste Stuttgart <\/td><\/tr><tr class=''><th class='avia-desc-col'>1995<\/th><td class=''>Debutante Funding of the Ministry for Family Affairs, Continuing Education and the Arts Baden-W\u00fcrttemberg<br \/>\nScholarship of the Kunststiftung Baden-W\u00fcrttemberg <\/td><\/tr><tr class=''><th class='avia-desc-col'>since 1995<\/th><td class=''>Die Weissenhofer, artist group with Matthias Beckmann and Uwe Sch\u00e4fer (until 2001 with Sebastian Rogler, until 2003 with Thomas Raschke) <\/td><\/tr><tr class=''><th class='avia-desc-col'>1997<\/th><td class=''>Graduate Scholarship of the State of Baden-W\u00fcrttemberg <\/td><\/tr><tr class=''><th class='avia-desc-col'>since 1999<\/th><td class=''>Lecturer at the Kolping Kunstschule Stuttgart<br \/>\n<\/td><\/tr><tr class=''><th class='avia-desc-col'>2000<\/th><td class=''>Kavalierhaus Scholarship, Langenargen on Lake Constance <\/td><\/tr><tr class=''><th class='avia-desc-col'>2001<\/th><td class=''>Scholarship from the ZF Art Foundation, Friedrichshafen <\/td><\/tr><tr class=''><th class='avia-desc-col'>2004<\/th><td class=''>Award of the K\u00fcnstlerbund Baden-W\u00fcrttemberg <\/td><\/tr><tr class=''><th class='avia-desc-col'>2005-2007<\/th><td class=''>Lectureships at the Zeicheninstitut of the T\u00fcbingen University<\/td><\/tr><tr class=''><th class='avia-desc-col'>2012-2013<\/th><td class=''>Lectureships at the Hochschule der Bildenden K\u00fcnste Saar<\/td><\/tr><tr class=''><th class='avia-desc-col'>2013<\/th><td class=''>Hannes Burgdorf Prize for Contemporary Fine Arts <\/td><\/tr><tr class=''><th class='avia-desc-col'>2017<\/th><td class=''>Representation (as lecturer) Prof. Birgit Brenner, Staatliche Akademie der Bildenden K\u00fcnste Stuttgart <\/td><\/tr><tr class=''><th class='avia-desc-col'>2019-2020<\/th><td class=''>Guest lecturer for cross-border work between visual and real space, Saar University of Fine Arts, Saarbr\u00fccken, Atelier Prof. Gabriele Langendorf<\/td><\/tr><\/tbody><\/table><\/div><style type='text\/css'>.avia-table-1 td:nth-of-type(1):before { content: '1963'; } <\/style><br \/>\n<section class=\"av_textblock_section \"  itemscope=\"itemscope\" itemtype=\"https:\/\/schema.org\/BlogPosting\" itemprop=\"blogPost\" ><div class='avia_textblock  '   itemprop=\"text\" ><p>The artist lives and works in Ludwigsburg, Germany.<\/p>\n<\/div><\/section><\/p><\/div><\/div><!--close column table wrapper. Autoclose: 1 -->\n<div class=\"flex_column av_one_full  av-break-at-tablet flex_column_div av-zero-column-padding first  avia-builder-el-10  el_after_av_one_half  el_before_av_section  avia-builder-el-last  column-top-margin\" style='border-radius:0px; '><p><div  style='padding-bottom:10px; ' class='av-special-heading av-special-heading-h3  blockquote modern-quote  avia-builder-el-11  el_before_av_table  avia-builder-el-first  '><h3 class='av-special-heading-tag '  itemprop=\"headline\"  >Solo Exhibitions &#8211; Selection<\/h3><div class='special-heading-border'><div class='special-heading-inner-border' ><\/div><\/div><\/div><br \/>\n<div class='avia-data-table-wrap avia_responsive_table'><table  class='avia-table avia-data-table avia-table-2  avia-builder-el-12  el_after_av_heading  el_before_av_heading  artist-table avia_pricing_default '  itemscope=\"itemscope\" itemtype=\"https:\/\/schema.org\/Table\" ><tbody><tr class=''><th class='avia-desc-col'>2020<\/th><td class=''>Coverschnitte, Galerie der Stadt \u201eKleine Galerie\u201c Bad Waldsee<\/td><\/tr><tr class=''><th class='avia-desc-col'>2018<\/th><td class=''>mutabor, Studiengalerie der PH Ludwigsburg<\/td><\/tr><tr class=''><th class='avia-desc-col'>2016<\/th><td class=''>Kunstraum, Potsdam<br \/>\nGalerie Tobias Schrade, Ulm<\/td><\/tr><tr class=''><th class='avia-desc-col'>2015<\/th><td class=''>Galerie Rigassi, Bern<br \/>\nGalerie Rother-Winter, Wiesbaden<br \/>\nKabinett, Kunstverein B\u00f6blingen<\/td><\/tr><tr class=''><th class='avia-desc-col'>2014<\/th><td class=''>mutabor, K\u00fcnstlerhaus Bethanien, Berlin<br \/>\nAusstellung zum Hannes-Burgdorf-Preis, Galerieverein Leonberg<\/td><\/tr><tr class=''><th class='avia-desc-col'>2013<\/th><td class=''>Malerei und Arbeiten auf Papier, TTR Reutlingen<br \/>\nmuddy waters, Kunstverein Brackenheim<\/td><\/tr><tr class=''><th class='avia-desc-col'>2012<\/th><td class=''>memory \u2013 mash \u2013 motel \u2013 room, Galerie Anja Rumig, Stuttgart<\/td><\/tr><tr class=''><th class='avia-desc-col'>2011<\/th><td class=''>Wenn ich einen Hund h\u00e4tte, w\u00fcrde er vermutlich aus Andalusien stammen, Allgemeiner Konsumverein, Braunschweig<\/td><\/tr><tr class=''><th class='avia-desc-col'>2010<\/th><td class=''>Mit beiden Beinen (in den B\u00e4umen baumeln), St\u00e4dtische Galerie, Kirchheim u. Teck<br \/>\nVon vielen Stimmen bewohnt, Galerie Naumann, Stuttgart<br \/>\n<\/td><\/tr><tr class=''><th class='avia-desc-col'>2009<\/th><td class=''>Im Garten der Zeichen (wayward plants), Museum Beckum<br \/>\nIm Garten der Zeichen (slight return), Saarl\u00e4ndisches K\u00fcnstlerhaus, Saarbr\u00fccken <\/td><\/tr><tr class=''><th class='avia-desc-col'>2008<\/th><td class=''>sedimente_01, Dortmunder Kunstverein<br \/>\nIm Garten der Zeichen, St\u00e4dtische Galerie Ostfildern<\/td><\/tr><tr class=''><th class='avia-desc-col'>2007<\/th><td class=''>private pirate_03, Galerie Naumann, Stuttgart<\/td><\/tr><tr class=''><th class='avia-desc-col'>2006<\/th><td class=''>private pirate_02, Kunstverein Eislingen<br \/>\nprivate pirate_01, Artforum, Offenburg \u2013 K\u00fcnstlerkreis Ortenau<\/td><\/tr><tr class=''><th class='avia-desc-col'>2005<\/th><td class=''>Malerei und Zeichnung, Galerie Naumann, Stuttgart<br \/>\npicassosaffe, Kunstverein Biberach<\/td><\/tr><tr class=''><th class='avia-desc-col'>2004<\/th><td class=''>Wandzeichnung, Papierarbeiten, Malerei, Galerie Fran\u00e7oise Heitsch, M\u00fcnchen<br \/>\nJ\u00f6rg Mandernach, Hans Thoma-Gesellschaft, Kunstverein Reutlingen<br \/>\nBaustelle, Galerie der Stadt Sindelfingen, Altes Rathaus Maichingen<br \/>\nPrivate Reservate, Galerie Jarmuschek und Partner, Berlin<\/td><\/tr><tr class=''><th class='avia-desc-col'>2003<\/th><td class=''>H\u00e4ute und Sedimente, Galerie Naumann, Stuttgart<\/td><\/tr><tr class=''><th class='avia-desc-col'>2002<\/th><td class=''>H\u00fcllen und Speicher, Zeppelin-Museum Friedrichshafen<\/td><\/tr><tr class=''><th class='avia-desc-col'>2001<\/th><td class=''>Zeichnungen, Galerie Naumann, Stuttgart<\/td><\/tr><tr class=''><th class='avia-desc-col'>2000<\/th><td class=''>Zeichnungen, Stipendiatenausstellung, Kavalierhaus Langenargen<\/td><\/tr><tr class=''><th class='avia-desc-col'>1999<\/th><td class=''>H\u00fcllen und Speicher, St\u00e4dtische Galerie Donzdorf<br \/>\nSchl\u00fcssel wegwerfen!, Galerie H\u00fcter, Willich<\/td><\/tr><tr class=''><th class='avia-desc-col'>1998<\/th><td class=''>gut-mittel-b\u00f6se, Galerie der Stadt Waiblingen<br \/>\nIch als Projektor, Galerie Naumann, Stuttgart<\/td><\/tr><tr class=''><th class='avia-desc-col'>1997<\/th><td class=''>Hinter den Spiegeln, Goethe-Institut, Rotterdam<\/td><\/tr><tr class=''><th class='avia-desc-col'>1996<\/th><td class=''>Sch\u00f6ne Bescherung, Villa der Kunststiftung, Stuttgart<\/td><\/tr><tr class=''><th class='avia-desc-col'>1995<\/th><td class=''>Zeigen und f\u00fcr m\u00f6glich halten, Galerie Huber-Nising, Frankfurt a.M.<br \/>\nTests, Galerie HP Schuster, Stuttgart<br \/>\nDer rote Faden, Deb\u00fct-Ausstellung, Staatliche Akademie der Bildenden K\u00fcnste Stuttgart<\/td><\/tr><tr class=''><th class='avia-desc-col'>1992<\/th><td class=''>Galerie HP Schuster, Stuttgart<\/td><\/tr><\/tbody><\/table><\/div><style type='text\/css'>.avia-table-2 td:nth-of-type(1):before { content: '2020'; } <\/style><br \/>\n<div  style='padding-bottom:10px; ' class='av-special-heading av-special-heading-h3  blockquote modern-quote  avia-builder-el-13  el_after_av_table  el_before_av_table  '><h3 class='av-special-heading-tag '  itemprop=\"headline\"  >Group Exhibitions &#8211; Selection<\/h3><div class='special-heading-border'><div class='special-heading-inner-border' ><\/div><\/div><\/div><br \/>\n<div class='avia-data-table-wrap avia_responsive_table'><table  class='avia-table avia-data-table avia-table-3  avia-builder-el-14  el_after_av_heading  el_before_av_heading  artist-table avia_pricing_default '  itemscope=\"itemscope\" itemtype=\"https:\/\/schema.org\/Table\" ><tbody><tr class=''><th class='avia-desc-col'>2020<\/th><td class=''>Cut Out, Kulturbahnhof Eller D\u00fcsseldorf<br \/>\n5 Jahre Galerie von Braunbehrens, Stuttgart<br \/>\nEditionen und Unikate, Galerie von Braunbehrens, Stuttgart<\/td><\/tr><tr class=''><th class='avia-desc-col'>2019<\/th><td class=''>Mit Verkohltem wollte ich deinen Schatten halten, Kunstverein Ellwangen im Schloss Ellwangen <\/td><\/tr><tr class=''><th class='avia-desc-col'>2018<\/th><td class=''>Salon d&#8217; Hiver, Zerp Gallery, Rotterdam<br \/>\nScharf geschnitten. Vom Scherenschnitt zum Papercut, Galerie Stihl, Waiblingen<br \/>\nArt Karlsruhe, mit Galerie von Braunbehrens<br \/>\nMit Verkohltem wollte ich deinen Schatten halten, Kunstverein Hechingen<br \/>\nAccrochage, Galerie von Braunbehrens<\/td><\/tr><tr class=''><th class='avia-desc-col'>2017<\/th><td class=''>Crossoverstrategien in der aktuellen Kunst, Kunstraum Neureut<br \/>\nStand der Dinge, Kunstmuseum Singen<br \/>\nArt Karlsruhe, mit Galerie Tobias Schrade<\/td><\/tr><tr class=''><th class='avia-desc-col'>2016<\/th><td class=''>Passion \u2013 Fanverhalten und Kunst, Museum Ludwig, Budapest, Ungarn<br \/>\nPassion \u2013 Fanverhalten und Kunst, Stadtgalerie Kiel<br \/>\nMalerei, Papierschnitt, Raumzeichnung, Galerie von Braubehrens, Stuttgart<\/td><\/tr><tr class=''><th class='avia-desc-col'>2015<\/th><td class=''>Passion- Fanverhalten und Kunst, K\u00fcnstlerhaus Bethanien, Berlin<br \/>\nPassion- Fanverhalten und Kunst, Kunsthaus im KunstKulturQuartier N\u00fcrnberg<br \/>\nLehrende und Studierende des Zeicheninstituts der Universit\u00e4t T\u00fcbingen, Kunsthalle T\u00fcbingen<br \/>\nDie Sch\u00e4rfe der Bilder \u2013 Die Radierung im Umkreis der Stuttgarter Kunstakademie, St\u00e4dtische Galerie Bietigheim Bissingen<br \/>\nDruckreif \u2013 Zeitgen\u00f6ssischer Holzschnitt Ausstellung der Xylon Deutschland, Kunstmuseum Spendhaus Reutlingen<br \/>\nWorks In White \/ Arbeiten In Wei\u00df, Schau Fenster, Raum f\u00fcr Kunst, Berlin<br \/>\n20 Jahre Die Weissenhofer, Emmanuel Walderdorff Galerie, K\u00f6ln<br \/>\nAlptraum \u2013 Nightmare, Visual Voice Gallery , Montreal, CA<br \/>\nKunst 15 Z\u00fcrich, mit Gallerie Rigassi, Bern CH<br \/>\nArt Busan 2015, mit mit Cascade Artspace<br \/>\nLondon Art Fair , mit Adam Gallery, London<\/td><\/tr><tr class=''><th class='avia-desc-col'>2014<\/th><td class=''>WELTEN tr\u00e4umen, Sammlermuseum Kunstwerk von Alison und Peter W. Klein, Nu\u00dfdorf<br \/>\nDonaugalerie, Skulpturenprojekt im \u00f6ffentlichen Raum der Stadt Tuttlingen<br \/>\nKunst 14 Z\u00fcrich, mit Galerie Rigassi, Bern<br \/>\nArt Karlsruhe, mit Galerie Anja Rumig, Stuttgart und Galerie Rigassi, Bern<\/td><\/tr><tr class=''><th class='avia-desc-col'>2013<\/th><td class=''>Kunst Z\u00fcrich 13, one person show, mit Galerie Rigassi, Bern<br \/>\nJoburg Fringe, Johannesburg S\u00fcdafrika, kuratiert von Almut Determyer<br \/>\nErste Wahl, Galerie Franke, Stuttgart, kuratiert von Gert Wiedmaier<br \/>\nSch\u00f6ne Bl\u00e4tter, Schau Fenster \u2013 Raum f\u00fcr Kunst, Berlin, kuratiert von Matthias Beckmann<\/td><\/tr><tr class=''><th class='avia-desc-col'>2012<\/th><td class=''>5. Biennale der Zeichnung, Kunstverein Eislingen<br \/>\nExpandierende Zeichnung, Kunstverein Wilhelmsh\u00f6he Ettlingen<br \/>\nAlptraum \u2013 Nightmare, Goethe Institut Johannesburg, S\u00fcdafrika<br \/>\nAlptraum \u2013 Nightmare, Green Papaya Art Projects, Quezon City, 1103 Philippines<\/td><\/tr><tr class=''><th class='avia-desc-col'>2011<\/th><td class=''>Die Weissenhofer \u2013 radical research \u2013 Die Wurzeln der Wissenschaft, Ulmer Museum<br \/>\nStuttgart 21, Galerie Tobias Schrade, Ulm<br \/>\nAlptraum \u2013 Nightmare, blanc projects, Kapstadt\/Cape Town<br \/>\nAlptraum \u2013 Nightmare, The Company, Los Angeles<br \/>\nAlptraum \u2013 Nightmare, Projektraum des Deutschen K\u00fcnstlerbundes, Berlin<br \/>\nAlptraum \u2013 Nightmare, The Cell, London<\/td><\/tr><tr class=''><th class='avia-desc-col'>2010<\/th><td class=''>Alptraum \u2013 Nightmare, Transformer Gallery, Washington DC<br \/>\nFotosommer Stuttgart , W\u00fcrttembergischer Kunstverein, Stuttgart mit Die Weissenhofer \/ Klaus Mellenthin<br \/>\nLinolschnitt heute, St\u00e4dtische Galerie Bietigheim-Bissingen<br \/>\nWechselstube, partizipatives Projekt der K\u00fcnstlergruppe Die Weissenhofer mit dem Deutschen K\u00fcnstlerbund, Projektraum Deutscher K\u00fcnstlerbund, Berlin<br \/>\nDruckfest \u2013 Ausstellung der Xylon Deutschland, St\u00e4dtische Galerie Reutlingen und Kunstverein Reutlingen<\/td><\/tr><tr class=''><th class='avia-desc-col'>2009<\/th><td class=''>Die Weissenhofer &#8211; Die \u00c4gyptenreise, Flottmann Hallen, Herne (K\u00fcnstlerbuch)<br \/>\nDie Weissenhofer &#8211; Die \u00c4gyptenreise, E-Werk, Hallen f\u00fcr zeitgen\u00f6ssische Kunst, Freiburg<br \/>\nPas de deux, St\u00e4dtische Galerie Geislingen, mit Denise Moriz<br \/>\nDie Weissenhofer, Allgemeiner Konsumverein, Braunschweig<br \/>\nPartituren f\u00fcr Zeichnerinnen und Zeichner, Ausstellung zu den Internationalen Trickfilmtagen, Galerie Naumann, Stuttgart<\/td><\/tr><tr class=''><th class='avia-desc-col'>2008<\/th><td class=''>Inventur, Zeitgen\u00f6ssische Radierung in Deutschland, Kunstverein Reutlingen<br \/>\nKombinat &#8211; 30 Jahre Kunststiftung Baden-W\u00fcrttemberg, Galerienhaus Stuttgart<br \/>\nDie Weissenhofer &#8211; Satelliten, K\u00fcnstlerhaus Dortmund (Katalog)<br \/>\nDie Weissenhofer &#8211; Legenden statt Manifeste, KunstWerk, K\u00f6ln<\/td><\/tr><tr class=''><th class='avia-desc-col'>2007<\/th><td class=''>Der Weissenhof liegt im Wallistal, Galerie der Stadt Reutlingen (Katalog)<br \/>\nEin Abend mit den Weissenhofern, Westgermany &#8211; B\u00fcro f\u00fcr postpostmoderne Kommunikation, Berlin<br \/>\nDie Weissenhofer vergeben einen Sendeplatz, SWR &#8211; Galerie, Stuttgart, In Zusammenarbeit mit Andreas B\u00e4r (B\u00e4r on Air) und SWR2 &#8211; H\u00f6rfunk<\/td><\/tr><tr class=''><th class='avia-desc-col'>2006<\/th><td class=''>techne, Museum f\u00fcr Kunst und Technik Schorndorf (mit Die Weissenhofer)<\/td><\/tr><tr class=''><th class='avia-desc-col'>2005<\/th><td class=''>Art Frankfurt 2005, Galerie Naumann<br \/>\nDer rote Teppich, Kunst im Schloss Untergr\u00f6ningen<br \/>\n10 Jahre Die Weisenhofer, K\u00fcnstlerhaus Stuttgart<br \/>\nmobile immobile, Kunstverein Mannheim<br \/>\nLa Strada &#8211; 16. edizione di Fuori Uso, Pescara, Italien, kuratiert von Agnes Kohlmeyer <\/td><\/tr><tr class=''><th class='avia-desc-col'>2004<\/th><td class=''>Ausstellung der Kunststiftung Baden-W\u00fcrttemberg in der Landesvertretung, Berlin<br \/>\nHaus und K\u00f6rper, Galerie Fran\u00e7oise Heitsch, M\u00fcnchen, kuratiert von Agnes Kohlmeyer<br \/>\nJahresausstellung K\u00fcnstlerbund Baden-W\u00fcrttemberg, Kloster Bad Schussenried<br \/>\nAusstellung zum Kunstpreis der Stadt B\u00fchl, Malerei, Friedrichsbau B\u00fchl<\/td><\/tr><tr class=''><th class='avia-desc-col'>2003<\/th><td class=''>Der Text, der Fries, die Kammer, drei Bretter, Galerie Gruppe Gr\u00fcn, Bremen<br \/>\nBretter im goldenen Schnitt, Kunstverein Br\u00fchl, Br\u00fchl<br \/>\nWalking on Art, Kunstverein Ludwigsburg<br \/>\nLooppool, Galerie der Stadt Albstadt <\/td><\/tr><tr class=''><th class='avia-desc-col'>2002<\/th><td class=''>Quattro Stazioni &#8211; Vier Orte, Hospitalhof, Stuttgart<br \/>\nLooppool, Kunsthalle Erfurt <\/td><\/tr><tr class=''><th class='avia-desc-col'>2001<\/th><td class=''>strange attitudes, Galerie Anita Beckers, Frankfurt<br \/>\nArt Frankfurt 2001, Frankfurt a. M., Galerie Naumann<br \/>\nKaum da, schon \u2018ne super Idee, Galerie Beck und Priess, Berlin<br \/>\nLinolschnitt heute, St\u00e4dtische Galerie Bietigheim-Bissingen<\/td><\/tr><tr class=''><th class='avia-desc-col'>2000<\/th><td class=''>Odyssee, W\u00fcrttembergischer Kunstverein, Stuttgart<br \/>\nstimulate me simultaneously, Simultanhalle, K\u00f6ln<\/td><\/tr><tr class=''><th class='avia-desc-col'>1999<\/th><td class=''>\u00a9 Lichtenstein und K\u00f6rner, (mit Die Weissenhofer)<br \/>\nStilmix, Galerie Naumann, Stuttgart<\/td><\/tr><tr class=''><th class='avia-desc-col'>1998<\/th><td class=''>Die Weissenhofer, Kunsthaus Richterswil, Schweiz<br \/>\nBessere Aussicht, Kornhaus-Galerie Ulm (mit Die Weissenhofer)<\/td><\/tr><tr class=''><th class='avia-desc-col'>1997<\/th><td class=''>Druck \u201897, St\u00e4dtische Galerie Albstadt<br \/>\nDie Weissenhofer k\u00fcndigen sich an, Galerie Im Hepp\u00e4cher, Esslingen<br \/>\nNichts geht mehr, Gesellschaft der Freunde junger Kunst, Baden-Baden (mit Die Weissenhofer)<\/td><\/tr><tr class=''><th class='avia-desc-col'>1996<\/th><td class=''>Two men show \u2013 Bilder vom Menschen, Art Frankfurt \u201896, Galerie Huber-Nising<br \/>\nStipendiaten der Kunststiftung Baden-W\u00fcrttemberg, Wanderausstellung u.a. im Badischen Kunstverein Karlsruhe<br \/>\nArt Cologne \u201896, K\u00f6ln, Galerie Huber-Nising<br \/>\nDie Weissenhofer, Galerie Peripherie, T\u00fcbingen<\/td><\/tr><tr class=''><th class='avia-desc-col'>1995<\/th><td class=''>Art Frankfurt \u201895, Frankfurt a. M., Galerie Huber-Nising<br \/>\nTwo men show,, K\u00f6ln, Galerie Huber-Nising<\/td><\/tr><tr class=''><th class='avia-desc-col'>1994<\/th><td class=''>Galerie Huber-Nising, Frankfurt a.M. (mit Gabriele Langendorf und Petra Trenkel)<br \/>\nTwo men show \u2013 Art Cologne \u201894<\/td><\/tr><tr class=''><th class='avia-desc-col'>1993<\/th><td class=''>Junger Westen \u201893 \u2013 Malerei, Kunsthalle Recklinghausen<\/td><\/tr><tr class=''><th class='avia-desc-col'>1991<\/th><td class=''>Junger Westen \u201891 \u2013 Druckgraphik, Kunsthalle Recklinghausen<\/td><\/tr><\/tbody><\/table><\/div><style type='text\/css'>.avia-table-3 td:nth-of-type(1):before { content: '2020'; } <\/style><br \/>\n<div  style='padding-bottom:10px; ' class='av-special-heading av-special-heading-h3  blockquote modern-quote  avia-builder-el-15  el_after_av_table  el_before_av_textblock  '><h3 class='av-special-heading-tag '  itemprop=\"headline\"  >Art in Construction<\/h3><div class='special-heading-border'><div class='special-heading-inner-border' ><\/div><\/div><\/div><br \/>\n<section class=\"av_textblock_section \"  itemscope=\"itemscope\" itemtype=\"https:\/\/schema.org\/BlogPosting\" itemprop=\"blogPost\" ><div class='avia_textblock  '   itemprop=\"text\" ><p>1st prize, competition: design of the facade of the new building of the University of Applied Sciences Karlsruhe, realisation 2016<br \/>\nHouse Mollin\u00e9, Amsterdam<br \/>\nHouse Klement, Stuttgart<br \/>\nRems Murr Clinic (Stroke ward) , Schorndorf<br \/>\nVilla Floreal, Cadegliano (on Lake Lugano) , Italy<br \/>\nCasino of the W\u00fcrttembergische Insurance Company, Stuttgart<br \/>\nShorter selection, competition, art conception for a new building of the judicial authorities at Piazzale Roma in Venice<br \/>\nRobert Bosch Hospital (Nuclear Medicine), Stuttgart<br \/>\nCasino of the Baden-W\u00fcrttembergische Bank, Stuttgart<br \/>\nConsulting Richert and Gallet, Dreieich<br \/>\nHilton Hotel, Frankfurt<\/p>\n<\/div><\/section><br \/>\n<div  style='padding-bottom:10px; ' class='av-special-heading av-special-heading-h3  blockquote modern-quote  avia-builder-el-17  el_after_av_textblock  el_before_av_textblock  '><h3 class='av-special-heading-tag '  itemprop=\"headline\"  >Collections<\/h3><div class='special-heading-border'><div class='special-heading-inner-border' ><\/div><\/div><\/div><br \/>\n<section class=\"av_textblock_section \"  itemscope=\"itemscope\" itemtype=\"https:\/\/schema.org\/BlogPosting\" itemprop=\"blogPost\" ><div class='avia_textblock  '   itemprop=\"text\" ><p>Ulmer Museum<br \/>\nKunstmuseum Stuttgart<br \/>\nLandesbank Baden-W\u00fcrttemberg, Stuttgart<br \/>\nMinisterium f\u00fcr Kunst und Wissenschaft, Baden-W\u00fcrttemberg<br \/>\nRegierungspr\u00e4sidium Stuttgart<br \/>\nBaden-W\u00fcrttembergische Bank<br \/>\nSt\u00e4dtische Kunstsammlungen, Galerie Albstadt<br \/>\nKunststiftung der ZF-Friedrichshafen<br \/>\nSt\u00e4dtische Galerie Bietigheim-Bissingen<br \/>\nKreissparkasse Karlsruhe<br \/>\nKreissparkasse Ludwigsburg<br \/>\nKreissparkasse Schweinfurt<br \/>\nKreissparkasse Ravensburg<br \/>\nRobert Bosch Krankenhaus, Stuttgart<br \/>\nMuseum der Stadt Weiblingen<br \/>\nW\u00fcstenrot Bausparkasse, Ludwigsburg<br \/>\nToto-Lotto, Baden-W\u00fcrttemberg<br \/>\nSt\u00e4dtisches Museum Spendhaus, Reutlingen<br \/>\nStaatliche Akademie der Bildenden K\u00fcnste Stuttgart<br \/>\nDeutsche Bank, Frankfurt<br \/>\nSammlung Mollin\u00e9, Stuttgart<br \/>\nSammlung Alison und Peter W. Klein, Eberdingen-Nu\u00dfdorf<\/p>\n<\/div><\/section><\/p><\/div>\n<\/div><\/div><\/div><!-- close content main div --><\/div><\/div><div id='av_section_1'  class='avia-section main_color avia-section-default avia-no-border-styling  avia-bg-style-scroll  avia-builder-el-19  el_after_av_one_full  el_before_av_section  single-artist-exibitions-list  container_wrap sidebar_right' style=' '  ><div class='container' ><div class='template-page content  av-content-small alpha units'><div class='post-entry post-entry-type-page post-entry-2879'><div class='entry-content-wrapper clearfix'>\n<div class=\"flex_column av_one_full  flex_column_div av-zero-column-padding first  avia-builder-el-20  avia-builder-el-no-sibling  \" style='border-radius:0px; '><p><div  style='padding-bottom:30px; ' class='av-special-heading av-special-heading-h3  blockquote modern-quote  avia-builder-el-21  el_before_av_blog  avia-builder-el-first  '><h3 class='av-special-heading-tag '  itemprop=\"headline\"  >Catalogs<\/h3><div class='special-heading-border'><div class='special-heading-inner-border' ><\/div><\/div><\/div><br \/>\n<div  data-autoplay=''  data-interval='5'  data-animation='fade'  data-show_slide_delay='90'  class='avia-content-slider avia-content-grid-active avia-content-slider1 avia-content-slider-even  avia-builder-el-22  el_after_av_heading  avia-builder-el-last  artist-loop '  itemscope=\"itemscope\" itemtype=\"https:\/\/schema.org\/Blog\" ><div class='avia-content-slider-inner'><div class='slide-entry-wrap'><article class='slide-entry flex_column  post-entry post-entry-14047 slide-entry-overview slide-loop-1 slide-parity-odd  av_one_fourth first real-thumbnail'  itemscope=\"itemscope\" itemtype=\"https:\/\/schema.org\/BlogPosting\" itemprop=\"blogPost\" ><a href='https:\/\/www.galerie-braunbehrens.de\/en\/catalogs\/editionen-und-unikate\/' data-rel='slide-1' class='slide-image' title=''><img width=\"519\" height=\"733\" src=\"https:\/\/www.galerie-braunbehrens.de\/wp-content\/uploads\/2020\/11\/Editionen-und-Unikate.jpg\" class=\"wp-image-13210 avia-img-lazy-loading-13210 attachment-no scaling size-no scaling wp-post-image\" alt=\"\" decoding=\"async\" loading=\"lazy\" srcset=\"https:\/\/www.galerie-braunbehrens.de\/wp-content\/uploads\/2020\/11\/Editionen-und-Unikate.jpg 519w, https:\/\/www.galerie-braunbehrens.de\/wp-content\/uploads\/2020\/11\/Editionen-und-Unikate-212x300.jpg 212w, https:\/\/www.galerie-braunbehrens.de\/wp-content\/uploads\/2020\/11\/Editionen-und-Unikate-499x705.jpg 499w\" sizes=\"(max-width: 519px) 100vw, 519px\" \/><\/a><div class='slide-content'><header class=\"entry-content-header\"><h3 class='slide-entry-title entry-title'  itemprop=\"headline\" ><a href='https:\/\/www.galerie-braunbehrens.de\/en\/catalogs\/editionen-und-unikate\/' title='Editionen und Unikate'>Editionen und Unikate<\/a><\/h3><span class=\"av-vertical-delimiter\"><\/span><\/header><div class='slide-meta'><time class='slide-meta-time updated'  itemprop=\"datePublished\" datetime=\"2021-03-15T12:42:17+01:00\" >15. March 2021<\/time><\/div><div class='slide-entry-excerpt entry-content'  itemprop=\"text\" ><div class=\"read-more-link\"><a href=\"https:\/\/www.galerie-braunbehrens.de\/en\/catalogs\/editionen-und-unikate\/\" class=\"more-link\">Order<\/a><\/div><\/div><\/div><footer class=\"entry-footer\"><\/footer><span class='hidden'>\n\t\t\t\t<span class='av-structured-data'  itemprop=\"image\" itemscope=\"itemscope\" itemtype=\"https:\/\/schema.org\/ImageObject\" >\n\t\t\t\t\t\t<span itemprop='url'>https:\/\/www.galerie-braunbehrens.de\/wp-content\/uploads\/2020\/11\/Editionen-und-Unikate.jpg<\/span>\n\t\t\t\t\t\t<span itemprop='height'>733<\/span>\n\t\t\t\t\t\t<span itemprop='width'>519<\/span>\n\t\t\t\t<\/span>\n\t\t\t\t<span class='av-structured-data'  itemprop=\"publisher\" itemtype=\"https:\/\/schema.org\/Organization\" itemscope=\"itemscope\" >\n\t\t\t\t\t\t<span itemprop='name'>Anna Nerobova<\/span>\n\t\t\t\t\t\t<span itemprop='logo' itemscope itemtype='https:\/\/schema.org\/ImageObject'>\n\t\t\t\t\t\t\t<span itemprop='url'>https:\/\/www.galerie-braunbehrens.de\/wp-content\/uploads\/2018\/09\/logo.svg<\/span>\n\t\t\t\t\t\t <\/span>\n\t\t\t\t<\/span><span class='av-structured-data'  itemprop=\"author\" itemscope=\"itemscope\" itemtype=\"https:\/\/schema.org\/Person\" ><span itemprop='name'>Anna Nerobova<\/span><\/span><span class='av-structured-data'  itemprop=\"datePublished\" datetime=\"2018-12-21T20:14:22+01:00\" >2021-03-15 12:42:17<\/span><span class='av-structured-data'  itemprop=\"dateModified\" itemtype=\"https:\/\/schema.org\/dateModified\" >2023-02-21 17:07:47<\/span><span class='av-structured-data'  itemprop=\"mainEntityOfPage\" itemtype=\"https:\/\/schema.org\/mainEntityOfPage\" ><span itemprop='name'>Editionen und Unikate<\/span><\/span><\/span><\/article><article class='slide-entry flex_column  post-entry post-entry-4018 slide-entry-overview slide-loop-2 slide-parity-even  post-entry-last  av_one_fourth  real-thumbnail'  itemscope=\"itemscope\" itemtype=\"https:\/\/schema.org\/BlogPosting\" itemprop=\"blogPost\" ><a href='https:\/\/www.galerie-braunbehrens.de\/en\/catalogs\/ackermann-mandernach-steng\/' data-rel='slide-1' class='slide-image' title=''><img width=\"800\" height=\"630\" src=\"https:\/\/www.galerie-braunbehrens.de\/wp-content\/uploads\/2018\/12\/DSC04187.jpg\" class=\"wp-image-3764 avia-img-lazy-loading-3764 attachment-no scaling size-no scaling wp-post-image\" alt=\"\" decoding=\"async\" loading=\"lazy\" srcset=\"https:\/\/www.galerie-braunbehrens.de\/wp-content\/uploads\/2018\/12\/DSC04187.jpg 800w, https:\/\/www.galerie-braunbehrens.de\/wp-content\/uploads\/2018\/12\/DSC04187-300x236.jpg 300w, https:\/\/www.galerie-braunbehrens.de\/wp-content\/uploads\/2018\/12\/DSC04187-768x605.jpg 768w, https:\/\/www.galerie-braunbehrens.de\/wp-content\/uploads\/2018\/12\/DSC04187-705x555.jpg 705w, https:\/\/www.galerie-braunbehrens.de\/wp-content\/uploads\/2018\/12\/DSC04187-450x354.jpg 450w\" sizes=\"(max-width: 800px) 100vw, 800px\" \/><\/a><div class='slide-content'><header class=\"entry-content-header\"><h3 class='slide-entry-title entry-title'  itemprop=\"headline\" ><a href='https:\/\/www.galerie-braunbehrens.de\/en\/catalogs\/ackermann-mandernach-steng\/' title='Ackermann \u2013 Mandernach \u2013 Steng'>Ackermann \u2013 Mandernach \u2013 Steng<\/a><\/h3><span class=\"av-vertical-delimiter\"><\/span><\/header><div class='slide-meta'><time class='slide-meta-time updated'  itemprop=\"datePublished\" datetime=\"2018-12-21T20:14:22+01:00\" >21. December 2018<\/time><\/div><div class='slide-entry-excerpt entry-content'  itemprop=\"text\" ><div class=\"read-more-link\"><a href=\"https:\/\/www.galerie-braunbehrens.de\/en\/catalogs\/ackermann-mandernach-steng\/\" class=\"more-link\">Order<\/a><\/div><\/div><\/div><footer class=\"entry-footer\"><\/footer><span class='hidden'>\n\t\t\t\t<span class='av-structured-data'  itemprop=\"image\" itemscope=\"itemscope\" itemtype=\"https:\/\/schema.org\/ImageObject\" >\n\t\t\t\t\t\t<span itemprop='url'>https:\/\/www.galerie-braunbehrens.de\/wp-content\/uploads\/2018\/12\/DSC04187.jpg<\/span>\n\t\t\t\t\t\t<span itemprop='height'>630<\/span>\n\t\t\t\t\t\t<span itemprop='width'>800<\/span>\n\t\t\t\t<\/span>\n\t\t\t\t<span class='av-structured-data'  itemprop=\"publisher\" itemtype=\"https:\/\/schema.org\/Organization\" itemscope=\"itemscope\" >\n\t\t\t\t\t\t<span itemprop='name'>Natalia Tarakanova<\/span>\n\t\t\t\t\t\t<span itemprop='logo' itemscope itemtype='https:\/\/schema.org\/ImageObject'>\n\t\t\t\t\t\t\t<span itemprop='url'>https:\/\/www.galerie-braunbehrens.de\/wp-content\/uploads\/2018\/09\/logo.svg<\/span>\n\t\t\t\t\t\t <\/span>\n\t\t\t\t<\/span><span class='av-structured-data'  itemprop=\"author\" itemscope=\"itemscope\" itemtype=\"https:\/\/schema.org\/Person\" ><span itemprop='name'>Natalia Tarakanova<\/span><\/span><span class='av-structured-data'  itemprop=\"datePublished\" datetime=\"2018-12-21T20:14:22+01:00\" >2018-12-21 20:14:22<\/span><span class='av-structured-data'  itemprop=\"dateModified\" itemtype=\"https:\/\/schema.org\/dateModified\" >2023-02-22 17:10:16<\/span><span class='av-structured-data'  itemprop=\"mainEntityOfPage\" itemtype=\"https:\/\/schema.org\/mainEntityOfPage\" ><span itemprop='name'>Ackermann \u2013 Mandernach \u2013 Steng<\/span><\/span><\/span><\/article><\/div><\/div><\/div><\/p><\/div>\n\n<\/div><\/div><\/div><!-- close content main div --><\/div><\/div><div id='av_section_2'  class='avia-section main_color avia-section-default avia-no-border-styling  avia-bg-style-scroll  single-artist-exibitions-list  container_wrap sidebar_right' style=' '  ><div class='container' ><div class='template-page content  av-content-small alpha units'><div class='post-entry post-entry-type-page post-entry-2879'><div class='entry-content-wrapper clearfix'>\n<div class=\"flex_column av_one_full  flex_column_div av-zero-column-padding first  \" style='border-radius:0px; '><p><div  style='padding-bottom:30px; ' class='av-special-heading av-special-heading-h3  blockquote modern-quote  '><h3 class='av-special-heading-tag '  itemprop=\"headline\"  >Editions and Uniques<\/h3><div class='special-heading-border'><div class='special-heading-inner-border' ><\/div><\/div><\/div><br \/>\n<div  data-autoplay=''  data-interval='5'  data-animation='fade'  data-show_slide_delay='90'  class='avia-content-slider avia-content-grid-active avia-content-slider2 avia-content-slider-even  artist-loop '  itemscope=\"itemscope\" itemtype=\"https:\/\/schema.org\/Blog\" ><div class='avia-content-slider-inner'><div class='slide-entry-wrap'><article class='slide-entry flex_column  post-entry post-entry-14463 slide-entry-overview slide-loop-1 slide-parity-odd  av_one_fourth first real-thumbnail'  itemscope=\"itemscope\" itemtype=\"https:\/\/schema.org\/BlogPosting\" itemprop=\"blogPost\" ><a href='https:\/\/www.galerie-braunbehrens.de\/en\/editions-and-unique-pieces\/joerg-mandernach-editions\/joerg-mandernach-wie-wenn\/' data-rel='slide-2' class='slide-image' title=''><img width=\"1901\" height=\"2560\" src=\"https:\/\/www.galerie-braunbehrens.de\/wp-content\/uploads\/2020\/11\/001-wie-wenn-Kopie-scaled.jpg\" class=\"wp-image-12890 avia-img-lazy-loading-12890 attachment-no scaling size-no scaling wp-post-image\" alt=\"\" decoding=\"async\" loading=\"lazy\" srcset=\"https:\/\/www.galerie-braunbehrens.de\/wp-content\/uploads\/2020\/11\/001-wie-wenn-Kopie-scaled.jpg 1901w, https:\/\/www.galerie-braunbehrens.de\/wp-content\/uploads\/2020\/11\/001-wie-wenn-Kopie-223x300.jpg 223w, https:\/\/www.galerie-braunbehrens.de\/wp-content\/uploads\/2020\/11\/001-wie-wenn-Kopie-765x1030.jpg 765w, https:\/\/www.galerie-braunbehrens.de\/wp-content\/uploads\/2020\/11\/001-wie-wenn-Kopie-768x1034.jpg 768w, https:\/\/www.galerie-braunbehrens.de\/wp-content\/uploads\/2020\/11\/001-wie-wenn-Kopie-1141x1536.jpg 1141w, https:\/\/www.galerie-braunbehrens.de\/wp-content\/uploads\/2020\/11\/001-wie-wenn-Kopie-1521x2048.jpg 1521w, https:\/\/www.galerie-braunbehrens.de\/wp-content\/uploads\/2020\/11\/001-wie-wenn-Kopie-1114x1500.jpg 1114w, https:\/\/www.galerie-braunbehrens.de\/wp-content\/uploads\/2020\/11\/001-wie-wenn-Kopie-524x705.jpg 524w\" sizes=\"(max-width: 1901px) 100vw, 1901px\" \/><\/a><div class='slide-content'><header class=\"entry-content-header\"><h3 class='slide-entry-title entry-title'  itemprop=\"headline\" ><a href='https:\/\/www.galerie-braunbehrens.de\/en\/editions-and-unique-pieces\/joerg-mandernach-editions\/joerg-mandernach-wie-wenn\/' title='J\u00f6rg Mandernach, wie wenn'>J\u00f6rg Mandernach, wie wenn<\/a><\/h3><span class=\"av-vertical-delimiter\"><\/span><\/header><div class='slide-meta'><time class='slide-meta-time updated'  itemprop=\"datePublished\" datetime=\"2021-04-12T09:11:14+02:00\" >12. April 2021<\/time><\/div><div class='slide-entry-excerpt entry-content'  itemprop=\"text\" ><div class=\"read-more-link\"><a href=\"https:\/\/www.galerie-braunbehrens.de\/en\/editions-and-unique-pieces\/joerg-mandernach-editions\/joerg-mandernach-wie-wenn\/\" class=\"more-link\">Read more<\/a><\/div><\/div><\/div><footer class=\"entry-footer\"><\/footer><span class='hidden'>\n\t\t\t\t<span class='av-structured-data'  itemprop=\"image\" itemscope=\"itemscope\" itemtype=\"https:\/\/schema.org\/ImageObject\" >\n\t\t\t\t\t\t<span itemprop='url'>https:\/\/www.galerie-braunbehrens.de\/wp-content\/uploads\/2020\/11\/001-wie-wenn-Kopie-scaled.jpg<\/span>\n\t\t\t\t\t\t<span itemprop='height'>2560<\/span>\n\t\t\t\t\t\t<span itemprop='width'>1901<\/span>\n\t\t\t\t<\/span>\n\t\t\t\t<span class='av-structured-data'  itemprop=\"publisher\" itemtype=\"https:\/\/schema.org\/Organization\" itemscope=\"itemscope\" >\n\t\t\t\t\t\t<span itemprop='name'>Anna Nerobova<\/span>\n\t\t\t\t\t\t<span itemprop='logo' itemscope itemtype='https:\/\/schema.org\/ImageObject'>\n\t\t\t\t\t\t\t<span itemprop='url'>https:\/\/www.galerie-braunbehrens.de\/wp-content\/uploads\/2018\/09\/logo.svg<\/span>\n\t\t\t\t\t\t <\/span>\n\t\t\t\t<\/span><span class='av-structured-data'  itemprop=\"author\" itemscope=\"itemscope\" itemtype=\"https:\/\/schema.org\/Person\" ><span itemprop='name'>Anna Nerobova<\/span><\/span><span class='av-structured-data'  itemprop=\"datePublished\" datetime=\"2021-04-12T08:55:32+02:00\" >2021-04-12 09:11:14<\/span><span class='av-structured-data'  itemprop=\"dateModified\" itemtype=\"https:\/\/schema.org\/dateModified\" >2021-04-12 09:12:55<\/span><span class='av-structured-data'  itemprop=\"mainEntityOfPage\" itemtype=\"https:\/\/schema.org\/mainEntityOfPage\" ><span itemprop='name'>J\u00f6rg Mandernach, wie wenn<\/span><\/span><\/span><\/article><article class='slide-entry flex_column  post-entry post-entry-14460 slide-entry-overview slide-loop-2 slide-parity-even  av_one_fourth  real-thumbnail'  itemscope=\"itemscope\" itemtype=\"https:\/\/schema.org\/BlogPosting\" itemprop=\"blogPost\" ><a href='https:\/\/www.galerie-braunbehrens.de\/en\/editions-and-unique-pieces\/joerg-mandernach-editions\/joerg-mandernach-nichts-waer\/' data-rel='slide-2' class='slide-image' title=''><img width=\"1901\" height=\"2560\" src=\"https:\/\/www.galerie-braunbehrens.de\/wp-content\/uploads\/2020\/11\/002-nichts-w\u00e4r-Kopie-scaled.jpg\" class=\"wp-image-12897 avia-img-lazy-loading-12897 attachment-no scaling size-no scaling wp-post-image\" alt=\"\" decoding=\"async\" loading=\"lazy\" srcset=\"https:\/\/www.galerie-braunbehrens.de\/wp-content\/uploads\/2020\/11\/002-nichts-w\u00e4r-Kopie-scaled.jpg 1901w, https:\/\/www.galerie-braunbehrens.de\/wp-content\/uploads\/2020\/11\/002-nichts-w\u00e4r-Kopie-223x300.jpg 223w, https:\/\/www.galerie-braunbehrens.de\/wp-content\/uploads\/2020\/11\/002-nichts-w\u00e4r-Kopie-765x1030.jpg 765w, https:\/\/www.galerie-braunbehrens.de\/wp-content\/uploads\/2020\/11\/002-nichts-w\u00e4r-Kopie-768x1034.jpg 768w, https:\/\/www.galerie-braunbehrens.de\/wp-content\/uploads\/2020\/11\/002-nichts-w\u00e4r-Kopie-1141x1536.jpg 1141w, https:\/\/www.galerie-braunbehrens.de\/wp-content\/uploads\/2020\/11\/002-nichts-w\u00e4r-Kopie-1521x2048.jpg 1521w, https:\/\/www.galerie-braunbehrens.de\/wp-content\/uploads\/2020\/11\/002-nichts-w\u00e4r-Kopie-1114x1500.jpg 1114w, https:\/\/www.galerie-braunbehrens.de\/wp-content\/uploads\/2020\/11\/002-nichts-w\u00e4r-Kopie-524x705.jpg 524w\" sizes=\"(max-width: 1901px) 100vw, 1901px\" \/><\/a><div class='slide-content'><header class=\"entry-content-header\"><h3 class='slide-entry-title entry-title'  itemprop=\"headline\" ><a href='https:\/\/www.galerie-braunbehrens.de\/en\/editions-and-unique-pieces\/joerg-mandernach-editions\/joerg-mandernach-nichts-waer\/' title='J\u00f6rg Mandernach, nichts w\u00e4r'>J\u00f6rg Mandernach, nichts w\u00e4r<\/a><\/h3><span class=\"av-vertical-delimiter\"><\/span><\/header><div class='slide-meta'><time class='slide-meta-time updated'  itemprop=\"datePublished\" datetime=\"2021-04-12T09:08:35+02:00\" >12. April 2021<\/time><\/div><div class='slide-entry-excerpt entry-content'  itemprop=\"text\" ><div class=\"read-more-link\"><a href=\"https:\/\/www.galerie-braunbehrens.de\/en\/editions-and-unique-pieces\/joerg-mandernach-editions\/joerg-mandernach-nichts-waer\/\" class=\"more-link\">Read more<\/a><\/div><\/div><\/div><footer class=\"entry-footer\"><\/footer><span class='hidden'>\n\t\t\t\t<span class='av-structured-data'  itemprop=\"image\" itemscope=\"itemscope\" itemtype=\"https:\/\/schema.org\/ImageObject\" >\n\t\t\t\t\t\t<span itemprop='url'>https:\/\/www.galerie-braunbehrens.de\/wp-content\/uploads\/2020\/11\/002-nichts-w\u00e4r-Kopie-scaled.jpg<\/span>\n\t\t\t\t\t\t<span itemprop='height'>2560<\/span>\n\t\t\t\t\t\t<span itemprop='width'>1901<\/span>\n\t\t\t\t<\/span>\n\t\t\t\t<span class='av-structured-data'  itemprop=\"publisher\" itemtype=\"https:\/\/schema.org\/Organization\" itemscope=\"itemscope\" >\n\t\t\t\t\t\t<span itemprop='name'>Anna Nerobova<\/span>\n\t\t\t\t\t\t<span itemprop='logo' itemscope itemtype='https:\/\/schema.org\/ImageObject'>\n\t\t\t\t\t\t\t<span itemprop='url'>https:\/\/www.galerie-braunbehrens.de\/wp-content\/uploads\/2018\/09\/logo.svg<\/span>\n\t\t\t\t\t\t <\/span>\n\t\t\t\t<\/span><span class='av-structured-data'  itemprop=\"author\" itemscope=\"itemscope\" itemtype=\"https:\/\/schema.org\/Person\" ><span itemprop='name'>Anna Nerobova<\/span><\/span><span class='av-structured-data'  itemprop=\"datePublished\" datetime=\"2021-04-12T08:55:32+02:00\" >2021-04-12 09:08:35<\/span><span class='av-structured-data'  itemprop=\"dateModified\" itemtype=\"https:\/\/schema.org\/dateModified\" >2021-04-12 09:13:13<\/span><span class='av-structured-data'  itemprop=\"mainEntityOfPage\" itemtype=\"https:\/\/schema.org\/mainEntityOfPage\" ><span itemprop='name'>J\u00f6rg Mandernach, nichts w\u00e4r<\/span><\/span><\/span><\/article><article class='slide-entry flex_column  post-entry post-entry-14457 slide-entry-overview slide-loop-3 slide-parity-odd  av_one_fourth  real-thumbnail'  itemscope=\"itemscope\" itemtype=\"https:\/\/schema.org\/BlogPosting\" itemprop=\"blogPost\" ><a href='https:\/\/www.galerie-braunbehrens.de\/en\/editions-and-unique-pieces\/joerg-mandernach-editions\/joerg-mandernach-ziehen\/' data-rel='slide-2' class='slide-image' title=''><img width=\"1901\" height=\"2560\" src=\"https:\/\/www.galerie-braunbehrens.de\/wp-content\/uploads\/2020\/11\/003-ziehen-Kopie-scaled.jpg\" class=\"wp-image-12902 avia-img-lazy-loading-12902 attachment-no scaling size-no scaling wp-post-image\" alt=\"\" decoding=\"async\" loading=\"lazy\" srcset=\"https:\/\/www.galerie-braunbehrens.de\/wp-content\/uploads\/2020\/11\/003-ziehen-Kopie-scaled.jpg 1901w, https:\/\/www.galerie-braunbehrens.de\/wp-content\/uploads\/2020\/11\/003-ziehen-Kopie-223x300.jpg 223w, https:\/\/www.galerie-braunbehrens.de\/wp-content\/uploads\/2020\/11\/003-ziehen-Kopie-765x1030.jpg 765w, https:\/\/www.galerie-braunbehrens.de\/wp-content\/uploads\/2020\/11\/003-ziehen-Kopie-768x1034.jpg 768w, https:\/\/www.galerie-braunbehrens.de\/wp-content\/uploads\/2020\/11\/003-ziehen-Kopie-1141x1536.jpg 1141w, https:\/\/www.galerie-braunbehrens.de\/wp-content\/uploads\/2020\/11\/003-ziehen-Kopie-1521x2048.jpg 1521w, https:\/\/www.galerie-braunbehrens.de\/wp-content\/uploads\/2020\/11\/003-ziehen-Kopie-1114x1500.jpg 1114w, https:\/\/www.galerie-braunbehrens.de\/wp-content\/uploads\/2020\/11\/003-ziehen-Kopie-524x705.jpg 524w\" sizes=\"(max-width: 1901px) 100vw, 1901px\" \/><\/a><div class='slide-content'><header class=\"entry-content-header\"><h3 class='slide-entry-title entry-title'  itemprop=\"headline\" ><a href='https:\/\/www.galerie-braunbehrens.de\/en\/editions-and-unique-pieces\/joerg-mandernach-editions\/joerg-mandernach-ziehen\/' title='J\u00f6rg Mandernach, ziehen'>J\u00f6rg Mandernach, ziehen<\/a><\/h3><span class=\"av-vertical-delimiter\"><\/span><\/header><div class='slide-meta'><time class='slide-meta-time updated'  itemprop=\"datePublished\" datetime=\"2021-04-12T09:05:53+02:00\" >12. April 2021<\/time><\/div><div class='slide-entry-excerpt entry-content'  itemprop=\"text\" ><div class=\"read-more-link\"><a href=\"https:\/\/www.galerie-braunbehrens.de\/en\/editions-and-unique-pieces\/joerg-mandernach-editions\/joerg-mandernach-ziehen\/\" class=\"more-link\">Read more<\/a><\/div><\/div><\/div><footer class=\"entry-footer\"><\/footer><span class='hidden'>\n\t\t\t\t<span class='av-structured-data'  itemprop=\"image\" itemscope=\"itemscope\" itemtype=\"https:\/\/schema.org\/ImageObject\" >\n\t\t\t\t\t\t<span itemprop='url'>https:\/\/www.galerie-braunbehrens.de\/wp-content\/uploads\/2020\/11\/003-ziehen-Kopie-scaled.jpg<\/span>\n\t\t\t\t\t\t<span itemprop='height'>2560<\/span>\n\t\t\t\t\t\t<span itemprop='width'>1901<\/span>\n\t\t\t\t<\/span>\n\t\t\t\t<span class='av-structured-data'  itemprop=\"publisher\" itemtype=\"https:\/\/schema.org\/Organization\" itemscope=\"itemscope\" >\n\t\t\t\t\t\t<span itemprop='name'>Anna Nerobova<\/span>\n\t\t\t\t\t\t<span itemprop='logo' itemscope itemtype='https:\/\/schema.org\/ImageObject'>\n\t\t\t\t\t\t\t<span itemprop='url'>https:\/\/www.galerie-braunbehrens.de\/wp-content\/uploads\/2018\/09\/logo.svg<\/span>\n\t\t\t\t\t\t <\/span>\n\t\t\t\t<\/span><span class='av-structured-data'  itemprop=\"author\" itemscope=\"itemscope\" itemtype=\"https:\/\/schema.org\/Person\" ><span itemprop='name'>Anna Nerobova<\/span><\/span><span class='av-structured-data'  itemprop=\"datePublished\" datetime=\"2021-04-12T08:55:32+02:00\" >2021-04-12 09:05:53<\/span><span class='av-structured-data'  itemprop=\"dateModified\" itemtype=\"https:\/\/schema.org\/dateModified\" >2021-04-12 09:13:23<\/span><span class='av-structured-data'  itemprop=\"mainEntityOfPage\" itemtype=\"https:\/\/schema.org\/mainEntityOfPage\" ><span itemprop='name'>J\u00f6rg Mandernach, ziehen<\/span><\/span><\/span><\/article><article class='slide-entry flex_column  post-entry post-entry-14454 slide-entry-overview slide-loop-4 slide-parity-even  av_one_fourth  real-thumbnail'  itemscope=\"itemscope\" itemtype=\"https:\/\/schema.org\/BlogPosting\" itemprop=\"blogPost\" ><a href='https:\/\/www.galerie-braunbehrens.de\/en\/editions-and-unique-pieces\/joerg-mandernach-editions\/joerg-mandernach-linien-und\/' data-rel='slide-2' class='slide-image' title=''><img width=\"1901\" height=\"2560\" src=\"https:\/\/www.galerie-braunbehrens.de\/wp-content\/uploads\/2020\/11\/004-linien-Kopie-scaled.jpg\" class=\"wp-image-12907 avia-img-lazy-loading-12907 attachment-no scaling size-no scaling wp-post-image\" alt=\"\" decoding=\"async\" loading=\"lazy\" srcset=\"https:\/\/www.galerie-braunbehrens.de\/wp-content\/uploads\/2020\/11\/004-linien-Kopie-scaled.jpg 1901w, https:\/\/www.galerie-braunbehrens.de\/wp-content\/uploads\/2020\/11\/004-linien-Kopie-223x300.jpg 223w, https:\/\/www.galerie-braunbehrens.de\/wp-content\/uploads\/2020\/11\/004-linien-Kopie-765x1030.jpg 765w, https:\/\/www.galerie-braunbehrens.de\/wp-content\/uploads\/2020\/11\/004-linien-Kopie-768x1034.jpg 768w, https:\/\/www.galerie-braunbehrens.de\/wp-content\/uploads\/2020\/11\/004-linien-Kopie-1141x1536.jpg 1141w, https:\/\/www.galerie-braunbehrens.de\/wp-content\/uploads\/2020\/11\/004-linien-Kopie-1521x2048.jpg 1521w, https:\/\/www.galerie-braunbehrens.de\/wp-content\/uploads\/2020\/11\/004-linien-Kopie-1114x1500.jpg 1114w, https:\/\/www.galerie-braunbehrens.de\/wp-content\/uploads\/2020\/11\/004-linien-Kopie-524x705.jpg 524w\" sizes=\"(max-width: 1901px) 100vw, 1901px\" \/><\/a><div class='slide-content'><header class=\"entry-content-header\"><h3 class='slide-entry-title entry-title'  itemprop=\"headline\" ><a href='https:\/\/www.galerie-braunbehrens.de\/en\/editions-and-unique-pieces\/joerg-mandernach-editions\/joerg-mandernach-linien-und\/' title='J\u00f6rg Mandernach, linien und'>J\u00f6rg Mandernach, linien und<\/a><\/h3><span class=\"av-vertical-delimiter\"><\/span><\/header><div class='slide-meta'><time class='slide-meta-time updated'  itemprop=\"datePublished\" datetime=\"2021-04-12T09:03:15+02:00\" >12. April 2021<\/time><\/div><div class='slide-entry-excerpt entry-content'  itemprop=\"text\" ><div class=\"read-more-link\"><a href=\"https:\/\/www.galerie-braunbehrens.de\/en\/editions-and-unique-pieces\/joerg-mandernach-editions\/joerg-mandernach-linien-und\/\" class=\"more-link\">Read more<\/a><\/div><\/div><\/div><footer class=\"entry-footer\"><\/footer><span class='hidden'>\n\t\t\t\t<span class='av-structured-data'  itemprop=\"image\" itemscope=\"itemscope\" itemtype=\"https:\/\/schema.org\/ImageObject\" >\n\t\t\t\t\t\t<span itemprop='url'>https:\/\/www.galerie-braunbehrens.de\/wp-content\/uploads\/2020\/11\/004-linien-Kopie-scaled.jpg<\/span>\n\t\t\t\t\t\t<span itemprop='height'>2560<\/span>\n\t\t\t\t\t\t<span itemprop='width'>1901<\/span>\n\t\t\t\t<\/span>\n\t\t\t\t<span class='av-structured-data'  itemprop=\"publisher\" itemtype=\"https:\/\/schema.org\/Organization\" itemscope=\"itemscope\" >\n\t\t\t\t\t\t<span itemprop='name'>Anna Nerobova<\/span>\n\t\t\t\t\t\t<span itemprop='logo' itemscope itemtype='https:\/\/schema.org\/ImageObject'>\n\t\t\t\t\t\t\t<span itemprop='url'>https:\/\/www.galerie-braunbehrens.de\/wp-content\/uploads\/2018\/09\/logo.svg<\/span>\n\t\t\t\t\t\t <\/span>\n\t\t\t\t<\/span><span class='av-structured-data'  itemprop=\"author\" itemscope=\"itemscope\" itemtype=\"https:\/\/schema.org\/Person\" ><span itemprop='name'>Anna Nerobova<\/span><\/span><span class='av-structured-data'  itemprop=\"datePublished\" datetime=\"2021-04-12T08:55:32+02:00\" >2021-04-12 09:03:15<\/span><span class='av-structured-data'  itemprop=\"dateModified\" itemtype=\"https:\/\/schema.org\/dateModified\" >2021-04-12 09:13:34<\/span><span class='av-structured-data'  itemprop=\"mainEntityOfPage\" itemtype=\"https:\/\/schema.org\/mainEntityOfPage\" ><span itemprop='name'>J\u00f6rg Mandernach, linien und<\/span><\/span><\/span><\/article><\/div><div class='slide-entry-wrap'><article class='slide-entry flex_column  post-entry post-entry-14451 slide-entry-overview slide-loop-5 slide-parity-odd  av_one_fourth first real-thumbnail'  itemscope=\"itemscope\" itemtype=\"https:\/\/schema.org\/BlogPosting\" itemprop=\"blogPost\" ><a href='https:\/\/www.galerie-braunbehrens.de\/en\/editions-and-unique-pieces\/joerg-mandernach-editions\/joerg-mandernach-wolken\/' data-rel='slide-2' class='slide-image' title=''><img width=\"1901\" height=\"2560\" src=\"https:\/\/www.galerie-braunbehrens.de\/wp-content\/uploads\/2020\/11\/005-wolken-Kopie-scaled.jpg\" class=\"wp-image-12912 avia-img-lazy-loading-12912 attachment-no scaling size-no scaling wp-post-image\" alt=\"\" decoding=\"async\" loading=\"lazy\" srcset=\"https:\/\/www.galerie-braunbehrens.de\/wp-content\/uploads\/2020\/11\/005-wolken-Kopie-scaled.jpg 1901w, https:\/\/www.galerie-braunbehrens.de\/wp-content\/uploads\/2020\/11\/005-wolken-Kopie-223x300.jpg 223w, https:\/\/www.galerie-braunbehrens.de\/wp-content\/uploads\/2020\/11\/005-wolken-Kopie-765x1030.jpg 765w, https:\/\/www.galerie-braunbehrens.de\/wp-content\/uploads\/2020\/11\/005-wolken-Kopie-768x1034.jpg 768w, https:\/\/www.galerie-braunbehrens.de\/wp-content\/uploads\/2020\/11\/005-wolken-Kopie-1141x1536.jpg 1141w, https:\/\/www.galerie-braunbehrens.de\/wp-content\/uploads\/2020\/11\/005-wolken-Kopie-1521x2048.jpg 1521w, https:\/\/www.galerie-braunbehrens.de\/wp-content\/uploads\/2020\/11\/005-wolken-Kopie-1114x1500.jpg 1114w, https:\/\/www.galerie-braunbehrens.de\/wp-content\/uploads\/2020\/11\/005-wolken-Kopie-524x705.jpg 524w\" sizes=\"(max-width: 1901px) 100vw, 1901px\" \/><\/a><div class='slide-content'><header class=\"entry-content-header\"><h3 class='slide-entry-title entry-title'  itemprop=\"headline\" ><a href='https:\/\/www.galerie-braunbehrens.de\/en\/editions-and-unique-pieces\/joerg-mandernach-editions\/joerg-mandernach-wolken\/' title='J\u00f6rg Mandernach, wolken'>J\u00f6rg Mandernach, wolken<\/a><\/h3><span class=\"av-vertical-delimiter\"><\/span><\/header><div class='slide-meta'><time class='slide-meta-time updated'  itemprop=\"datePublished\" datetime=\"2021-04-12T09:01:12+02:00\" >12. April 2021<\/time><\/div><div class='slide-entry-excerpt entry-content'  itemprop=\"text\" ><div class=\"read-more-link\"><a href=\"https:\/\/www.galerie-braunbehrens.de\/en\/editions-and-unique-pieces\/joerg-mandernach-editions\/joerg-mandernach-wolken\/\" class=\"more-link\">Read more<\/a><\/div><\/div><\/div><footer class=\"entry-footer\"><\/footer><span class='hidden'>\n\t\t\t\t<span class='av-structured-data'  itemprop=\"image\" itemscope=\"itemscope\" itemtype=\"https:\/\/schema.org\/ImageObject\" >\n\t\t\t\t\t\t<span itemprop='url'>https:\/\/www.galerie-braunbehrens.de\/wp-content\/uploads\/2020\/11\/005-wolken-Kopie-scaled.jpg<\/span>\n\t\t\t\t\t\t<span itemprop='height'>2560<\/span>\n\t\t\t\t\t\t<span itemprop='width'>1901<\/span>\n\t\t\t\t<\/span>\n\t\t\t\t<span class='av-structured-data'  itemprop=\"publisher\" itemtype=\"https:\/\/schema.org\/Organization\" itemscope=\"itemscope\" >\n\t\t\t\t\t\t<span itemprop='name'>Anna Nerobova<\/span>\n\t\t\t\t\t\t<span itemprop='logo' itemscope itemtype='https:\/\/schema.org\/ImageObject'>\n\t\t\t\t\t\t\t<span itemprop='url'>https:\/\/www.galerie-braunbehrens.de\/wp-content\/uploads\/2018\/09\/logo.svg<\/span>\n\t\t\t\t\t\t <\/span>\n\t\t\t\t<\/span><span class='av-structured-data'  itemprop=\"author\" itemscope=\"itemscope\" itemtype=\"https:\/\/schema.org\/Person\" ><span itemprop='name'>Anna Nerobova<\/span><\/span><span class='av-structured-data'  itemprop=\"datePublished\" datetime=\"2021-04-12T08:55:32+02:00\" >2021-04-12 09:01:12<\/span><span class='av-structured-data'  itemprop=\"dateModified\" itemtype=\"https:\/\/schema.org\/dateModified\" >2021-04-12 09:13:44<\/span><span class='av-structured-data'  itemprop=\"mainEntityOfPage\" itemtype=\"https:\/\/schema.org\/mainEntityOfPage\" ><span itemprop='name'>J\u00f6rg Mandernach, wolken<\/span><\/span><\/span><\/article><article class='slide-entry flex_column  post-entry post-entry-14448 slide-entry-overview slide-loop-6 slide-parity-even  av_one_fourth  real-thumbnail'  itemscope=\"itemscope\" itemtype=\"https:\/\/schema.org\/BlogPosting\" itemprop=\"blogPost\" ><a href='https:\/\/www.galerie-braunbehrens.de\/en\/editions-and-unique-pieces\/joerg-mandernach-editions\/joerg-mandernach-deiner\/' data-rel='slide-2' class='slide-image' title=''><img width=\"1901\" height=\"2560\" src=\"https:\/\/www.galerie-braunbehrens.de\/wp-content\/uploads\/2020\/11\/006-deiner-Kopie-scaled.jpg\" class=\"wp-image-12917 avia-img-lazy-loading-12917 attachment-no scaling size-no scaling wp-post-image\" alt=\"\" decoding=\"async\" loading=\"lazy\" srcset=\"https:\/\/www.galerie-braunbehrens.de\/wp-content\/uploads\/2020\/11\/006-deiner-Kopie-scaled.jpg 1901w, https:\/\/www.galerie-braunbehrens.de\/wp-content\/uploads\/2020\/11\/006-deiner-Kopie-223x300.jpg 223w, https:\/\/www.galerie-braunbehrens.de\/wp-content\/uploads\/2020\/11\/006-deiner-Kopie-765x1030.jpg 765w, https:\/\/www.galerie-braunbehrens.de\/wp-content\/uploads\/2020\/11\/006-deiner-Kopie-768x1034.jpg 768w, https:\/\/www.galerie-braunbehrens.de\/wp-content\/uploads\/2020\/11\/006-deiner-Kopie-1141x1536.jpg 1141w, https:\/\/www.galerie-braunbehrens.de\/wp-content\/uploads\/2020\/11\/006-deiner-Kopie-1521x2048.jpg 1521w, https:\/\/www.galerie-braunbehrens.de\/wp-content\/uploads\/2020\/11\/006-deiner-Kopie-1114x1500.jpg 1114w, https:\/\/www.galerie-braunbehrens.de\/wp-content\/uploads\/2020\/11\/006-deiner-Kopie-524x705.jpg 524w\" sizes=\"(max-width: 1901px) 100vw, 1901px\" \/><\/a><div class='slide-content'><header class=\"entry-content-header\"><h3 class='slide-entry-title entry-title'  itemprop=\"headline\" ><a href='https:\/\/www.galerie-braunbehrens.de\/en\/editions-and-unique-pieces\/joerg-mandernach-editions\/joerg-mandernach-deiner\/' title='J\u00f6rg Mandernach, deiner'>J\u00f6rg Mandernach, deiner<\/a><\/h3><span class=\"av-vertical-delimiter\"><\/span><\/header><div class='slide-meta'><time class='slide-meta-time updated'  itemprop=\"datePublished\" datetime=\"2021-04-12T08:58:41+02:00\" >12. April 2021<\/time><\/div><div class='slide-entry-excerpt entry-content'  itemprop=\"text\" ><div class=\"read-more-link\"><a href=\"https:\/\/www.galerie-braunbehrens.de\/en\/editions-and-unique-pieces\/joerg-mandernach-editions\/joerg-mandernach-deiner\/\" class=\"more-link\">Read more<\/a><\/div><\/div><\/div><footer class=\"entry-footer\"><\/footer><span class='hidden'>\n\t\t\t\t<span class='av-structured-data'  itemprop=\"image\" itemscope=\"itemscope\" itemtype=\"https:\/\/schema.org\/ImageObject\" >\n\t\t\t\t\t\t<span itemprop='url'>https:\/\/www.galerie-braunbehrens.de\/wp-content\/uploads\/2020\/11\/006-deiner-Kopie-scaled.jpg<\/span>\n\t\t\t\t\t\t<span itemprop='height'>2560<\/span>\n\t\t\t\t\t\t<span itemprop='width'>1901<\/span>\n\t\t\t\t<\/span>\n\t\t\t\t<span class='av-structured-data'  itemprop=\"publisher\" itemtype=\"https:\/\/schema.org\/Organization\" itemscope=\"itemscope\" >\n\t\t\t\t\t\t<span itemprop='name'>Anna Nerobova<\/span>\n\t\t\t\t\t\t<span itemprop='logo' itemscope itemtype='https:\/\/schema.org\/ImageObject'>\n\t\t\t\t\t\t\t<span itemprop='url'>https:\/\/www.galerie-braunbehrens.de\/wp-content\/uploads\/2018\/09\/logo.svg<\/span>\n\t\t\t\t\t\t <\/span>\n\t\t\t\t<\/span><span class='av-structured-data'  itemprop=\"author\" itemscope=\"itemscope\" itemtype=\"https:\/\/schema.org\/Person\" ><span itemprop='name'>Anna Nerobova<\/span><\/span><span class='av-structured-data'  itemprop=\"datePublished\" datetime=\"2021-04-12T08:55:32+02:00\" >2021-04-12 08:58:41<\/span><span class='av-structured-data'  itemprop=\"dateModified\" itemtype=\"https:\/\/schema.org\/dateModified\" >2021-04-12 09:13:55<\/span><span class='av-structured-data'  itemprop=\"mainEntityOfPage\" itemtype=\"https:\/\/schema.org\/mainEntityOfPage\" ><span itemprop='name'>J\u00f6rg Mandernach, deiner<\/span><\/span><\/span><\/article><article class='slide-entry flex_column  post-entry post-entry-14445 slide-entry-overview slide-loop-7 slide-parity-odd  post-entry-last  av_one_fourth  real-thumbnail'  itemscope=\"itemscope\" itemtype=\"https:\/\/schema.org\/BlogPosting\" itemprop=\"blogPost\" ><a href='https:\/\/www.galerie-braunbehrens.de\/en\/editions-and-unique-pieces\/joerg-mandernach-editions\/joerg-mandernach-wege\/' data-rel='slide-2' class='slide-image' title=''><img width=\"1901\" height=\"2560\" src=\"https:\/\/www.galerie-braunbehrens.de\/wp-content\/uploads\/2020\/11\/007-wege-Kopie-scaled.jpg\" class=\"wp-image-12922 avia-img-lazy-loading-12922 attachment-no scaling size-no scaling wp-post-image\" alt=\"\" decoding=\"async\" loading=\"lazy\" srcset=\"https:\/\/www.galerie-braunbehrens.de\/wp-content\/uploads\/2020\/11\/007-wege-Kopie-scaled.jpg 1901w, https:\/\/www.galerie-braunbehrens.de\/wp-content\/uploads\/2020\/11\/007-wege-Kopie-223x300.jpg 223w, https:\/\/www.galerie-braunbehrens.de\/wp-content\/uploads\/2020\/11\/007-wege-Kopie-765x1030.jpg 765w, https:\/\/www.galerie-braunbehrens.de\/wp-content\/uploads\/2020\/11\/007-wege-Kopie-768x1034.jpg 768w, https:\/\/www.galerie-braunbehrens.de\/wp-content\/uploads\/2020\/11\/007-wege-Kopie-1141x1536.jpg 1141w, https:\/\/www.galerie-braunbehrens.de\/wp-content\/uploads\/2020\/11\/007-wege-Kopie-1521x2048.jpg 1521w, https:\/\/www.galerie-braunbehrens.de\/wp-content\/uploads\/2020\/11\/007-wege-Kopie-1114x1500.jpg 1114w, https:\/\/www.galerie-braunbehrens.de\/wp-content\/uploads\/2020\/11\/007-wege-Kopie-524x705.jpg 524w\" sizes=\"(max-width: 1901px) 100vw, 1901px\" \/><\/a><div class='slide-content'><header class=\"entry-content-header\"><h3 class='slide-entry-title entry-title'  itemprop=\"headline\" ><a href='https:\/\/www.galerie-braunbehrens.de\/en\/editions-and-unique-pieces\/joerg-mandernach-editions\/joerg-mandernach-wege\/' title='J\u00f6rg Mandernach, wege'>J\u00f6rg Mandernach, wege<\/a><\/h3><span class=\"av-vertical-delimiter\"><\/span><\/header><div class='slide-meta'><time class='slide-meta-time updated'  itemprop=\"datePublished\" datetime=\"2021-04-12T08:55:32+02:00\" >12. April 2021<\/time><\/div><div class='slide-entry-excerpt entry-content'  itemprop=\"text\" ><div class=\"read-more-link\"><a href=\"https:\/\/www.galerie-braunbehrens.de\/en\/editions-and-unique-pieces\/joerg-mandernach-editions\/joerg-mandernach-wege\/\" class=\"more-link\">Read more<\/a><\/div><\/div><\/div><footer class=\"entry-footer\"><\/footer><span class='hidden'>\n\t\t\t\t<span class='av-structured-data'  itemprop=\"image\" itemscope=\"itemscope\" itemtype=\"https:\/\/schema.org\/ImageObject\" >\n\t\t\t\t\t\t<span itemprop='url'>https:\/\/www.galerie-braunbehrens.de\/wp-content\/uploads\/2020\/11\/007-wege-Kopie-scaled.jpg<\/span>\n\t\t\t\t\t\t<span itemprop='height'>2560<\/span>\n\t\t\t\t\t\t<span itemprop='width'>1901<\/span>\n\t\t\t\t<\/span>\n\t\t\t\t<span class='av-structured-data'  itemprop=\"publisher\" itemtype=\"https:\/\/schema.org\/Organization\" itemscope=\"itemscope\" >\n\t\t\t\t\t\t<span itemprop='name'>Anna Nerobova<\/span>\n\t\t\t\t\t\t<span itemprop='logo' itemscope itemtype='https:\/\/schema.org\/ImageObject'>\n\t\t\t\t\t\t\t<span itemprop='url'>https:\/\/www.galerie-braunbehrens.de\/wp-content\/uploads\/2018\/09\/logo.svg<\/span>\n\t\t\t\t\t\t <\/span>\n\t\t\t\t<\/span><span class='av-structured-data'  itemprop=\"author\" itemscope=\"itemscope\" itemtype=\"https:\/\/schema.org\/Person\" ><span itemprop='name'>Anna Nerobova<\/span><\/span><span class='av-structured-data'  itemprop=\"datePublished\" datetime=\"2021-04-12T08:55:32+02:00\" >2021-04-12 08:55:32<\/span><span class='av-structured-data'  itemprop=\"dateModified\" itemtype=\"https:\/\/schema.org\/dateModified\" >2021-04-12 09:14:08<\/span><span class='av-structured-data'  itemprop=\"mainEntityOfPage\" itemtype=\"https:\/\/schema.org\/mainEntityOfPage\" ><span itemprop='name'>J\u00f6rg Mandernach, wege<\/span><\/span><\/span><\/article><\/div><\/div><\/div><\/p><\/div>\n<\/div><\/div><\/div><!-- close content main div --><\/div><\/div><div id='after_section_2'  class='main_color av_default_container_wrap container_wrap sidebar_right' style=' '  ><div class='container' ><div class='template-page content  av-content-small alpha units'><div class='post-entry post-entry-type-page post-entry-2879'><div class='entry-content-wrapper clearfix'>\n<\/div><\/div><\/div><!-- close content main div --><\/div><\/div><div id='av_section_3'  class='avia-section main_color avia-section-default avia-no-border-styling  avia-bg-style-scroll  single-artist-exibitions-list  container_wrap sidebar_right' style=' '  ><div class='container' ><div class='template-page content  av-content-small alpha units'><div class='post-entry post-entry-type-page post-entry-2879'><div class='entry-content-wrapper clearfix'>\n<div class=\"flex_column av_one_full  flex_column_div av-zero-column-padding first  \" style='border-radius:0px; '><p><div  style='padding-bottom:30px; ' class='av-special-heading av-special-heading-h3  blockquote modern-quote  '><h3 class='av-special-heading-tag '  itemprop=\"headline\"  >Exhibitions<\/h3><div class='special-heading-border'><div class='special-heading-inner-border' ><\/div><\/div><\/div><br \/>\n<section class=\"av_textblock_section \"  itemscope=\"itemscope\" itemtype=\"https:\/\/schema.org\/BlogPosting\" itemprop=\"blogPost\" ><div class='avia_textblock  '   itemprop=\"text\" ><ul class=\"ecs-event-list\"><li class=\"ecs-event exhibitions_ecs_category\"><a href=\"https:\/\/www.galerie-braunbehrens.de\/en\/event\/editionen-und-unikate\/\"><img width=\"400\" height=\"200\" src=\"https:\/\/www.galerie-braunbehrens.de\/wp-content\/uploads\/2020\/11\/Editionen-und-Unikate_Bild1-400x200.jpg\" class=\"wp-image-13225 avia-img-lazy-loading-13225 attachment-artist-loop size-artist-loop wp-post-image\" alt=\"\" decoding=\"async\" loading=\"lazy\" \/><\/a><h4 class=\"entry-title summary\"><a href=\"https:\/\/www.galerie-braunbehrens.de\/en\/event\/editionen-und-unikate\/\" rel=\"bookmark\">Editionen und Unikate<\/a><\/h4><span class=\"duration time\"><span class=\"tribe-event-date-start\">27.11.2020<\/span> - <span class=\"tribe-event-date-end\">15.01.2021<\/span><\/span><\/li><\/ul><script type=\"application\/ld+json\">\r\n[{\"@context\":\"http:\/\/schema.org\",\"@type\":\"Event\",\"name\":\"Editionen und Unikate\",\"description\":\"&lt;p&gt;From 27th November 2020 by 15th January 2021 The exhibition &quot;Editionen und Unikate&quot; shows the broad spectrum of the gallery, which is located in the heart of Stuttgart. On the one hand, there are works to be discovered that are reminiscent of the exhibitions seen - works that are edited with an edition, but which [&hellip;]&lt;\/p&gt;\\\\n\",\"image\":\"https:\/\/www.galerie-braunbehrens.de\/wp-content\/uploads\/2020\/11\/Editionen-und-Unikate_Bild1.jpg\",\"url\":\"https:\/\/www.galerie-braunbehrens.de\/en\/event\/editionen-und-unikate\/\",\"startDate\":\"2020-11-27T00:00:00+01:00\",\"endDate\":\"2021-01-15T23:59:59+01:00\",\"performer\":\"Organization\"}]\r\n<\/script>\n<p><ul class=\"ecs-event-list\"><li class=\"ecs-event exhibitions_ecs_category\"><a href=\"https:\/\/www.galerie-braunbehrens.de\/en\/event\/5-jahre-galerie-von-braunbehrens\/\"><img width=\"400\" height=\"200\" src=\"https:\/\/www.galerie-braunbehrens.de\/wp-content\/uploads\/2020\/07\/Galerie-Sommerfest-Karte-400x200.jpg\" class=\"wp-image-11432 avia-img-lazy-loading-11432 attachment-artist-loop size-artist-loop wp-post-image\" alt=\"\" decoding=\"async\" loading=\"lazy\" \/><\/a><h4 class=\"entry-title summary\"><a href=\"https:\/\/www.galerie-braunbehrens.de\/en\/event\/5-jahre-galerie-von-braunbehrens\/\" rel=\"bookmark\">5 years Galerie von Braunbehrens<\/a><\/h4><span class=\"duration time\"><span class=\"tribe-event-date-start\">03.08.2020<\/span> - <span class=\"tribe-event-date-end\">04.09.2020<\/span><\/span><\/li><\/ul><script type=\"application\/ld+json\">\r\n[{\"@context\":\"http:\/\/schema.org\",\"@type\":\"Event\",\"name\":\"5 years Galerie von Braunbehrens\",\"description\":\"&lt;p&gt;From 3rd August 2020 up to 4th September 2020 With its ambitious exhibition program, the Galerie von Braunbehrens is an established name in the art scene in Stuttgart and in Germany. It regularly shows solo and group exhibitions of internationally successful artists on 500 square meters of space. From 1978 to 2014 the gallery was [&hellip;]&lt;\/p&gt;\\\\n\",\"image\":\"https:\/\/www.galerie-braunbehrens.de\/wp-content\/uploads\/2020\/07\/Galerie-Sommerfest-Karte.jpg\",\"url\":\"https:\/\/www.galerie-braunbehrens.de\/en\/event\/5-jahre-galerie-von-braunbehrens\/\",\"startDate\":\"2020-08-03T00:00:00+02:00\",\"endDate\":\"2020-09-04T23:59:59+02:00\",\"performer\":\"Organization\"}]\r\n<\/script><br \/>\n<ul class=\"ecs-event-list\"><li class=\"ecs-event exhibitions_ecs_category\"><a href=\"https:\/\/www.galerie-braunbehrens.de\/en\/event\/accrochage\/\"><img width=\"400\" height=\"200\" src=\"https:\/\/www.galerie-braunbehrens.de\/wp-content\/uploads\/2019\/01\/Accrochage-400x200.png\" class=\"wp-image-5735 avia-img-lazy-loading-5735 attachment-artist-loop size-artist-loop wp-post-image\" alt=\"\" decoding=\"async\" loading=\"lazy\" \/><\/a><h4 class=\"entry-title summary\"><a href=\"https:\/\/www.galerie-braunbehrens.de\/en\/event\/accrochage\/\" rel=\"bookmark\">Accrochage<\/a><\/h4><span class=\"duration time\"><span class=\"tribe-event-date-start\">15.12.2018<\/span> - <span class=\"tribe-event-date-end\">22.12.2018<\/span><\/span><\/li><\/ul><script type=\"application\/ld+json\">\r\n[{\"@context\":\"http:\/\/schema.org\",\"@type\":\"Event\",\"name\":\"Accrochage\",\"description\":\"&lt;p&gt;From 15th December 2018 until 22nd December 2018&lt;\/p&gt;\\\\n\",\"image\":\"https:\/\/www.galerie-braunbehrens.de\/wp-content\/uploads\/2019\/01\/Accrochage.png\",\"url\":\"https:\/\/www.galerie-braunbehrens.de\/en\/event\/accrochage\/\",\"startDate\":\"2018-12-15T00:00:00+01:00\",\"endDate\":\"2018-12-22T23:59:59+01:00\",\"performer\":\"Organization\"}]\r\n<\/script><\/p>\n<ul class=\"ecs-event-list\"><li class=\"ecs-event exhibitions_ecs_category\"><a href=\"https:\/\/www.galerie-braunbehrens.de\/en\/event\/ackermann-mandernach-steng\/\"><img width=\"400\" height=\"200\" src=\"https:\/\/www.galerie-braunbehrens.de\/wp-content\/uploads\/2019\/01\/api16-400x200.jpg\" class=\"wp-image-6278 avia-img-lazy-loading-6278 attachment-artist-loop size-artist-loop wp-post-image\" alt=\"\" decoding=\"async\" loading=\"lazy\" \/><\/a><h4 class=\"entry-title summary\"><a href=\"https:\/\/www.galerie-braunbehrens.de\/en\/event\/ackermann-mandernach-steng\/\" rel=\"bookmark\">Ackermann &#8211; Mandernach &#8211; Steng<\/a><\/h4><span class=\"duration time\"><span class=\"tribe-event-date-start\">30.01.2016<\/span> - <span class=\"tribe-event-date-end\">26.03.2016<\/span><\/span><\/li><\/ul><script type=\"application\/ld+json\">\r\n[{\"@context\":\"http:\/\/schema.org\",\"@type\":\"Event\",\"name\":\"Ackermann &#8211; Mandernach &#8211; Steng\",\"description\":\"&lt;p&gt;From 30th January 2016 until 26th March 2016&lt;\/p&gt;\\\\n\",\"image\":\"https:\/\/www.galerie-braunbehrens.de\/wp-content\/uploads\/2019\/01\/api16.jpg\",\"url\":\"https:\/\/www.galerie-braunbehrens.de\/en\/event\/ackermann-mandernach-steng\/\",\"startDate\":\"2016-01-30T00:00:00+01:00\",\"endDate\":\"2016-03-26T23:59:59+01:00\",\"performer\":\"Organization\"}]\r\n<\/script>\n<\/div><\/section><\/p><\/div>\n<\/div><\/div><\/div><!-- close content main div --><\/div><\/div><div id='after_section_3'  class='main_color av_default_container_wrap container_wrap sidebar_right' style=' '  ><div class='container' ><div class='template-page content  av-content-small alpha units'><div class='post-entry post-entry-type-page post-entry-2879'><div class='entry-content-wrapper clearfix'>\n","protected":false},"excerpt":{"rendered":"","protected":false},"author":7,"featured_media":2167,"comment_status":"closed","ping_status":"closed","sticky":false,"template":"","format":"standard","meta":[],"categories":[],"tags":[520,535,503,102],"aioseo_notices":[],"_links":{"self":[{"href":"https:\/\/www.galerie-braunbehrens.de\/en\/wp-json\/wp\/v2\/posts\/2879"}],"collection":[{"href":"https:\/\/www.galerie-braunbehrens.de\/en\/wp-json\/wp\/v2\/posts"}],"about":[{"href":"https:\/\/www.galerie-braunbehrens.de\/en\/wp-json\/wp\/v2\/types\/post"}],"author":[{"embeddable":true,"href":"https:\/\/www.galerie-braunbehrens.de\/en\/wp-json\/wp\/v2\/users\/7"}],"replies":[{"embeddable":true,"href":"https:\/\/www.galerie-braunbehrens.de\/en\/wp-json\/wp\/v2\/comments?post=2879"}],"version-history":[{"count":11,"href":"https:\/\/www.galerie-braunbehrens.de\/en\/wp-json\/wp\/v2\/posts\/2879\/revisions"}],"predecessor-version":[{"id":14469,"href":"https:\/\/www.galerie-braunbehrens.de\/en\/wp-json\/wp\/v2\/posts\/2879\/revisions\/14469"}],"wp:featuredmedia":[{"embeddable":true,"href":"https:\/\/www.galerie-braunbehrens.de\/en\/wp-json\/wp\/v2\/media\/2167"}],"wp:attachment":[{"href":"https:\/\/www.galerie-braunbehrens.de\/en\/wp-json\/wp\/v2\/media?parent=2879"}],"wp:term":[{"taxonomy":"category","embeddable":true,"href":"https:\/\/www.galerie-braunbehrens.de\/en\/wp-json\/wp\/v2\/categories?post=2879"},{"taxonomy":"post_tag","embeddable":true,"href":"https:\/\/www.galerie-braunbehrens.de\/en\/wp-json\/wp\/v2\/tags?post=2879"}],"curies":[{"name":"wp","href":"https:\/\/api.w.org\/{rel}","templated":true}]}}