{"id":3961,"date":"2018-12-21T20:10:56","date_gmt":"2018-12-21T19:10:56","guid":{"rendered":"http:\/\/stage.galerie-braunbehrens.de\/?p=3961"},"modified":"2023-02-23T07:31:23","modified_gmt":"2023-02-23T06:31:23","slug":"andy-denzler-blur-motion-paintings","status":"publish","type":"post","link":"https:\/\/www.galerie-braunbehrens.de\/en\/catalogs\/andy-denzler-blur-motion-paintings\/","title":{"rendered":"Andy Denzler, Blur Motion Paintings"},"content":{"rendered":"<div class='flex_column_table av-equal-height-column-flextable av-break-at-tablet-flextable' ><div class=\"flex_column av_one_half  av-break-at-tablet flex_column_table_cell av-equal-height-column av-align-top av-zero-column-padding first  avia-builder-el-0  el_before_av_one_half  avia-builder-el-first  \" style='border-radius:0px; '><div  class='avia-image-container  av-styling-    avia-builder-el-1  avia-builder-el-no-sibling  avia-align-center '  itemprop=\"image\" itemscope=\"itemscope\" itemtype=\"https:\/\/schema.org\/ImageObject\"  ><div class='avia-image-container-inner'><div class='avia-image-overlay-wrap'><img decoding=\"async\" class='wp-image-3690 avia-img-lazy-loading-not-3690 avia_image' src=\"https:\/\/www.galerie-braunbehrens.de\/wp-content\/uploads\/2018\/12\/Blue-Motion.jpg\" alt='' title='Blue Motion' height=\"631\" width=\"800\"  itemprop=\"thumbnailUrl\" srcset=\"https:\/\/www.galerie-braunbehrens.de\/wp-content\/uploads\/2018\/12\/Blue-Motion.jpg 800w, https:\/\/www.galerie-braunbehrens.de\/wp-content\/uploads\/2018\/12\/Blue-Motion-300x237.jpg 300w, https:\/\/www.galerie-braunbehrens.de\/wp-content\/uploads\/2018\/12\/Blue-Motion-768x606.jpg 768w, https:\/\/www.galerie-braunbehrens.de\/wp-content\/uploads\/2018\/12\/Blue-Motion-705x556.jpg 705w, https:\/\/www.galerie-braunbehrens.de\/wp-content\/uploads\/2018\/12\/Blue-Motion-450x355.jpg 450w\" sizes=\"(max-width: 800px) 100vw, 800px\" \/><\/div><\/div><\/div><\/div>\n<div class='av-flex-placeholder'><\/div><div class=\"flex_column av_one_half  av-break-at-tablet flex_column_table_cell av-equal-height-column av-align-top av-zero-column-padding   avia-builder-el-2  el_after_av_one_half  avia-builder-el-last  \" style='border-radius:0px; '><p><div  style='padding-bottom:10px; ' class='av-special-heading av-special-heading-h3  blockquote modern-quote  avia-builder-el-3  el_before_av_textblock  avia-builder-el-first  '><h3 class='av-special-heading-tag '  itemprop=\"headline\"  >Andy Denzler, Blur Motion Paintings<\/h3><div class='special-heading-border'><div class='special-heading-inner-border' ><\/div><\/div><\/div><br \/>\n<section class=\"av_textblock_section \"  itemscope=\"itemscope\" itemtype=\"https:\/\/schema.org\/BlogPosting\" itemprop=\"blogPost\" ><div class='avia_textblock  '   itemprop=\"text\" ><p>96 pages with numerous pictures,<br \/>\ntext by Hans Joachim M\u00fcller and Jo\u00e3o Silv\u00e9rio\u00a0(German\/English\/Spain),<br \/>\nbiography, exhibitions (selection), 2008<br \/>\nHardcover<br \/>\nPrice: 25,- Euro + shipping costs<\/p>\n<\/div><\/section><br \/>\n<section class=\"av_textblock_section \"  itemscope=\"itemscope\" itemtype=\"https:\/\/schema.org\/BlogPosting\" itemprop=\"blogPost\" ><div class='avia_textblock  '   itemprop=\"text\" ><p>The catalog can be ordered through our contact\u00a0<strong>art@galerie-braunbehrens.de<\/strong>.<\/p>\n<\/div><\/section><\/p><\/div><\/div><!--close column table wrapper. Autoclose: 1 -->\n","protected":false},"excerpt":{"rendered":"<p>96 pages with numerous pictures,<br \/>text by Hans Joachim M\u00fcller and Jo\u00e3o Silv\u00e9rio\u00a0(German\/English\/Spain),<br \/>biography, exhibitions (selection), 2008<br \/>Hardcover<br \/>Price: 25,- Euro + shipping costs<\/p>\n","protected":false},"author":7,"featured_media":3690,"comment_status":"closed","ping_status":"closed","sticky":false,"template":"","format":"standard","meta":[],"categories":[22],"tags":[86],"aioseo_notices":[],"_links":{"self":[{"href":"https:\/\/www.galerie-braunbehrens.de\/en\/wp-json\/wp\/v2\/posts\/3961"}],"collection":[{"href":"https:\/\/www.galerie-braunbehrens.de\/en\/wp-json\/wp\/v2\/posts"}],"about":[{"href":"https:\/\/www.galerie-braunbehrens.de\/en\/wp-json\/wp\/v2\/types\/post"}],"author":[{"embeddable":true,"href":"https:\/\/www.galerie-braunbehrens.de\/en\/wp-json\/wp\/v2\/users\/7"}],"replies":[{"embeddable":true,"href":"https:\/\/www.galerie-braunbehrens.de\/en\/wp-json\/wp\/v2\/comments?post=3961"}],"version-history":[{"count":13,"href":"https:\/\/www.galerie-braunbehrens.de\/en\/wp-json\/wp\/v2\/posts\/3961\/revisions"}],"predecessor-version":[{"id":19416,"href":"https:\/\/www.galerie-braunbehrens.de\/en\/wp-json\/wp\/v2\/posts\/3961\/revisions\/19416"}],"wp:featuredmedia":[{"embeddable":true,"href":"https:\/\/www.galerie-braunbehrens.de\/en\/wp-json\/wp\/v2\/media\/3690"}],"wp:attachment":[{"href":"https:\/\/www.galerie-braunbehrens.de\/en\/wp-json\/wp\/v2\/media?parent=3961"}],"wp:term":[{"taxonomy":"category","embeddable":true,"href":"https:\/\/www.galerie-braunbehrens.de\/en\/wp-json\/wp\/v2\/categories?post=3961"},{"taxonomy":"post_tag","embeddable":true,"href":"https:\/\/www.galerie-braunbehrens.de\/en\/wp-json\/wp\/v2\/tags?post=3961"}],"curies":[{"name":"wp","href":"https:\/\/api.w.org\/{rel}","templated":true}]}}